{"id":17213,"date":"2023-04-11T22:00:09","date_gmt":"2023-04-12T01:00:09","guid":{"rendered":"https:\/\/mobilitas.lat\/?p=17213"},"modified":"2023-04-11T22:14:30","modified_gmt":"2023-04-12T01:14:30","slug":"el-seminario-nacional-ntu-2023-promovido-por-la-asociacion-nacional-de-empresas-de-transporte-urbano-de-brasil-fue-anunciado-para-los-dias-8-y-9-de-agosto-en-brasilia","status":"publish","type":"post","link":"https:\/\/mobilitas.lat\/es\/2023\/04\/11\/el-seminario-nacional-ntu-2023-promovido-por-la-asociacion-nacional-de-empresas-de-transporte-urbano-de-brasil-fue-anunciado-para-los-dias-8-y-9-de-agosto-en-brasilia\/","title":{"rendered":"El &#8216;Seminario Nacional NTU 2023&#8217;, promovido por la Asociaci\u00f3n Nacional de Empresas de Transporte Urbano de Brasil, fue anunciado para los d\u00edas 8 y 9 de agosto en Brasilia"},"content":{"rendered":"\n<figure class=\"wp-block-image size-large\"><img loading=\"lazy\" decoding=\"async\" width=\"600\" height=\"346\" src=\"https:\/\/storage.mobilitas.lat\/uploads\/2023\/03\/MOBILITAS-NTU-SEMINARIO-NACIONAL-2023-IMAGEM-2B.jpg\" alt=\"\" class=\"wp-image-17219\" srcset=\"https:\/\/storage.mobilitas.lat\/uploads\/2023\/03\/MOBILITAS-NTU-SEMINARIO-NACIONAL-2023-IMAGEM-2B.jpg 600w, https:\/\/storage.mobilitas.lat\/uploads\/2023\/03\/MOBILITAS-NTU-SEMINARIO-NACIONAL-2023-IMAGEM-2B-300x173.jpg 300w\" sizes=\"auto, (max-width: 600px) 100vw, 600px\" \/><\/figure>\n\n\n\n<p>Est\u00e1 prevista para los d\u00edas 8 y 9 de agosto, en el Hotel Royal Tulip, en Brasilia, capital de Brasil, la realizaci\u00f3n del <em>Seminario Nacional NTU 2023<\/em>.<\/p>\n\n\n\n<p>El encuentro es promovido por la Asociaci\u00f3n Nacional de Empresas de Transporte Urbano (NTU), entidad que agrupa a empresas de transporte urbano e interurbano en autobuses de todo Brasil.<\/p>\n\n\n\n<p><strong>TEMAS<\/strong><\/p>\n\n\n\n<p>El programa detallado de la reuni\u00f3n se anunciar\u00e1 oportunamente. Los siguientes temas estar\u00e1n en la agenda:<\/p>\n\n\n\n<p>\u2022 Nuevo marco legal para el transporte p\u00fablico colectivo en Brasil<\/p>\n\n\n\n<p>\u2022 Financiaci\u00f3n del servicio (inversi\u00f3n y financiaci\u00f3n)<\/p>\n\n\n\n<p>\u2022 Descarbonizaci\u00f3n del transporte p\u00fablico<\/p>\n\n\n\n<p>\u2022 Innovaci\u00f3n y tecnolog\u00eda (ITS &#8212; Sistemas Inteligentes de Transporte, ticketing, gesti\u00f3n de flotas y otros)<\/p>\n\n\n\n<p>\u2022 Perfil empresarial del sector<\/p>\n\n\n\n<p><\/p>\n","protected":false},"excerpt":{"rendered":"<p>Est\u00e1 prevista para los d\u00edas 8 y 9 de agosto, en el Hotel Royal Tulip, en Brasilia, capital de Brasil, la realizaci\u00f3n del Seminario Nacional NTU 2023. El encuentro es promovido por la Asociaci\u00f3n Nacional de Empresas de Transporte Urbano (NTU), entidad que agrupa a empresas de transporte urbano e interurbano en autobuses de todo [&hellip;]<\/p>\n","protected":false},"author":2,"featured_media":17219,"comment_status":"closed","ping_status":"closed","sticky":false,"template":"","format":"standard","meta":{"footnotes":""},"categories":[287],"tags":[1475,1887,2016],"class_list":["post-17213","post","type-post","status-publish","format-standard","has-post-thumbnail","hentry","category-notas","tag-hecho","tag-seminario-nacional-ntu-es","tag-seminario-ntu-2023"],"yoast_head":"<!-- This site is optimized with the Yoast SEO plugin v26.9 - https:\/\/yoast.com\/product\/yoast-seo-wordpress\/ -->\n<title>El &#039;Seminario Nacional NTU 2023&#039;, promovido por la Asociaci\u00f3n Nacional de Empresas de Transporte Urbano de Brasil, fue anunciado para los d\u00edas 8 y 9 de agosto en Brasilia | Mobilitas<\/title>\n<meta name=\"robots\" content=\"index, follow, max-snippet:-1, max-image-preview:large, max-video-preview:-1\" \/>\n<link rel=\"canonical\" href=\"https:\/\/mobilitas.lat\/es\/2023\/04\/11\/el-seminario-nacional-ntu-2023-promovido-por-la-asociacion-nacional-de-empresas-de-transporte-urbano-de-brasil-fue-anunciado-para-los-dias-8-y-9-de-agosto-en-brasilia\/\" \/>\n<meta property=\"og:locale\" content=\"es_ES\" \/>\n<meta property=\"og:type\" content=\"article\" \/>\n<meta property=\"og:title\" content=\"El &#039;Seminario Nacional NTU 2023&#039;, promovido por la Asociaci\u00f3n Nacional de Empresas de Transporte Urbano de Brasil, fue anunciado para los d\u00edas 8 y 9 de agosto en Brasilia | Mobilitas\" \/>\n<meta property=\"og:description\" content=\"Est\u00e1 prevista para los d\u00edas 8 y 9 de agosto, en el Hotel Royal Tulip, en Brasilia, capital de Brasil, la realizaci\u00f3n del Seminario Nacional NTU 2023. El encuentro es promovido por la Asociaci\u00f3n Nacional de Empresas de Transporte Urbano (NTU), entidad que agrupa a empresas de transporte urbano e interurbano en autobuses de todo [&hellip;]\" \/>\n<meta property=\"og:url\" content=\"https:\/\/mobilitas.lat\/es\/2023\/04\/11\/el-seminario-nacional-ntu-2023-promovido-por-la-asociacion-nacional-de-empresas-de-transporte-urbano-de-brasil-fue-anunciado-para-los-dias-8-y-9-de-agosto-en-brasilia\/\" \/>\n<meta property=\"og:site_name\" content=\"Mobilitas\" \/>\n<meta property=\"article:published_time\" content=\"2023-04-12T01:00:09+00:00\" \/>\n<meta property=\"article:modified_time\" content=\"2023-04-12T01:14:30+00:00\" \/>\n<meta property=\"og:image\" content=\"https:\/\/storage.mobilitas.lat\/uploads\/2023\/03\/MOBILITAS-NTU-SEMINARIO-NACIONAL-2023-IMAGEM-2B.jpg\" \/>\n\t<meta property=\"og:image:width\" content=\"600\" \/>\n\t<meta property=\"og:image:height\" content=\"346\" \/>\n\t<meta property=\"og:image:type\" content=\"image\/jpeg\" \/>\n<meta name=\"author\" content=\"Alexandre Asquini\" \/>\n<meta name=\"twitter:card\" content=\"summary_large_image\" \/>\n<meta name=\"twitter:label1\" content=\"Written by\" \/>\n\t<meta name=\"twitter:data1\" content=\"Alexandre Asquini\" \/>\n\t<meta name=\"twitter:label2\" content=\"Est. reading time\" \/>\n\t<meta name=\"twitter:data2\" content=\"1 minute\" \/>\n<script type=\"application\/ld+json\" class=\"yoast-schema-graph\">{\"@context\":\"https:\/\/schema.org\",\"@graph\":[{\"@type\":\"Article\",\"@id\":\"https:\/\/mobilitas.lat\/es\/2023\/04\/11\/el-seminario-nacional-ntu-2023-promovido-por-la-asociacion-nacional-de-empresas-de-transporte-urbano-de-brasil-fue-anunciado-para-los-dias-8-y-9-de-agosto-en-brasilia\/#article\",\"isPartOf\":{\"@id\":\"https:\/\/mobilitas.lat\/es\/2023\/04\/11\/el-seminario-nacional-ntu-2023-promovido-por-la-asociacion-nacional-de-empresas-de-transporte-urbano-de-brasil-fue-anunciado-para-los-dias-8-y-9-de-agosto-en-brasilia\/\"},\"author\":{\"name\":\"Alexandre Asquini\",\"@id\":\"https:\/\/mobilitas.lat\/es\/#\/schema\/person\/cae0d01ccbe855d1858d146e4c4d582d\"},\"headline\":\"El &#8216;Seminario Nacional NTU 2023&#8217;, promovido por la Asociaci\u00f3n Nacional de Empresas de Transporte Urbano de Brasil, fue anunciado para los d\u00edas 8 y 9 de agosto en Brasilia\",\"datePublished\":\"2023-04-12T01:00:09+00:00\",\"dateModified\":\"2023-04-12T01:14:30+00:00\",\"mainEntityOfPage\":{\"@id\":\"https:\/\/mobilitas.lat\/es\/2023\/04\/11\/el-seminario-nacional-ntu-2023-promovido-por-la-asociacion-nacional-de-empresas-de-transporte-urbano-de-brasil-fue-anunciado-para-los-dias-8-y-9-de-agosto-en-brasilia\/\"},\"wordCount\":151,\"publisher\":{\"@id\":\"https:\/\/mobilitas.lat\/es\/#organization\"},\"image\":{\"@id\":\"https:\/\/mobilitas.lat\/es\/2023\/04\/11\/el-seminario-nacional-ntu-2023-promovido-por-la-asociacion-nacional-de-empresas-de-transporte-urbano-de-brasil-fue-anunciado-para-los-dias-8-y-9-de-agosto-en-brasilia\/#primaryimage\"},\"thumbnailUrl\":\"https:\/\/storage.mobilitas.lat\/uploads\/2023\/03\/MOBILITAS-NTU-SEMINARIO-NACIONAL-2023-IMAGEM-2B.jpg\",\"keywords\":[\"Hecho\",\"SEMIN\u00c1RIO NACIONAL NTU\",\"SEMINARIO NTU 2023\"],\"articleSection\":[\"Notas\"],\"inLanguage\":\"es-ES\"},{\"@type\":\"WebPage\",\"@id\":\"https:\/\/mobilitas.lat\/es\/2023\/04\/11\/el-seminario-nacional-ntu-2023-promovido-por-la-asociacion-nacional-de-empresas-de-transporte-urbano-de-brasil-fue-anunciado-para-los-dias-8-y-9-de-agosto-en-brasilia\/\",\"url\":\"https:\/\/mobilitas.lat\/es\/2023\/04\/11\/el-seminario-nacional-ntu-2023-promovido-por-la-asociacion-nacional-de-empresas-de-transporte-urbano-de-brasil-fue-anunciado-para-los-dias-8-y-9-de-agosto-en-brasilia\/\",\"name\":\"El 'Seminario Nacional NTU 2023', promovido por la Asociaci\u00f3n Nacional de Empresas de Transporte Urbano de Brasil, fue anunciado para los d\u00edas 8 y 9 de agosto en Brasilia | Mobilitas\",\"isPartOf\":{\"@id\":\"https:\/\/mobilitas.lat\/es\/#website\"},\"primaryImageOfPage\":{\"@id\":\"https:\/\/mobilitas.lat\/es\/2023\/04\/11\/el-seminario-nacional-ntu-2023-promovido-por-la-asociacion-nacional-de-empresas-de-transporte-urbano-de-brasil-fue-anunciado-para-los-dias-8-y-9-de-agosto-en-brasilia\/#primaryimage\"},\"image\":{\"@id\":\"https:\/\/mobilitas.lat\/es\/2023\/04\/11\/el-seminario-nacional-ntu-2023-promovido-por-la-asociacion-nacional-de-empresas-de-transporte-urbano-de-brasil-fue-anunciado-para-los-dias-8-y-9-de-agosto-en-brasilia\/#primaryimage\"},\"thumbnailUrl\":\"https:\/\/storage.mobilitas.lat\/uploads\/2023\/03\/MOBILITAS-NTU-SEMINARIO-NACIONAL-2023-IMAGEM-2B.jpg\",\"datePublished\":\"2023-04-12T01:00:09+00:00\",\"dateModified\":\"2023-04-12T01:14:30+00:00\",\"breadcrumb\":{\"@id\":\"https:\/\/mobilitas.lat\/es\/2023\/04\/11\/el-seminario-nacional-ntu-2023-promovido-por-la-asociacion-nacional-de-empresas-de-transporte-urbano-de-brasil-fue-anunciado-para-los-dias-8-y-9-de-agosto-en-brasilia\/#breadcrumb\"},\"inLanguage\":\"es-ES\",\"potentialAction\":[{\"@type\":\"ReadAction\",\"target\":[\"https:\/\/mobilitas.lat\/es\/2023\/04\/11\/el-seminario-nacional-ntu-2023-promovido-por-la-asociacion-nacional-de-empresas-de-transporte-urbano-de-brasil-fue-anunciado-para-los-dias-8-y-9-de-agosto-en-brasilia\/\"]}]},{\"@type\":\"ImageObject\",\"inLanguage\":\"es-ES\",\"@id\":\"https:\/\/mobilitas.lat\/es\/2023\/04\/11\/el-seminario-nacional-ntu-2023-promovido-por-la-asociacion-nacional-de-empresas-de-transporte-urbano-de-brasil-fue-anunciado-para-los-dias-8-y-9-de-agosto-en-brasilia\/#primaryimage\",\"url\":\"https:\/\/storage.mobilitas.lat\/uploads\/2023\/03\/MOBILITAS-NTU-SEMINARIO-NACIONAL-2023-IMAGEM-2B.jpg\",\"contentUrl\":\"https:\/\/storage.mobilitas.lat\/uploads\/2023\/03\/MOBILITAS-NTU-SEMINARIO-NACIONAL-2023-IMAGEM-2B.jpg\",\"width\":600,\"height\":346},{\"@type\":\"BreadcrumbList\",\"@id\":\"https:\/\/mobilitas.lat\/es\/2023\/04\/11\/el-seminario-nacional-ntu-2023-promovido-por-la-asociacion-nacional-de-empresas-de-transporte-urbano-de-brasil-fue-anunciado-para-los-dias-8-y-9-de-agosto-en-brasilia\/#breadcrumb\",\"itemListElement\":[{\"@type\":\"ListItem\",\"position\":1,\"name\":\"In\u00edcio\",\"item\":\"https:\/\/mobilitas.lat\/es\/\"},{\"@type\":\"ListItem\",\"position\":2,\"name\":\"El &#8216;Seminario Nacional NTU 2023&#8217;, promovido por la Asociaci\u00f3n Nacional de Empresas de Transporte Urbano de Brasil, fue anunciado para los d\u00edas 8 y 9 de agosto en Brasilia\"}]},{\"@type\":\"WebSite\",\"@id\":\"https:\/\/mobilitas.lat\/es\/#website\",\"url\":\"https:\/\/mobilitas.lat\/es\/\",\"name\":\"Mobilitas\",\"description\":\"Tecnologia e Mobilidade Urbana na Am\u00e9rica Latina\",\"publisher\":{\"@id\":\"https:\/\/mobilitas.lat\/es\/#organization\"},\"potentialAction\":[{\"@type\":\"SearchAction\",\"target\":{\"@type\":\"EntryPoint\",\"urlTemplate\":\"https:\/\/mobilitas.lat\/es\/?s={search_term_string}\"},\"query-input\":{\"@type\":\"PropertyValueSpecification\",\"valueRequired\":true,\"valueName\":\"search_term_string\"}}],\"inLanguage\":\"es-ES\"},{\"@type\":\"Organization\",\"@id\":\"https:\/\/mobilitas.lat\/es\/#organization\",\"name\":\"OTM Editora\",\"url\":\"https:\/\/mobilitas.lat\/es\/\",\"logo\":{\"@type\":\"ImageObject\",\"inLanguage\":\"es-ES\",\"@id\":\"https:\/\/mobilitas.lat\/es\/#\/schema\/logo\/image\/\",\"url\":\"https:\/\/mobilitas.lat\/wp-content\/uploads\/2024\/03\/opengraph.png\",\"contentUrl\":\"https:\/\/mobilitas.lat\/wp-content\/uploads\/2024\/03\/opengraph.png\",\"width\":1200,\"height\":630,\"caption\":\"OTM Editora\"},\"image\":{\"@id\":\"https:\/\/mobilitas.lat\/es\/#\/schema\/logo\/image\/\"}},{\"@type\":\"Person\",\"@id\":\"https:\/\/mobilitas.lat\/es\/#\/schema\/person\/cae0d01ccbe855d1858d146e4c4d582d\",\"name\":\"Alexandre Asquini\",\"image\":{\"@type\":\"ImageObject\",\"inLanguage\":\"es-ES\",\"@id\":\"https:\/\/mobilitas.lat\/es\/#\/schema\/person\/image\/\",\"url\":\"https:\/\/secure.gravatar.com\/avatar\/aac99dbef1420f75cc7d86913eb8a7cdfbe13e2509ad7a45649a61414f6d2785?s=96&d=mm&r=g\",\"contentUrl\":\"https:\/\/secure.gravatar.com\/avatar\/aac99dbef1420f75cc7d86913eb8a7cdfbe13e2509ad7a45649a61414f6d2785?s=96&d=mm&r=g\",\"caption\":\"Alexandre Asquini\"}}]}<\/script>\n<!-- \/ Yoast SEO plugin. -->","yoast_head_json":{"title":"El 'Seminario Nacional NTU 2023', promovido por la Asociaci\u00f3n Nacional de Empresas de Transporte Urbano de Brasil, fue anunciado para los d\u00edas 8 y 9 de agosto en Brasilia | Mobilitas","robots":{"index":"index","follow":"follow","max-snippet":"max-snippet:-1","max-image-preview":"max-image-preview:large","max-video-preview":"max-video-preview:-1"},"canonical":"https:\/\/mobilitas.lat\/es\/2023\/04\/11\/el-seminario-nacional-ntu-2023-promovido-por-la-asociacion-nacional-de-empresas-de-transporte-urbano-de-brasil-fue-anunciado-para-los-dias-8-y-9-de-agosto-en-brasilia\/","og_locale":"es_ES","og_type":"article","og_title":"El 'Seminario Nacional NTU 2023', promovido por la Asociaci\u00f3n Nacional de Empresas de Transporte Urbano de Brasil, fue anunciado para los d\u00edas 8 y 9 de agosto en Brasilia | Mobilitas","og_description":"Est\u00e1 prevista para los d\u00edas 8 y 9 de agosto, en el Hotel Royal Tulip, en Brasilia, capital de Brasil, la realizaci\u00f3n del Seminario Nacional NTU 2023. El encuentro es promovido por la Asociaci\u00f3n Nacional de Empresas de Transporte Urbano (NTU), entidad que agrupa a empresas de transporte urbano e interurbano en autobuses de todo [&hellip;]","og_url":"https:\/\/mobilitas.lat\/es\/2023\/04\/11\/el-seminario-nacional-ntu-2023-promovido-por-la-asociacion-nacional-de-empresas-de-transporte-urbano-de-brasil-fue-anunciado-para-los-dias-8-y-9-de-agosto-en-brasilia\/","og_site_name":"Mobilitas","article_published_time":"2023-04-12T01:00:09+00:00","article_modified_time":"2023-04-12T01:14:30+00:00","og_image":[{"width":600,"height":346,"url":"https:\/\/storage.mobilitas.lat\/uploads\/2023\/03\/MOBILITAS-NTU-SEMINARIO-NACIONAL-2023-IMAGEM-2B.jpg","type":"image\/jpeg"}],"author":"Alexandre Asquini","twitter_card":"summary_large_image","twitter_misc":{"Written by":"Alexandre Asquini","Est. reading time":"1 minute"},"schema":{"@context":"https:\/\/schema.org","@graph":[{"@type":"Article","@id":"https:\/\/mobilitas.lat\/es\/2023\/04\/11\/el-seminario-nacional-ntu-2023-promovido-por-la-asociacion-nacional-de-empresas-de-transporte-urbano-de-brasil-fue-anunciado-para-los-dias-8-y-9-de-agosto-en-brasilia\/#article","isPartOf":{"@id":"https:\/\/mobilitas.lat\/es\/2023\/04\/11\/el-seminario-nacional-ntu-2023-promovido-por-la-asociacion-nacional-de-empresas-de-transporte-urbano-de-brasil-fue-anunciado-para-los-dias-8-y-9-de-agosto-en-brasilia\/"},"author":{"name":"Alexandre Asquini","@id":"https:\/\/mobilitas.lat\/es\/#\/schema\/person\/cae0d01ccbe855d1858d146e4c4d582d"},"headline":"El &#8216;Seminario Nacional NTU 2023&#8217;, promovido por la Asociaci\u00f3n Nacional de Empresas de Transporte Urbano de Brasil, fue anunciado para los d\u00edas 8 y 9 de agosto en Brasilia","datePublished":"2023-04-12T01:00:09+00:00","dateModified":"2023-04-12T01:14:30+00:00","mainEntityOfPage":{"@id":"https:\/\/mobilitas.lat\/es\/2023\/04\/11\/el-seminario-nacional-ntu-2023-promovido-por-la-asociacion-nacional-de-empresas-de-transporte-urbano-de-brasil-fue-anunciado-para-los-dias-8-y-9-de-agosto-en-brasilia\/"},"wordCount":151,"publisher":{"@id":"https:\/\/mobilitas.lat\/es\/#organization"},"image":{"@id":"https:\/\/mobilitas.lat\/es\/2023\/04\/11\/el-seminario-nacional-ntu-2023-promovido-por-la-asociacion-nacional-de-empresas-de-transporte-urbano-de-brasil-fue-anunciado-para-los-dias-8-y-9-de-agosto-en-brasilia\/#primaryimage"},"thumbnailUrl":"https:\/\/storage.mobilitas.lat\/uploads\/2023\/03\/MOBILITAS-NTU-SEMINARIO-NACIONAL-2023-IMAGEM-2B.jpg","keywords":["Hecho","SEMIN\u00c1RIO NACIONAL NTU","SEMINARIO NTU 2023"],"articleSection":["Notas"],"inLanguage":"es-ES"},{"@type":"WebPage","@id":"https:\/\/mobilitas.lat\/es\/2023\/04\/11\/el-seminario-nacional-ntu-2023-promovido-por-la-asociacion-nacional-de-empresas-de-transporte-urbano-de-brasil-fue-anunciado-para-los-dias-8-y-9-de-agosto-en-brasilia\/","url":"https:\/\/mobilitas.lat\/es\/2023\/04\/11\/el-seminario-nacional-ntu-2023-promovido-por-la-asociacion-nacional-de-empresas-de-transporte-urbano-de-brasil-fue-anunciado-para-los-dias-8-y-9-de-agosto-en-brasilia\/","name":"El 'Seminario Nacional NTU 2023', promovido por la Asociaci\u00f3n Nacional de Empresas de Transporte Urbano de Brasil, fue anunciado para los d\u00edas 8 y 9 de agosto en Brasilia | Mobilitas","isPartOf":{"@id":"https:\/\/mobilitas.lat\/es\/#website"},"primaryImageOfPage":{"@id":"https:\/\/mobilitas.lat\/es\/2023\/04\/11\/el-seminario-nacional-ntu-2023-promovido-por-la-asociacion-nacional-de-empresas-de-transporte-urbano-de-brasil-fue-anunciado-para-los-dias-8-y-9-de-agosto-en-brasilia\/#primaryimage"},"image":{"@id":"https:\/\/mobilitas.lat\/es\/2023\/04\/11\/el-seminario-nacional-ntu-2023-promovido-por-la-asociacion-nacional-de-empresas-de-transporte-urbano-de-brasil-fue-anunciado-para-los-dias-8-y-9-de-agosto-en-brasilia\/#primaryimage"},"thumbnailUrl":"https:\/\/storage.mobilitas.lat\/uploads\/2023\/03\/MOBILITAS-NTU-SEMINARIO-NACIONAL-2023-IMAGEM-2B.jpg","datePublished":"2023-04-12T01:00:09+00:00","dateModified":"2023-04-12T01:14:30+00:00","breadcrumb":{"@id":"https:\/\/mobilitas.lat\/es\/2023\/04\/11\/el-seminario-nacional-ntu-2023-promovido-por-la-asociacion-nacional-de-empresas-de-transporte-urbano-de-brasil-fue-anunciado-para-los-dias-8-y-9-de-agosto-en-brasilia\/#breadcrumb"},"inLanguage":"es-ES","potentialAction":[{"@type":"ReadAction","target":["https:\/\/mobilitas.lat\/es\/2023\/04\/11\/el-seminario-nacional-ntu-2023-promovido-por-la-asociacion-nacional-de-empresas-de-transporte-urbano-de-brasil-fue-anunciado-para-los-dias-8-y-9-de-agosto-en-brasilia\/"]}]},{"@type":"ImageObject","inLanguage":"es-ES","@id":"https:\/\/mobilitas.lat\/es\/2023\/04\/11\/el-seminario-nacional-ntu-2023-promovido-por-la-asociacion-nacional-de-empresas-de-transporte-urbano-de-brasil-fue-anunciado-para-los-dias-8-y-9-de-agosto-en-brasilia\/#primaryimage","url":"https:\/\/storage.mobilitas.lat\/uploads\/2023\/03\/MOBILITAS-NTU-SEMINARIO-NACIONAL-2023-IMAGEM-2B.jpg","contentUrl":"https:\/\/storage.mobilitas.lat\/uploads\/2023\/03\/MOBILITAS-NTU-SEMINARIO-NACIONAL-2023-IMAGEM-2B.jpg","width":600,"height":346},{"@type":"BreadcrumbList","@id":"https:\/\/mobilitas.lat\/es\/2023\/04\/11\/el-seminario-nacional-ntu-2023-promovido-por-la-asociacion-nacional-de-empresas-de-transporte-urbano-de-brasil-fue-anunciado-para-los-dias-8-y-9-de-agosto-en-brasilia\/#breadcrumb","itemListElement":[{"@type":"ListItem","position":1,"name":"In\u00edcio","item":"https:\/\/mobilitas.lat\/es\/"},{"@type":"ListItem","position":2,"name":"El &#8216;Seminario Nacional NTU 2023&#8217;, promovido por la Asociaci\u00f3n Nacional de Empresas de Transporte Urbano de Brasil, fue anunciado para los d\u00edas 8 y 9 de agosto en Brasilia"}]},{"@type":"WebSite","@id":"https:\/\/mobilitas.lat\/es\/#website","url":"https:\/\/mobilitas.lat\/es\/","name":"Mobilitas","description":"Tecnologia e Mobilidade Urbana na Am\u00e9rica Latina","publisher":{"@id":"https:\/\/mobilitas.lat\/es\/#organization"},"potentialAction":[{"@type":"SearchAction","target":{"@type":"EntryPoint","urlTemplate":"https:\/\/mobilitas.lat\/es\/?s={search_term_string}"},"query-input":{"@type":"PropertyValueSpecification","valueRequired":true,"valueName":"search_term_string"}}],"inLanguage":"es-ES"},{"@type":"Organization","@id":"https:\/\/mobilitas.lat\/es\/#organization","name":"OTM Editora","url":"https:\/\/mobilitas.lat\/es\/","logo":{"@type":"ImageObject","inLanguage":"es-ES","@id":"https:\/\/mobilitas.lat\/es\/#\/schema\/logo\/image\/","url":"https:\/\/mobilitas.lat\/wp-content\/uploads\/2024\/03\/opengraph.png","contentUrl":"https:\/\/mobilitas.lat\/wp-content\/uploads\/2024\/03\/opengraph.png","width":1200,"height":630,"caption":"OTM Editora"},"image":{"@id":"https:\/\/mobilitas.lat\/es\/#\/schema\/logo\/image\/"}},{"@type":"Person","@id":"https:\/\/mobilitas.lat\/es\/#\/schema\/person\/cae0d01ccbe855d1858d146e4c4d582d","name":"Alexandre Asquini","image":{"@type":"ImageObject","inLanguage":"es-ES","@id":"https:\/\/mobilitas.lat\/es\/#\/schema\/person\/image\/","url":"https:\/\/secure.gravatar.com\/avatar\/aac99dbef1420f75cc7d86913eb8a7cdfbe13e2509ad7a45649a61414f6d2785?s=96&d=mm&r=g","contentUrl":"https:\/\/secure.gravatar.com\/avatar\/aac99dbef1420f75cc7d86913eb8a7cdfbe13e2509ad7a45649a61414f6d2785?s=96&d=mm&r=g","caption":"Alexandre Asquini"}}]}},"_links":{"self":[{"href":"https:\/\/mobilitas.lat\/es\/wp-json\/wp\/v2\/posts\/17213","targetHints":{"allow":["GET"]}}],"collection":[{"href":"https:\/\/mobilitas.lat\/es\/wp-json\/wp\/v2\/posts"}],"about":[{"href":"https:\/\/mobilitas.lat\/es\/wp-json\/wp\/v2\/types\/post"}],"author":[{"embeddable":true,"href":"https:\/\/mobilitas.lat\/es\/wp-json\/wp\/v2\/users\/2"}],"replies":[{"embeddable":true,"href":"https:\/\/mobilitas.lat\/es\/wp-json\/wp\/v2\/comments?post=17213"}],"version-history":[{"count":4,"href":"https:\/\/mobilitas.lat\/es\/wp-json\/wp\/v2\/posts\/17213\/revisions"}],"predecessor-version":[{"id":17223,"href":"https:\/\/mobilitas.lat\/es\/wp-json\/wp\/v2\/posts\/17213\/revisions\/17223"}],"wp:featuredmedia":[{"embeddable":true,"href":"https:\/\/mobilitas.lat\/es\/wp-json\/wp\/v2\/media\/17219"}],"wp:attachment":[{"href":"https:\/\/mobilitas.lat\/es\/wp-json\/wp\/v2\/media?parent=17213"}],"wp:term":[{"taxonomy":"category","embeddable":true,"href":"https:\/\/mobilitas.lat\/es\/wp-json\/wp\/v2\/categories?post=17213"},{"taxonomy":"post_tag","embeddable":true,"href":"https:\/\/mobilitas.lat\/es\/wp-json\/wp\/v2\/tags?post=17213"}],"curies":[{"name":"wp","href":"https:\/\/api.w.org\/{rel}","templated":true}]}}