{"id":16604,"date":"2023-01-21T20:08:32","date_gmt":"2023-01-21T23:08:32","guid":{"rendered":"https:\/\/mobilitas.lat\/?p=16604"},"modified":"2023-01-21T20:08:35","modified_gmt":"2023-01-21T23:08:35","slug":"simulacro-de-incendio-en-el-metro-de-quito","status":"publish","type":"post","link":"https:\/\/mobilitas.lat\/es\/2023\/01\/21\/simulacro-de-incendio-en-el-metro-de-quito\/","title":{"rendered":"Simulacro de incendio en el Metro de Quito"},"content":{"rendered":"\n<figure class=\"wp-block-image size-large\"><img loading=\"lazy\" decoding=\"async\" width=\"1024\" height=\"526\" src=\"https:\/\/storage.mobilitas.lat\/uploads\/2023\/01\/MOBILITAS-METRO-DE-QUITO-SIMULACAO-DE-INCENDIO-20JAN23-1024x526.jpg\" alt=\"\" class=\"wp-image-16598\" srcset=\"https:\/\/storage.mobilitas.lat\/uploads\/2023\/01\/MOBILITAS-METRO-DE-QUITO-SIMULACAO-DE-INCENDIO-20JAN23-1024x526.jpg 1024w, https:\/\/storage.mobilitas.lat\/uploads\/2023\/01\/MOBILITAS-METRO-DE-QUITO-SIMULACAO-DE-INCENDIO-20JAN23-300x154.jpg 300w, https:\/\/storage.mobilitas.lat\/uploads\/2023\/01\/MOBILITAS-METRO-DE-QUITO-SIMULACAO-DE-INCENDIO-20JAN23-768x394.jpg 768w, https:\/\/storage.mobilitas.lat\/uploads\/2023\/01\/MOBILITAS-METRO-DE-QUITO-SIMULACAO-DE-INCENDIO-20JAN23.jpg 1048w\" sizes=\"auto, (max-width: 1024px) 100vw, 1024px\" \/><figcaption><strong><em>Bomberos en accion<\/em><\/strong><\/figcaption><\/figure>\n\n\n\n<p>Metro de Quito inform\u00f3 que el jueves 19 de enero de 2023 se ejecutaron acciones de emergencia por simulacro de incendio en la estaci\u00f3n Cardenal de la Torre del sistema, ubicada al sur de la ciudad.<\/p>\n\n\n\n<p>Es importante precisar que hace solamente un mes \u2013 21 de diciembre de 2022 \u2013 que inici\u00f3 oficialmente operaci\u00f3n el Metro de Quito, con la fase 1, denominada \u2018inducci\u00f3n est\u00e1tica\u2019, en la que se pusieran al servicio de los quite\u00f1os las \u2018estaciones de aprendizaje\u2019.<\/p>\n\n\n\n<p>Una segunda fase, de inducci\u00f3n en movimiento, inici\u00f3 el 5 de enero 2023, involucrando la interconexi\u00f3n f\u00edsica, tarifaria y operativo del subsistema que se integra al sistema de transporte.<\/p>\n\n\n\n<p>Las acciones de emergencia simuladas correspondieron a un simulacro de evacuaci\u00f3n por incendio en and\u00e9n en el que participaron 100 personas y equipos de Cuerpo de Bomberos, Agencia Metropolitana de Tr\u00e1nsito, Cuerpo de Agentes Metropolitanos de Control, Polic\u00eda Nacional, Secretaria General de Seguridad y Gobernabilidad, adem\u00e1s de miembros de seguridad de la empresa Metro de Quito.<\/p>\n\n\n\n<p>Este ejercicio forma parte de la puesta en marcha de los protocolos del Sistema Integrado del Metro de Quito, y permite realizar ajustes en la operatividad de sistemas de seguridad y emergencias. En el simulacro participaron t\u00e9cnicos de la de la empresa operadora EOMMT S.A.S., aportando a las acciones interinstitucionales llevadas a cabo.<\/p>\n\n\n\n<p><strong>ESCENARIO DE INCENDIO<\/strong><\/p>\n\n\n\n<p>El simulacro fue el de un escenario de incendio al interior de la estaci\u00f3n, se cont\u00f3 con la participaci\u00f3n de dos estaciones cercanas del Cuerpo de Bomberos, adem\u00e1s los funcionarios de Cuerpo Metropolitano de Agentes y la Polic\u00eda Nacional participaron de estas labores dirigiendo a las personas que se encontraban en el sitio a evacuar hacia la superficie.<\/p>\n\n\n\n<p>Es importante indicar que en una emergencia la primera acci\u00f3n es alertar, mediante el sistema de telecomunicaciones TETRA, al Punto de Control Local (PCL) y de este, al Puesto de Control Central (PCC) ubicado en las instalaciones de Talleres y Cocheras en Quitumbe quienes, mediante un canal y personal exclusivo, act\u00faan en conjunto con el ECU 911 (servicio nacional integrado de seguridad para respuesta inmediata e integral ante emergencias en el territorio ecuatoriano), para desplegar al personal de seguridad hacia el lugar donde se produce la emergencia. Toda la situaci\u00f3n fue monitoreada mediante videovigilancia desde el PCC.<\/p>\n\n\n\n<p>&#8220;Como parte de las actividades que tiene que realizar el operador previo al funcionamiento de la Primera L\u00ednea del Metro de Quito, me refiero a la asociaci\u00f3n entre Metro de Medell\u00edn y Transdev, se propusieron varios planes de emergencia, los mismos que han sido socializados con las entidades de respuesta como son bomberos, Polic\u00eda Nacional, ECU 911 &nbsp;y autoridades municipales, cada uno de estos protocolos y modelos de actuaci\u00f3n en casos de emergencia son ensayados\u201d, se\u00f1al\u00f3 Roberto Custode, Gerente de Operaciones del Metro de Quito.<\/p>\n\n\n\n<p>El prop\u00f3sito de este ejercicio fue evidenciar el trabajo que se ejecuta para brindar seguridad a la ciudadan\u00eda. Sin embargo, el funcionario indic\u00f3 que este no es el \u00fanico protocolo, existen otros que han sido desarrollados para que el sistema de Metro de Quito cuente con todas las medidas requeridas para su \u00f3ptimo funcionamiento.<\/p>\n\n\n\n<p class=\"has-light-green-cyan-background-color has-background\" style=\"font-size:24px\"><strong>Alerta dio inicio al simulacro<\/strong><\/p>\n\n\n\n<figure class=\"wp-block-image size-large is-resized\"><img loading=\"lazy\" decoding=\"async\" src=\"https:\/\/storage.mobilitas.lat\/uploads\/2023\/01\/MOBILITAS-METRO-DE-QUITO-SIMULACAO-DE-INCENDIO-20JAN23-CENTRO-DE-CONTROLE-1024x572.jpg\" alt=\"\" class=\"wp-image-16600\" width=\"580\" height=\"323\" srcset=\"https:\/\/storage.mobilitas.lat\/uploads\/2023\/01\/MOBILITAS-METRO-DE-QUITO-SIMULACAO-DE-INCENDIO-20JAN23-CENTRO-DE-CONTROLE-1024x572.jpg 1024w, https:\/\/storage.mobilitas.lat\/uploads\/2023\/01\/MOBILITAS-METRO-DE-QUITO-SIMULACAO-DE-INCENDIO-20JAN23-CENTRO-DE-CONTROLE-300x168.jpg 300w, https:\/\/storage.mobilitas.lat\/uploads\/2023\/01\/MOBILITAS-METRO-DE-QUITO-SIMULACAO-DE-INCENDIO-20JAN23-CENTRO-DE-CONTROLE-768x429.jpg 768w, https:\/\/storage.mobilitas.lat\/uploads\/2023\/01\/MOBILITAS-METRO-DE-QUITO-SIMULACAO-DE-INCENDIO-20JAN23-CENTRO-DE-CONTROLE.jpg 1200w\" sizes=\"auto, (max-width: 580px) 100vw, 580px\" \/><figcaption><strong><em>Puesto de Control Central<\/em><\/strong><\/figcaption><\/figure>\n\n\n\n<p>La alerta se escuch\u00f3 a las 15:21 por el sistema de megafon\u00eda con parlantes integrados en la estaci\u00f3n, inmediatamente personal de seguridad orient\u00f3 a las personas que se encontraban en el sitio a salir por las puertas de emergencia del sistema.<\/p>\n\n\n\n<p>Los miembros del Cuerpo de Bomberos acudieron al sitio inmediatamente, bajaron al sitio del simulacro de incendio y procedieron a la extinci\u00f3n del mismo; afuera se coloc\u00f3 personal para brindar atenci\u00f3n de primeros auxilios. En toda la estaci\u00f3n existe se\u00f1al\u00e9tica que informa sobre los puntos de salida de emergencia.<\/p>\n\n\n\n<p>Al finalizar el simulacro, Roberto Custode hizo una evaluaci\u00f3n y resalt\u00f3 el trabajo articulado entre los diferentes actores y las respuestas de seguridad brindadas. \u201cTuvimos la participaci\u00f3n del Cuerpo de Bomberos, la evacuaci\u00f3n r\u00e1pida de las personas que se encontraban en la estaci\u00f3n y as\u00ed mismo hemos evaluado la respuesta de todos los organismos de control que estamos interactuando\u201d.<\/p>\n\n\n\n<p>Mediante notificaci\u00f3n por las radios Tetra, a las 15:44 se inform\u00f3 que se ha normalizado la l\u00ednea del Metro de Quito, al constatar que la incidencia fue atendida y no exist\u00eda riesgo para las personas usuarias del transporte en la estaci\u00f3n. &#8220;Es decir, en 23 minutos se control\u00f3 la situaci\u00f3n, siendo as\u00ed un simulacro exitoso&#8221; expres\u00f3 un comunicado de la empresa operadora.<\/p>\n\n\n\n<p>El plan de seguridad forma parte de un proyecto m\u00e1s grande que tiene relaci\u00f3n con todas las respuestas de emergencia que est\u00e1n siendo estudiadas y desarrolladas, los que han sido socializadas con las instituciones relacionadas. <\/p>\n\n\n\n<p>Por su parte, el Gerente General del Metro de Quito, Efra\u00edn Bastidas, se\u00f1al\u00f3 simult\u00e1neamente desde el Puesto de Control Central, d\u00f3nde supervis\u00f3 la operaci\u00f3n estrat\u00e9gica de las acciones interinstitucionales, que se suscribi\u00f3 un convenio con el ECU 911,&nbsp;para garantizar todas las operaciones y actividades de respuesta de emergencia ante siniestros como el mencionado. Esto implica una interacci\u00f3n permanente directamente desde el Puesto Central de Control hacia la central de gesti\u00f3n del ECU 911. Inst\u00f3 a la ciudadan\u00eda a confiar en los organismos de control y en los sistemas nacionales y metropolitanos para atender cualquier tipo de emergencia.<\/p>\n\n\n\n<figure class=\"wp-block-image size-large\"><img loading=\"lazy\" decoding=\"async\" width=\"798\" height=\"440\" src=\"https:\/\/storage.mobilitas.lat\/uploads\/2023\/01\/MOBILITAS-METRO-DE-QUITO-SIMULACAO-DE-INCENDIO-20JAN23-ESTADO-DA-ESTACAO-NA-HORA-DO-ALERTA.jpg\" alt=\"\" class=\"wp-image-16602\" srcset=\"https:\/\/storage.mobilitas.lat\/uploads\/2023\/01\/MOBILITAS-METRO-DE-QUITO-SIMULACAO-DE-INCENDIO-20JAN23-ESTADO-DA-ESTACAO-NA-HORA-DO-ALERTA.jpg 798w, https:\/\/storage.mobilitas.lat\/uploads\/2023\/01\/MOBILITAS-METRO-DE-QUITO-SIMULACAO-DE-INCENDIO-20JAN23-ESTADO-DA-ESTACAO-NA-HORA-DO-ALERTA-300x165.jpg 300w, https:\/\/storage.mobilitas.lat\/uploads\/2023\/01\/MOBILITAS-METRO-DE-QUITO-SIMULACAO-DE-INCENDIO-20JAN23-ESTADO-DA-ESTACAO-NA-HORA-DO-ALERTA-768x423.jpg 768w\" sizes=\"auto, (max-width: 798px) 100vw, 798px\" \/><figcaption><strong><em>Estaci\u00f3n en el momento de la alerta<\/em><\/strong><\/figcaption><\/figure>\n","protected":false},"excerpt":{"rendered":"<p>Metro de Quito inform\u00f3 que el jueves 19 de enero de 2023 se ejecutaron acciones de emergencia por simulacro de incendio en la estaci\u00f3n Cardenal de la Torre del sistema, ubicada al sur de la ciudad. Es importante precisar que hace solamente un mes \u2013 21 de diciembre de 2022 \u2013 que inici\u00f3 oficialmente operaci\u00f3n [&hellip;]<\/p>\n","protected":false},"author":2,"featured_media":16598,"comment_status":"closed","ping_status":"closed","sticky":false,"template":"","format":"standard","meta":{"footnotes":""},"categories":[287],"tags":[775,303],"class_list":["post-16604","post","type-post","status-publish","format-standard","has-post-thumbnail","hentry","category-notas","tag-destaque","tag-metro-de-quito-es"],"yoast_head":"<!-- This site is optimized with the Yoast SEO plugin v26.9 - https:\/\/yoast.com\/product\/yoast-seo-wordpress\/ -->\n<title>Simulacro de incendio en el Metro de Quito | Mobilitas<\/title>\n<meta name=\"robots\" content=\"index, follow, max-snippet:-1, max-image-preview:large, max-video-preview:-1\" \/>\n<link rel=\"canonical\" href=\"https:\/\/mobilitas.lat\/es\/2023\/01\/21\/simulacro-de-incendio-en-el-metro-de-quito\/\" \/>\n<meta property=\"og:locale\" content=\"es_ES\" \/>\n<meta property=\"og:type\" content=\"article\" \/>\n<meta property=\"og:title\" content=\"Simulacro de incendio en el Metro de Quito | Mobilitas\" \/>\n<meta property=\"og:description\" content=\"Metro de Quito inform\u00f3 que el jueves 19 de enero de 2023 se ejecutaron acciones de emergencia por simulacro de incendio en la estaci\u00f3n Cardenal de la Torre del sistema, ubicada al sur de la ciudad. Es importante precisar que hace solamente un mes \u2013 21 de diciembre de 2022 \u2013 que inici\u00f3 oficialmente operaci\u00f3n [&hellip;]\" \/>\n<meta property=\"og:url\" content=\"https:\/\/mobilitas.lat\/es\/2023\/01\/21\/simulacro-de-incendio-en-el-metro-de-quito\/\" \/>\n<meta property=\"og:site_name\" content=\"Mobilitas\" \/>\n<meta property=\"article:published_time\" content=\"2023-01-21T23:08:32+00:00\" \/>\n<meta property=\"article:modified_time\" content=\"2023-01-21T23:08:35+00:00\" \/>\n<meta property=\"og:image\" content=\"https:\/\/storage.mobilitas.lat\/uploads\/2023\/01\/MOBILITAS-METRO-DE-QUITO-SIMULACAO-DE-INCENDIO-20JAN23.jpg\" \/>\n\t<meta property=\"og:image:width\" content=\"1048\" \/>\n\t<meta property=\"og:image:height\" content=\"538\" \/>\n\t<meta property=\"og:image:type\" content=\"image\/jpeg\" \/>\n<meta name=\"author\" content=\"Alexandre Asquini\" \/>\n<meta name=\"twitter:card\" content=\"summary_large_image\" \/>\n<meta name=\"twitter:label1\" content=\"Written by\" \/>\n\t<meta name=\"twitter:data1\" content=\"Alexandre Asquini\" \/>\n\t<meta name=\"twitter:label2\" content=\"Est. reading time\" \/>\n\t<meta name=\"twitter:data2\" content=\"5 minutes\" \/>\n<script type=\"application\/ld+json\" class=\"yoast-schema-graph\">{\"@context\":\"https:\/\/schema.org\",\"@graph\":[{\"@type\":\"Article\",\"@id\":\"https:\/\/mobilitas.lat\/es\/2023\/01\/21\/simulacro-de-incendio-en-el-metro-de-quito\/#article\",\"isPartOf\":{\"@id\":\"https:\/\/mobilitas.lat\/es\/2023\/01\/21\/simulacro-de-incendio-en-el-metro-de-quito\/\"},\"author\":{\"name\":\"Alexandre Asquini\",\"@id\":\"https:\/\/mobilitas.lat\/es\/#\/schema\/person\/cae0d01ccbe855d1858d146e4c4d582d\"},\"headline\":\"Simulacro de incendio en el Metro de Quito\",\"datePublished\":\"2023-01-21T23:08:32+00:00\",\"dateModified\":\"2023-01-21T23:08:35+00:00\",\"mainEntityOfPage\":{\"@id\":\"https:\/\/mobilitas.lat\/es\/2023\/01\/21\/simulacro-de-incendio-en-el-metro-de-quito\/\"},\"wordCount\":932,\"publisher\":{\"@id\":\"https:\/\/mobilitas.lat\/es\/#organization\"},\"image\":{\"@id\":\"https:\/\/mobilitas.lat\/es\/2023\/01\/21\/simulacro-de-incendio-en-el-metro-de-quito\/#primaryimage\"},\"thumbnailUrl\":\"https:\/\/storage.mobilitas.lat\/uploads\/2023\/01\/MOBILITAS-METRO-DE-QUITO-SIMULACAO-DE-INCENDIO-20JAN23.jpg\",\"keywords\":[\"destaque\",\"METRO DE QUITO\"],\"articleSection\":[\"Notas\"],\"inLanguage\":\"es-ES\"},{\"@type\":\"WebPage\",\"@id\":\"https:\/\/mobilitas.lat\/es\/2023\/01\/21\/simulacro-de-incendio-en-el-metro-de-quito\/\",\"url\":\"https:\/\/mobilitas.lat\/es\/2023\/01\/21\/simulacro-de-incendio-en-el-metro-de-quito\/\",\"name\":\"Simulacro de incendio en el Metro de Quito | Mobilitas\",\"isPartOf\":{\"@id\":\"https:\/\/mobilitas.lat\/es\/#website\"},\"primaryImageOfPage\":{\"@id\":\"https:\/\/mobilitas.lat\/es\/2023\/01\/21\/simulacro-de-incendio-en-el-metro-de-quito\/#primaryimage\"},\"image\":{\"@id\":\"https:\/\/mobilitas.lat\/es\/2023\/01\/21\/simulacro-de-incendio-en-el-metro-de-quito\/#primaryimage\"},\"thumbnailUrl\":\"https:\/\/storage.mobilitas.lat\/uploads\/2023\/01\/MOBILITAS-METRO-DE-QUITO-SIMULACAO-DE-INCENDIO-20JAN23.jpg\",\"datePublished\":\"2023-01-21T23:08:32+00:00\",\"dateModified\":\"2023-01-21T23:08:35+00:00\",\"breadcrumb\":{\"@id\":\"https:\/\/mobilitas.lat\/es\/2023\/01\/21\/simulacro-de-incendio-en-el-metro-de-quito\/#breadcrumb\"},\"inLanguage\":\"es-ES\",\"potentialAction\":[{\"@type\":\"ReadAction\",\"target\":[\"https:\/\/mobilitas.lat\/es\/2023\/01\/21\/simulacro-de-incendio-en-el-metro-de-quito\/\"]}]},{\"@type\":\"ImageObject\",\"inLanguage\":\"es-ES\",\"@id\":\"https:\/\/mobilitas.lat\/es\/2023\/01\/21\/simulacro-de-incendio-en-el-metro-de-quito\/#primaryimage\",\"url\":\"https:\/\/storage.mobilitas.lat\/uploads\/2023\/01\/MOBILITAS-METRO-DE-QUITO-SIMULACAO-DE-INCENDIO-20JAN23.jpg\",\"contentUrl\":\"https:\/\/storage.mobilitas.lat\/uploads\/2023\/01\/MOBILITAS-METRO-DE-QUITO-SIMULACAO-DE-INCENDIO-20JAN23.jpg\",\"width\":1048,\"height\":538},{\"@type\":\"BreadcrumbList\",\"@id\":\"https:\/\/mobilitas.lat\/es\/2023\/01\/21\/simulacro-de-incendio-en-el-metro-de-quito\/#breadcrumb\",\"itemListElement\":[{\"@type\":\"ListItem\",\"position\":1,\"name\":\"In\u00edcio\",\"item\":\"https:\/\/mobilitas.lat\/es\/\"},{\"@type\":\"ListItem\",\"position\":2,\"name\":\"Simulacro de incendio en el Metro de Quito\"}]},{\"@type\":\"WebSite\",\"@id\":\"https:\/\/mobilitas.lat\/es\/#website\",\"url\":\"https:\/\/mobilitas.lat\/es\/\",\"name\":\"Mobilitas\",\"description\":\"Tecnologia e Mobilidade Urbana na Am\u00e9rica Latina\",\"publisher\":{\"@id\":\"https:\/\/mobilitas.lat\/es\/#organization\"},\"potentialAction\":[{\"@type\":\"SearchAction\",\"target\":{\"@type\":\"EntryPoint\",\"urlTemplate\":\"https:\/\/mobilitas.lat\/es\/?s={search_term_string}\"},\"query-input\":{\"@type\":\"PropertyValueSpecification\",\"valueRequired\":true,\"valueName\":\"search_term_string\"}}],\"inLanguage\":\"es-ES\"},{\"@type\":\"Organization\",\"@id\":\"https:\/\/mobilitas.lat\/es\/#organization\",\"name\":\"OTM Editora\",\"url\":\"https:\/\/mobilitas.lat\/es\/\",\"logo\":{\"@type\":\"ImageObject\",\"inLanguage\":\"es-ES\",\"@id\":\"https:\/\/mobilitas.lat\/es\/#\/schema\/logo\/image\/\",\"url\":\"https:\/\/mobilitas.lat\/wp-content\/uploads\/2024\/03\/opengraph.png\",\"contentUrl\":\"https:\/\/mobilitas.lat\/wp-content\/uploads\/2024\/03\/opengraph.png\",\"width\":1200,\"height\":630,\"caption\":\"OTM Editora\"},\"image\":{\"@id\":\"https:\/\/mobilitas.lat\/es\/#\/schema\/logo\/image\/\"}},{\"@type\":\"Person\",\"@id\":\"https:\/\/mobilitas.lat\/es\/#\/schema\/person\/cae0d01ccbe855d1858d146e4c4d582d\",\"name\":\"Alexandre Asquini\",\"image\":{\"@type\":\"ImageObject\",\"inLanguage\":\"es-ES\",\"@id\":\"https:\/\/mobilitas.lat\/es\/#\/schema\/person\/image\/\",\"url\":\"https:\/\/secure.gravatar.com\/avatar\/aac99dbef1420f75cc7d86913eb8a7cdfbe13e2509ad7a45649a61414f6d2785?s=96&d=mm&r=g\",\"contentUrl\":\"https:\/\/secure.gravatar.com\/avatar\/aac99dbef1420f75cc7d86913eb8a7cdfbe13e2509ad7a45649a61414f6d2785?s=96&d=mm&r=g\",\"caption\":\"Alexandre Asquini\"}}]}<\/script>\n<!-- \/ Yoast SEO plugin. -->","yoast_head_json":{"title":"Simulacro de incendio en el Metro de Quito | Mobilitas","robots":{"index":"index","follow":"follow","max-snippet":"max-snippet:-1","max-image-preview":"max-image-preview:large","max-video-preview":"max-video-preview:-1"},"canonical":"https:\/\/mobilitas.lat\/es\/2023\/01\/21\/simulacro-de-incendio-en-el-metro-de-quito\/","og_locale":"es_ES","og_type":"article","og_title":"Simulacro de incendio en el Metro de Quito | Mobilitas","og_description":"Metro de Quito inform\u00f3 que el jueves 19 de enero de 2023 se ejecutaron acciones de emergencia por simulacro de incendio en la estaci\u00f3n Cardenal de la Torre del sistema, ubicada al sur de la ciudad. Es importante precisar que hace solamente un mes \u2013 21 de diciembre de 2022 \u2013 que inici\u00f3 oficialmente operaci\u00f3n [&hellip;]","og_url":"https:\/\/mobilitas.lat\/es\/2023\/01\/21\/simulacro-de-incendio-en-el-metro-de-quito\/","og_site_name":"Mobilitas","article_published_time":"2023-01-21T23:08:32+00:00","article_modified_time":"2023-01-21T23:08:35+00:00","og_image":[{"width":1048,"height":538,"url":"https:\/\/storage.mobilitas.lat\/uploads\/2023\/01\/MOBILITAS-METRO-DE-QUITO-SIMULACAO-DE-INCENDIO-20JAN23.jpg","type":"image\/jpeg"}],"author":"Alexandre Asquini","twitter_card":"summary_large_image","twitter_misc":{"Written by":"Alexandre Asquini","Est. reading time":"5 minutes"},"schema":{"@context":"https:\/\/schema.org","@graph":[{"@type":"Article","@id":"https:\/\/mobilitas.lat\/es\/2023\/01\/21\/simulacro-de-incendio-en-el-metro-de-quito\/#article","isPartOf":{"@id":"https:\/\/mobilitas.lat\/es\/2023\/01\/21\/simulacro-de-incendio-en-el-metro-de-quito\/"},"author":{"name":"Alexandre Asquini","@id":"https:\/\/mobilitas.lat\/es\/#\/schema\/person\/cae0d01ccbe855d1858d146e4c4d582d"},"headline":"Simulacro de incendio en el Metro de Quito","datePublished":"2023-01-21T23:08:32+00:00","dateModified":"2023-01-21T23:08:35+00:00","mainEntityOfPage":{"@id":"https:\/\/mobilitas.lat\/es\/2023\/01\/21\/simulacro-de-incendio-en-el-metro-de-quito\/"},"wordCount":932,"publisher":{"@id":"https:\/\/mobilitas.lat\/es\/#organization"},"image":{"@id":"https:\/\/mobilitas.lat\/es\/2023\/01\/21\/simulacro-de-incendio-en-el-metro-de-quito\/#primaryimage"},"thumbnailUrl":"https:\/\/storage.mobilitas.lat\/uploads\/2023\/01\/MOBILITAS-METRO-DE-QUITO-SIMULACAO-DE-INCENDIO-20JAN23.jpg","keywords":["destaque","METRO DE QUITO"],"articleSection":["Notas"],"inLanguage":"es-ES"},{"@type":"WebPage","@id":"https:\/\/mobilitas.lat\/es\/2023\/01\/21\/simulacro-de-incendio-en-el-metro-de-quito\/","url":"https:\/\/mobilitas.lat\/es\/2023\/01\/21\/simulacro-de-incendio-en-el-metro-de-quito\/","name":"Simulacro de incendio en el Metro de Quito | Mobilitas","isPartOf":{"@id":"https:\/\/mobilitas.lat\/es\/#website"},"primaryImageOfPage":{"@id":"https:\/\/mobilitas.lat\/es\/2023\/01\/21\/simulacro-de-incendio-en-el-metro-de-quito\/#primaryimage"},"image":{"@id":"https:\/\/mobilitas.lat\/es\/2023\/01\/21\/simulacro-de-incendio-en-el-metro-de-quito\/#primaryimage"},"thumbnailUrl":"https:\/\/storage.mobilitas.lat\/uploads\/2023\/01\/MOBILITAS-METRO-DE-QUITO-SIMULACAO-DE-INCENDIO-20JAN23.jpg","datePublished":"2023-01-21T23:08:32+00:00","dateModified":"2023-01-21T23:08:35+00:00","breadcrumb":{"@id":"https:\/\/mobilitas.lat\/es\/2023\/01\/21\/simulacro-de-incendio-en-el-metro-de-quito\/#breadcrumb"},"inLanguage":"es-ES","potentialAction":[{"@type":"ReadAction","target":["https:\/\/mobilitas.lat\/es\/2023\/01\/21\/simulacro-de-incendio-en-el-metro-de-quito\/"]}]},{"@type":"ImageObject","inLanguage":"es-ES","@id":"https:\/\/mobilitas.lat\/es\/2023\/01\/21\/simulacro-de-incendio-en-el-metro-de-quito\/#primaryimage","url":"https:\/\/storage.mobilitas.lat\/uploads\/2023\/01\/MOBILITAS-METRO-DE-QUITO-SIMULACAO-DE-INCENDIO-20JAN23.jpg","contentUrl":"https:\/\/storage.mobilitas.lat\/uploads\/2023\/01\/MOBILITAS-METRO-DE-QUITO-SIMULACAO-DE-INCENDIO-20JAN23.jpg","width":1048,"height":538},{"@type":"BreadcrumbList","@id":"https:\/\/mobilitas.lat\/es\/2023\/01\/21\/simulacro-de-incendio-en-el-metro-de-quito\/#breadcrumb","itemListElement":[{"@type":"ListItem","position":1,"name":"In\u00edcio","item":"https:\/\/mobilitas.lat\/es\/"},{"@type":"ListItem","position":2,"name":"Simulacro de incendio en el Metro de Quito"}]},{"@type":"WebSite","@id":"https:\/\/mobilitas.lat\/es\/#website","url":"https:\/\/mobilitas.lat\/es\/","name":"Mobilitas","description":"Tecnologia e Mobilidade Urbana na Am\u00e9rica Latina","publisher":{"@id":"https:\/\/mobilitas.lat\/es\/#organization"},"potentialAction":[{"@type":"SearchAction","target":{"@type":"EntryPoint","urlTemplate":"https:\/\/mobilitas.lat\/es\/?s={search_term_string}"},"query-input":{"@type":"PropertyValueSpecification","valueRequired":true,"valueName":"search_term_string"}}],"inLanguage":"es-ES"},{"@type":"Organization","@id":"https:\/\/mobilitas.lat\/es\/#organization","name":"OTM Editora","url":"https:\/\/mobilitas.lat\/es\/","logo":{"@type":"ImageObject","inLanguage":"es-ES","@id":"https:\/\/mobilitas.lat\/es\/#\/schema\/logo\/image\/","url":"https:\/\/mobilitas.lat\/wp-content\/uploads\/2024\/03\/opengraph.png","contentUrl":"https:\/\/mobilitas.lat\/wp-content\/uploads\/2024\/03\/opengraph.png","width":1200,"height":630,"caption":"OTM Editora"},"image":{"@id":"https:\/\/mobilitas.lat\/es\/#\/schema\/logo\/image\/"}},{"@type":"Person","@id":"https:\/\/mobilitas.lat\/es\/#\/schema\/person\/cae0d01ccbe855d1858d146e4c4d582d","name":"Alexandre Asquini","image":{"@type":"ImageObject","inLanguage":"es-ES","@id":"https:\/\/mobilitas.lat\/es\/#\/schema\/person\/image\/","url":"https:\/\/secure.gravatar.com\/avatar\/aac99dbef1420f75cc7d86913eb8a7cdfbe13e2509ad7a45649a61414f6d2785?s=96&d=mm&r=g","contentUrl":"https:\/\/secure.gravatar.com\/avatar\/aac99dbef1420f75cc7d86913eb8a7cdfbe13e2509ad7a45649a61414f6d2785?s=96&d=mm&r=g","caption":"Alexandre Asquini"}}]}},"_links":{"self":[{"href":"https:\/\/mobilitas.lat\/es\/wp-json\/wp\/v2\/posts\/16604","targetHints":{"allow":["GET"]}}],"collection":[{"href":"https:\/\/mobilitas.lat\/es\/wp-json\/wp\/v2\/posts"}],"about":[{"href":"https:\/\/mobilitas.lat\/es\/wp-json\/wp\/v2\/types\/post"}],"author":[{"embeddable":true,"href":"https:\/\/mobilitas.lat\/es\/wp-json\/wp\/v2\/users\/2"}],"replies":[{"embeddable":true,"href":"https:\/\/mobilitas.lat\/es\/wp-json\/wp\/v2\/comments?post=16604"}],"version-history":[{"count":5,"href":"https:\/\/mobilitas.lat\/es\/wp-json\/wp\/v2\/posts\/16604\/revisions"}],"predecessor-version":[{"id":16611,"href":"https:\/\/mobilitas.lat\/es\/wp-json\/wp\/v2\/posts\/16604\/revisions\/16611"}],"wp:featuredmedia":[{"embeddable":true,"href":"https:\/\/mobilitas.lat\/es\/wp-json\/wp\/v2\/media\/16598"}],"wp:attachment":[{"href":"https:\/\/mobilitas.lat\/es\/wp-json\/wp\/v2\/media?parent=16604"}],"wp:term":[{"taxonomy":"category","embeddable":true,"href":"https:\/\/mobilitas.lat\/es\/wp-json\/wp\/v2\/categories?post=16604"},{"taxonomy":"post_tag","embeddable":true,"href":"https:\/\/mobilitas.lat\/es\/wp-json\/wp\/v2\/tags?post=16604"}],"curies":[{"name":"wp","href":"https:\/\/api.w.org\/{rel}","templated":true}]}}