{"id":16279,"date":"2023-01-24T22:01:35","date_gmt":"2023-01-25T01:01:35","guid":{"rendered":"https:\/\/mobilitas.lat\/?p=16279"},"modified":"2023-01-24T23:34:09","modified_gmt":"2023-01-25T02:34:09","slug":"hasta-el-2-de-febrero-de-2023-esta-abierta-la-licitacion-que-otorga-la-concesion-para-modernizar-los-refugios-peatonales-del-sistema-de-transporte-colectivo-publico-de-montevideo-la-accion-alcanza-a","status":"publish","type":"post","link":"https:\/\/mobilitas.lat\/es\/2023\/01\/24\/hasta-el-2-de-febrero-de-2023-esta-abierta-la-licitacion-que-otorga-la-concesion-para-modernizar-los-refugios-peatonales-del-sistema-de-transporte-colectivo-publico-de-montevideo-la-accion-alcanza-a\/","title":{"rendered":"Hasta el 2 de febrero de 2023, est\u00e1 abierta la licitaci\u00f3n  para modernizar los refugios peatonales del sistema de transporte p\u00fablico de Montevideo. La acci\u00f3n alcanza a 710 paradas"},"content":{"rendered":"\n<figure class=\"wp-block-image size-large\"><img loading=\"lazy\" decoding=\"async\" width=\"1024\" height=\"636\" src=\"https:\/\/storage.mobilitas.lat\/uploads\/2021\/03\/MOBILITAS-MONTEVIDEU-ONIBUS-PARADA-DE-ONIBUS-1024x636.jpg\" alt=\"\" class=\"wp-image-10091\" srcset=\"https:\/\/storage.mobilitas.lat\/uploads\/2021\/03\/MOBILITAS-MONTEVIDEU-ONIBUS-PARADA-DE-ONIBUS-1024x636.jpg 1024w, https:\/\/storage.mobilitas.lat\/uploads\/2021\/03\/MOBILITAS-MONTEVIDEU-ONIBUS-PARADA-DE-ONIBUS-300x186.jpg 300w, https:\/\/storage.mobilitas.lat\/uploads\/2021\/03\/MOBILITAS-MONTEVIDEU-ONIBUS-PARADA-DE-ONIBUS-768x477.jpg 768w, https:\/\/storage.mobilitas.lat\/uploads\/2021\/03\/MOBILITAS-MONTEVIDEU-ONIBUS-PARADA-DE-ONIBUS-1536x954.jpg 1536w, https:\/\/storage.mobilitas.lat\/uploads\/2021\/03\/MOBILITAS-MONTEVIDEU-ONIBUS-PARADA-DE-ONIBUS-2048x1272.jpg 2048w, https:\/\/storage.mobilitas.lat\/uploads\/2021\/03\/MOBILITAS-MONTEVIDEU-ONIBUS-PARADA-DE-ONIBUS-385x240.jpg 385w\" sizes=\"auto, (max-width: 1024px) 100vw, 1024px\" \/><\/figure>\n\n\n\n<p>La Intendencia de Montevideo informa que hasta el 2 de febrero de 2023 est\u00e1 abierta la licitaci\u00f3n que otorga la concesi\u00f3n para modernizar los refugios peatonales del sistema de transporte colectivo p\u00fablico de la capital uruguaya.<\/p>\n\n\n\n<p>Se trata de un proyecto de instalaci\u00f3n para el a\u00f1o 2023 de 440 nuevos refugios de metal, y la reparaci\u00f3n de 270 refugios de madera.<\/p>\n\n\n\n<p>Las caracter\u00edsticas tecnol\u00f3gicas y funcionales de los nuevos refugios contemplan la instalaci\u00f3n de 110 paneles de informaci\u00f3n de horarios, recorridos y desv\u00edos en tiempo real.<\/p>\n\n\n\n<p>Tambi\u00e9n se destinar\u00e1n otras 110 nuevas pantallas digitales con destino publicitario que cuenten con protecci\u00f3n para inclemencias meteorol\u00f3gicas. Estas tendr\u00e1n botoneras de accesibilidad y puertos USB.<\/p>\n\n\n\n<p><strong>CENTRO HOSPITALARIO<\/strong><\/p>\n\n\n\n<figure class=\"wp-block-image size-large\"><img loading=\"lazy\" decoding=\"async\" width=\"620\" height=\"333\" src=\"https:\/\/storage.mobilitas.lat\/uploads\/2022\/12\/MOBILITAS-MONTEVIDEO-PARADA-EM-FRENTE-A-CENTRO-HOSPITALARIO.jpg\" alt=\"\" class=\"wp-image-16276\" srcset=\"https:\/\/storage.mobilitas.lat\/uploads\/2022\/12\/MOBILITAS-MONTEVIDEO-PARADA-EM-FRENTE-A-CENTRO-HOSPITALARIO.jpg 620w, https:\/\/storage.mobilitas.lat\/uploads\/2022\/12\/MOBILITAS-MONTEVIDEO-PARADA-EM-FRENTE-A-CENTRO-HOSPITALARIO-300x161.jpg 300w\" sizes=\"auto, (max-width: 620px) 100vw, 620px\" \/><figcaption><strong><em>Nueva parada de transporte colectivo del Centro Hospitalario Pereira Rossell<\/em><\/strong><\/figcaption><\/figure>\n\n\n\n<p>La parada de transporte colectivo del Centro Hospitalario Pereira Rossell tiene nueva ubicaci\u00f3n y refugio desde el mi\u00e9rcoles 21 de diciembre: se encuentra ahora frente al ingreso al hospital.<\/p>\n\n\n\n<p>Seg\u00fan las autoridades capitalinas, fueron removidos un \u00e1rbol y una columna de alumbrado p\u00fablico, lo que sumado al corrimiento de la parada de taxis permite visualizar mejor los \u00f3mnibus y aumenta la fluidez del tr\u00e1nsito.<\/p>\n\n\n\n<p>Debido al alto volumen de pasajeros, se opt\u00f3 por un refugio de nueve metros de largo, tres veces m\u00e1s que el anterior. Para brindar mayor seguridad, se instalaron paneles de luces led en el techo del refugio.<\/p>\n\n\n\n<p>Tal como ocurre arriba de los \u00f3mnibus, fueron se\u00f1alizados asientos preferenciales, destinados a embarazadas, personas mayores o con discapacidad.<\/p>\n\n\n\n<p>Tambi\u00e9n se agreg\u00f3 la preferencia para ni\u00f1os y ni\u00f1as. Justamente, por la presencia del p\u00fablico infantil, la parada cuenta con un dise\u00f1o especial.<\/p>\n\n\n\n<p>Por \u00faltimo, se acondicionaron las veredas para garantizar mejor accesibilidad a la parada.<\/p>\n","protected":false},"excerpt":{"rendered":"<p>La Intendencia de Montevideo informa que hasta el 2 de febrero de 2023 est\u00e1 abierta la licitaci\u00f3n que otorga la concesi\u00f3n para modernizar los refugios peatonales del sistema de transporte colectivo p\u00fablico de la capital uruguaya. Se trata de un proyecto de instalaci\u00f3n para el a\u00f1o 2023 de 440 nuevos refugios de metal, y la [&hellip;]<\/p>\n","protected":false},"author":2,"featured_media":10091,"comment_status":"closed","ping_status":"closed","sticky":false,"template":"","format":"standard","meta":{"footnotes":""},"categories":[287],"tags":[344,1361],"class_list":["post-16279","post","type-post","status-publish","format-standard","has-post-thumbnail","hentry","category-notas","tag-montevideo","tag-movilidad"],"yoast_head":"<!-- This site is optimized with the Yoast SEO plugin v26.9 - https:\/\/yoast.com\/product\/yoast-seo-wordpress\/ -->\n<title>Hasta el 2 de febrero de 2023, est\u00e1 abierta la licitaci\u00f3n para modernizar los refugios peatonales del sistema de transporte p\u00fablico de Montevideo. La acci\u00f3n alcanza a 710 paradas | Mobilitas<\/title>\n<meta name=\"robots\" content=\"index, follow, max-snippet:-1, max-image-preview:large, max-video-preview:-1\" \/>\n<link rel=\"canonical\" href=\"https:\/\/mobilitas.lat\/es\/2023\/01\/24\/hasta-el-2-de-febrero-de-2023-esta-abierta-la-licitacion-que-otorga-la-concesion-para-modernizar-los-refugios-peatonales-del-sistema-de-transporte-colectivo-publico-de-montevideo-la-accion-alcanza-a\/\" \/>\n<meta property=\"og:locale\" content=\"es_ES\" \/>\n<meta property=\"og:type\" content=\"article\" \/>\n<meta property=\"og:title\" content=\"Hasta el 2 de febrero de 2023, est\u00e1 abierta la licitaci\u00f3n para modernizar los refugios peatonales del sistema de transporte p\u00fablico de Montevideo. La acci\u00f3n alcanza a 710 paradas | Mobilitas\" \/>\n<meta property=\"og:description\" content=\"La Intendencia de Montevideo informa que hasta el 2 de febrero de 2023 est\u00e1 abierta la licitaci\u00f3n que otorga la concesi\u00f3n para modernizar los refugios peatonales del sistema de transporte colectivo p\u00fablico de la capital uruguaya. Se trata de un proyecto de instalaci\u00f3n para el a\u00f1o 2023 de 440 nuevos refugios de metal, y la [&hellip;]\" \/>\n<meta property=\"og:url\" content=\"https:\/\/mobilitas.lat\/es\/2023\/01\/24\/hasta-el-2-de-febrero-de-2023-esta-abierta-la-licitacion-que-otorga-la-concesion-para-modernizar-los-refugios-peatonales-del-sistema-de-transporte-colectivo-publico-de-montevideo-la-accion-alcanza-a\/\" \/>\n<meta property=\"og:site_name\" content=\"Mobilitas\" \/>\n<meta property=\"article:published_time\" content=\"2023-01-25T01:01:35+00:00\" \/>\n<meta property=\"article:modified_time\" content=\"2023-01-25T02:34:09+00:00\" \/>\n<meta property=\"og:image\" content=\"https:\/\/storage.mobilitas.lat\/uploads\/2021\/03\/MOBILITAS-MONTEVIDEU-ONIBUS-PARADA-DE-ONIBUS.jpg\" \/>\n\t<meta property=\"og:image:width\" content=\"2560\" \/>\n\t<meta property=\"og:image:height\" content=\"1591\" \/>\n\t<meta property=\"og:image:type\" content=\"image\/jpeg\" \/>\n<meta name=\"author\" content=\"Alexandre Asquini\" \/>\n<meta name=\"twitter:card\" content=\"summary_large_image\" \/>\n<meta name=\"twitter:label1\" content=\"Written by\" \/>\n\t<meta name=\"twitter:data1\" content=\"Alexandre Asquini\" \/>\n\t<meta name=\"twitter:label2\" content=\"Est. reading time\" \/>\n\t<meta name=\"twitter:data2\" content=\"2 minutes\" \/>\n<script type=\"application\/ld+json\" class=\"yoast-schema-graph\">{\"@context\":\"https:\/\/schema.org\",\"@graph\":[{\"@type\":\"Article\",\"@id\":\"https:\/\/mobilitas.lat\/es\/2023\/01\/24\/hasta-el-2-de-febrero-de-2023-esta-abierta-la-licitacion-que-otorga-la-concesion-para-modernizar-los-refugios-peatonales-del-sistema-de-transporte-colectivo-publico-de-montevideo-la-accion-alcanza-a\/#article\",\"isPartOf\":{\"@id\":\"https:\/\/mobilitas.lat\/es\/2023\/01\/24\/hasta-el-2-de-febrero-de-2023-esta-abierta-la-licitacion-que-otorga-la-concesion-para-modernizar-los-refugios-peatonales-del-sistema-de-transporte-colectivo-publico-de-montevideo-la-accion-alcanza-a\/\"},\"author\":{\"name\":\"Alexandre Asquini\",\"@id\":\"https:\/\/mobilitas.lat\/es\/#\/schema\/person\/cae0d01ccbe855d1858d146e4c4d582d\"},\"headline\":\"Hasta el 2 de febrero de 2023, est\u00e1 abierta la licitaci\u00f3n para modernizar los refugios peatonales del sistema de transporte p\u00fablico de Montevideo. La acci\u00f3n alcanza a 710 paradas\",\"datePublished\":\"2023-01-25T01:01:35+00:00\",\"dateModified\":\"2023-01-25T02:34:09+00:00\",\"mainEntityOfPage\":{\"@id\":\"https:\/\/mobilitas.lat\/es\/2023\/01\/24\/hasta-el-2-de-febrero-de-2023-esta-abierta-la-licitacion-que-otorga-la-concesion-para-modernizar-los-refugios-peatonales-del-sistema-de-transporte-colectivo-publico-de-montevideo-la-accion-alcanza-a\/\"},\"wordCount\":329,\"publisher\":{\"@id\":\"https:\/\/mobilitas.lat\/es\/#organization\"},\"image\":{\"@id\":\"https:\/\/mobilitas.lat\/es\/2023\/01\/24\/hasta-el-2-de-febrero-de-2023-esta-abierta-la-licitacion-que-otorga-la-concesion-para-modernizar-los-refugios-peatonales-del-sistema-de-transporte-colectivo-publico-de-montevideo-la-accion-alcanza-a\/#primaryimage\"},\"thumbnailUrl\":\"https:\/\/storage.mobilitas.lat\/uploads\/2021\/03\/MOBILITAS-MONTEVIDEU-ONIBUS-PARADA-DE-ONIBUS.jpg\",\"keywords\":[\"Montevideo\",\"MOVILIDAD\"],\"articleSection\":[\"Notas\"],\"inLanguage\":\"es-ES\"},{\"@type\":\"WebPage\",\"@id\":\"https:\/\/mobilitas.lat\/es\/2023\/01\/24\/hasta-el-2-de-febrero-de-2023-esta-abierta-la-licitacion-que-otorga-la-concesion-para-modernizar-los-refugios-peatonales-del-sistema-de-transporte-colectivo-publico-de-montevideo-la-accion-alcanza-a\/\",\"url\":\"https:\/\/mobilitas.lat\/es\/2023\/01\/24\/hasta-el-2-de-febrero-de-2023-esta-abierta-la-licitacion-que-otorga-la-concesion-para-modernizar-los-refugios-peatonales-del-sistema-de-transporte-colectivo-publico-de-montevideo-la-accion-alcanza-a\/\",\"name\":\"Hasta el 2 de febrero de 2023, est\u00e1 abierta la licitaci\u00f3n para modernizar los refugios peatonales del sistema de transporte p\u00fablico de Montevideo. La acci\u00f3n alcanza a 710 paradas | Mobilitas\",\"isPartOf\":{\"@id\":\"https:\/\/mobilitas.lat\/es\/#website\"},\"primaryImageOfPage\":{\"@id\":\"https:\/\/mobilitas.lat\/es\/2023\/01\/24\/hasta-el-2-de-febrero-de-2023-esta-abierta-la-licitacion-que-otorga-la-concesion-para-modernizar-los-refugios-peatonales-del-sistema-de-transporte-colectivo-publico-de-montevideo-la-accion-alcanza-a\/#primaryimage\"},\"image\":{\"@id\":\"https:\/\/mobilitas.lat\/es\/2023\/01\/24\/hasta-el-2-de-febrero-de-2023-esta-abierta-la-licitacion-que-otorga-la-concesion-para-modernizar-los-refugios-peatonales-del-sistema-de-transporte-colectivo-publico-de-montevideo-la-accion-alcanza-a\/#primaryimage\"},\"thumbnailUrl\":\"https:\/\/storage.mobilitas.lat\/uploads\/2021\/03\/MOBILITAS-MONTEVIDEU-ONIBUS-PARADA-DE-ONIBUS.jpg\",\"datePublished\":\"2023-01-25T01:01:35+00:00\",\"dateModified\":\"2023-01-25T02:34:09+00:00\",\"breadcrumb\":{\"@id\":\"https:\/\/mobilitas.lat\/es\/2023\/01\/24\/hasta-el-2-de-febrero-de-2023-esta-abierta-la-licitacion-que-otorga-la-concesion-para-modernizar-los-refugios-peatonales-del-sistema-de-transporte-colectivo-publico-de-montevideo-la-accion-alcanza-a\/#breadcrumb\"},\"inLanguage\":\"es-ES\",\"potentialAction\":[{\"@type\":\"ReadAction\",\"target\":[\"https:\/\/mobilitas.lat\/es\/2023\/01\/24\/hasta-el-2-de-febrero-de-2023-esta-abierta-la-licitacion-que-otorga-la-concesion-para-modernizar-los-refugios-peatonales-del-sistema-de-transporte-colectivo-publico-de-montevideo-la-accion-alcanza-a\/\"]}]},{\"@type\":\"ImageObject\",\"inLanguage\":\"es-ES\",\"@id\":\"https:\/\/mobilitas.lat\/es\/2023\/01\/24\/hasta-el-2-de-febrero-de-2023-esta-abierta-la-licitacion-que-otorga-la-concesion-para-modernizar-los-refugios-peatonales-del-sistema-de-transporte-colectivo-publico-de-montevideo-la-accion-alcanza-a\/#primaryimage\",\"url\":\"https:\/\/storage.mobilitas.lat\/uploads\/2021\/03\/MOBILITAS-MONTEVIDEU-ONIBUS-PARADA-DE-ONIBUS.jpg\",\"contentUrl\":\"https:\/\/storage.mobilitas.lat\/uploads\/2021\/03\/MOBILITAS-MONTEVIDEU-ONIBUS-PARADA-DE-ONIBUS.jpg\",\"width\":2560,\"height\":1591,\"caption\":\"Camino Cibils\"},{\"@type\":\"BreadcrumbList\",\"@id\":\"https:\/\/mobilitas.lat\/es\/2023\/01\/24\/hasta-el-2-de-febrero-de-2023-esta-abierta-la-licitacion-que-otorga-la-concesion-para-modernizar-los-refugios-peatonales-del-sistema-de-transporte-colectivo-publico-de-montevideo-la-accion-alcanza-a\/#breadcrumb\",\"itemListElement\":[{\"@type\":\"ListItem\",\"position\":1,\"name\":\"In\u00edcio\",\"item\":\"https:\/\/mobilitas.lat\/es\/\"},{\"@type\":\"ListItem\",\"position\":2,\"name\":\"Hasta el 2 de febrero de 2023, est\u00e1 abierta la licitaci\u00f3n para modernizar los refugios peatonales del sistema de transporte p\u00fablico de Montevideo. La acci\u00f3n alcanza a 710 paradas\"}]},{\"@type\":\"WebSite\",\"@id\":\"https:\/\/mobilitas.lat\/es\/#website\",\"url\":\"https:\/\/mobilitas.lat\/es\/\",\"name\":\"Mobilitas\",\"description\":\"Tecnologia e Mobilidade Urbana na Am\u00e9rica Latina\",\"publisher\":{\"@id\":\"https:\/\/mobilitas.lat\/es\/#organization\"},\"potentialAction\":[{\"@type\":\"SearchAction\",\"target\":{\"@type\":\"EntryPoint\",\"urlTemplate\":\"https:\/\/mobilitas.lat\/es\/?s={search_term_string}\"},\"query-input\":{\"@type\":\"PropertyValueSpecification\",\"valueRequired\":true,\"valueName\":\"search_term_string\"}}],\"inLanguage\":\"es-ES\"},{\"@type\":\"Organization\",\"@id\":\"https:\/\/mobilitas.lat\/es\/#organization\",\"name\":\"OTM Editora\",\"url\":\"https:\/\/mobilitas.lat\/es\/\",\"logo\":{\"@type\":\"ImageObject\",\"inLanguage\":\"es-ES\",\"@id\":\"https:\/\/mobilitas.lat\/es\/#\/schema\/logo\/image\/\",\"url\":\"https:\/\/mobilitas.lat\/wp-content\/uploads\/2024\/03\/opengraph.png\",\"contentUrl\":\"https:\/\/mobilitas.lat\/wp-content\/uploads\/2024\/03\/opengraph.png\",\"width\":1200,\"height\":630,\"caption\":\"OTM Editora\"},\"image\":{\"@id\":\"https:\/\/mobilitas.lat\/es\/#\/schema\/logo\/image\/\"}},{\"@type\":\"Person\",\"@id\":\"https:\/\/mobilitas.lat\/es\/#\/schema\/person\/cae0d01ccbe855d1858d146e4c4d582d\",\"name\":\"Alexandre Asquini\",\"image\":{\"@type\":\"ImageObject\",\"inLanguage\":\"es-ES\",\"@id\":\"https:\/\/mobilitas.lat\/es\/#\/schema\/person\/image\/\",\"url\":\"https:\/\/secure.gravatar.com\/avatar\/aac99dbef1420f75cc7d86913eb8a7cdfbe13e2509ad7a45649a61414f6d2785?s=96&d=mm&r=g\",\"contentUrl\":\"https:\/\/secure.gravatar.com\/avatar\/aac99dbef1420f75cc7d86913eb8a7cdfbe13e2509ad7a45649a61414f6d2785?s=96&d=mm&r=g\",\"caption\":\"Alexandre Asquini\"}}]}<\/script>\n<!-- \/ Yoast SEO plugin. -->","yoast_head_json":{"title":"Hasta el 2 de febrero de 2023, est\u00e1 abierta la licitaci\u00f3n para modernizar los refugios peatonales del sistema de transporte p\u00fablico de Montevideo. La acci\u00f3n alcanza a 710 paradas | Mobilitas","robots":{"index":"index","follow":"follow","max-snippet":"max-snippet:-1","max-image-preview":"max-image-preview:large","max-video-preview":"max-video-preview:-1"},"canonical":"https:\/\/mobilitas.lat\/es\/2023\/01\/24\/hasta-el-2-de-febrero-de-2023-esta-abierta-la-licitacion-que-otorga-la-concesion-para-modernizar-los-refugios-peatonales-del-sistema-de-transporte-colectivo-publico-de-montevideo-la-accion-alcanza-a\/","og_locale":"es_ES","og_type":"article","og_title":"Hasta el 2 de febrero de 2023, est\u00e1 abierta la licitaci\u00f3n para modernizar los refugios peatonales del sistema de transporte p\u00fablico de Montevideo. La acci\u00f3n alcanza a 710 paradas | Mobilitas","og_description":"La Intendencia de Montevideo informa que hasta el 2 de febrero de 2023 est\u00e1 abierta la licitaci\u00f3n que otorga la concesi\u00f3n para modernizar los refugios peatonales del sistema de transporte colectivo p\u00fablico de la capital uruguaya. Se trata de un proyecto de instalaci\u00f3n para el a\u00f1o 2023 de 440 nuevos refugios de metal, y la [&hellip;]","og_url":"https:\/\/mobilitas.lat\/es\/2023\/01\/24\/hasta-el-2-de-febrero-de-2023-esta-abierta-la-licitacion-que-otorga-la-concesion-para-modernizar-los-refugios-peatonales-del-sistema-de-transporte-colectivo-publico-de-montevideo-la-accion-alcanza-a\/","og_site_name":"Mobilitas","article_published_time":"2023-01-25T01:01:35+00:00","article_modified_time":"2023-01-25T02:34:09+00:00","og_image":[{"width":2560,"height":1591,"url":"https:\/\/storage.mobilitas.lat\/uploads\/2021\/03\/MOBILITAS-MONTEVIDEU-ONIBUS-PARADA-DE-ONIBUS.jpg","type":"image\/jpeg"}],"author":"Alexandre Asquini","twitter_card":"summary_large_image","twitter_misc":{"Written by":"Alexandre Asquini","Est. reading time":"2 minutes"},"schema":{"@context":"https:\/\/schema.org","@graph":[{"@type":"Article","@id":"https:\/\/mobilitas.lat\/es\/2023\/01\/24\/hasta-el-2-de-febrero-de-2023-esta-abierta-la-licitacion-que-otorga-la-concesion-para-modernizar-los-refugios-peatonales-del-sistema-de-transporte-colectivo-publico-de-montevideo-la-accion-alcanza-a\/#article","isPartOf":{"@id":"https:\/\/mobilitas.lat\/es\/2023\/01\/24\/hasta-el-2-de-febrero-de-2023-esta-abierta-la-licitacion-que-otorga-la-concesion-para-modernizar-los-refugios-peatonales-del-sistema-de-transporte-colectivo-publico-de-montevideo-la-accion-alcanza-a\/"},"author":{"name":"Alexandre Asquini","@id":"https:\/\/mobilitas.lat\/es\/#\/schema\/person\/cae0d01ccbe855d1858d146e4c4d582d"},"headline":"Hasta el 2 de febrero de 2023, est\u00e1 abierta la licitaci\u00f3n para modernizar los refugios peatonales del sistema de transporte p\u00fablico de Montevideo. La acci\u00f3n alcanza a 710 paradas","datePublished":"2023-01-25T01:01:35+00:00","dateModified":"2023-01-25T02:34:09+00:00","mainEntityOfPage":{"@id":"https:\/\/mobilitas.lat\/es\/2023\/01\/24\/hasta-el-2-de-febrero-de-2023-esta-abierta-la-licitacion-que-otorga-la-concesion-para-modernizar-los-refugios-peatonales-del-sistema-de-transporte-colectivo-publico-de-montevideo-la-accion-alcanza-a\/"},"wordCount":329,"publisher":{"@id":"https:\/\/mobilitas.lat\/es\/#organization"},"image":{"@id":"https:\/\/mobilitas.lat\/es\/2023\/01\/24\/hasta-el-2-de-febrero-de-2023-esta-abierta-la-licitacion-que-otorga-la-concesion-para-modernizar-los-refugios-peatonales-del-sistema-de-transporte-colectivo-publico-de-montevideo-la-accion-alcanza-a\/#primaryimage"},"thumbnailUrl":"https:\/\/storage.mobilitas.lat\/uploads\/2021\/03\/MOBILITAS-MONTEVIDEU-ONIBUS-PARADA-DE-ONIBUS.jpg","keywords":["Montevideo","MOVILIDAD"],"articleSection":["Notas"],"inLanguage":"es-ES"},{"@type":"WebPage","@id":"https:\/\/mobilitas.lat\/es\/2023\/01\/24\/hasta-el-2-de-febrero-de-2023-esta-abierta-la-licitacion-que-otorga-la-concesion-para-modernizar-los-refugios-peatonales-del-sistema-de-transporte-colectivo-publico-de-montevideo-la-accion-alcanza-a\/","url":"https:\/\/mobilitas.lat\/es\/2023\/01\/24\/hasta-el-2-de-febrero-de-2023-esta-abierta-la-licitacion-que-otorga-la-concesion-para-modernizar-los-refugios-peatonales-del-sistema-de-transporte-colectivo-publico-de-montevideo-la-accion-alcanza-a\/","name":"Hasta el 2 de febrero de 2023, est\u00e1 abierta la licitaci\u00f3n para modernizar los refugios peatonales del sistema de transporte p\u00fablico de Montevideo. La acci\u00f3n alcanza a 710 paradas | Mobilitas","isPartOf":{"@id":"https:\/\/mobilitas.lat\/es\/#website"},"primaryImageOfPage":{"@id":"https:\/\/mobilitas.lat\/es\/2023\/01\/24\/hasta-el-2-de-febrero-de-2023-esta-abierta-la-licitacion-que-otorga-la-concesion-para-modernizar-los-refugios-peatonales-del-sistema-de-transporte-colectivo-publico-de-montevideo-la-accion-alcanza-a\/#primaryimage"},"image":{"@id":"https:\/\/mobilitas.lat\/es\/2023\/01\/24\/hasta-el-2-de-febrero-de-2023-esta-abierta-la-licitacion-que-otorga-la-concesion-para-modernizar-los-refugios-peatonales-del-sistema-de-transporte-colectivo-publico-de-montevideo-la-accion-alcanza-a\/#primaryimage"},"thumbnailUrl":"https:\/\/storage.mobilitas.lat\/uploads\/2021\/03\/MOBILITAS-MONTEVIDEU-ONIBUS-PARADA-DE-ONIBUS.jpg","datePublished":"2023-01-25T01:01:35+00:00","dateModified":"2023-01-25T02:34:09+00:00","breadcrumb":{"@id":"https:\/\/mobilitas.lat\/es\/2023\/01\/24\/hasta-el-2-de-febrero-de-2023-esta-abierta-la-licitacion-que-otorga-la-concesion-para-modernizar-los-refugios-peatonales-del-sistema-de-transporte-colectivo-publico-de-montevideo-la-accion-alcanza-a\/#breadcrumb"},"inLanguage":"es-ES","potentialAction":[{"@type":"ReadAction","target":["https:\/\/mobilitas.lat\/es\/2023\/01\/24\/hasta-el-2-de-febrero-de-2023-esta-abierta-la-licitacion-que-otorga-la-concesion-para-modernizar-los-refugios-peatonales-del-sistema-de-transporte-colectivo-publico-de-montevideo-la-accion-alcanza-a\/"]}]},{"@type":"ImageObject","inLanguage":"es-ES","@id":"https:\/\/mobilitas.lat\/es\/2023\/01\/24\/hasta-el-2-de-febrero-de-2023-esta-abierta-la-licitacion-que-otorga-la-concesion-para-modernizar-los-refugios-peatonales-del-sistema-de-transporte-colectivo-publico-de-montevideo-la-accion-alcanza-a\/#primaryimage","url":"https:\/\/storage.mobilitas.lat\/uploads\/2021\/03\/MOBILITAS-MONTEVIDEU-ONIBUS-PARADA-DE-ONIBUS.jpg","contentUrl":"https:\/\/storage.mobilitas.lat\/uploads\/2021\/03\/MOBILITAS-MONTEVIDEU-ONIBUS-PARADA-DE-ONIBUS.jpg","width":2560,"height":1591,"caption":"Camino Cibils"},{"@type":"BreadcrumbList","@id":"https:\/\/mobilitas.lat\/es\/2023\/01\/24\/hasta-el-2-de-febrero-de-2023-esta-abierta-la-licitacion-que-otorga-la-concesion-para-modernizar-los-refugios-peatonales-del-sistema-de-transporte-colectivo-publico-de-montevideo-la-accion-alcanza-a\/#breadcrumb","itemListElement":[{"@type":"ListItem","position":1,"name":"In\u00edcio","item":"https:\/\/mobilitas.lat\/es\/"},{"@type":"ListItem","position":2,"name":"Hasta el 2 de febrero de 2023, est\u00e1 abierta la licitaci\u00f3n para modernizar los refugios peatonales del sistema de transporte p\u00fablico de Montevideo. La acci\u00f3n alcanza a 710 paradas"}]},{"@type":"WebSite","@id":"https:\/\/mobilitas.lat\/es\/#website","url":"https:\/\/mobilitas.lat\/es\/","name":"Mobilitas","description":"Tecnologia e Mobilidade Urbana na Am\u00e9rica Latina","publisher":{"@id":"https:\/\/mobilitas.lat\/es\/#organization"},"potentialAction":[{"@type":"SearchAction","target":{"@type":"EntryPoint","urlTemplate":"https:\/\/mobilitas.lat\/es\/?s={search_term_string}"},"query-input":{"@type":"PropertyValueSpecification","valueRequired":true,"valueName":"search_term_string"}}],"inLanguage":"es-ES"},{"@type":"Organization","@id":"https:\/\/mobilitas.lat\/es\/#organization","name":"OTM Editora","url":"https:\/\/mobilitas.lat\/es\/","logo":{"@type":"ImageObject","inLanguage":"es-ES","@id":"https:\/\/mobilitas.lat\/es\/#\/schema\/logo\/image\/","url":"https:\/\/mobilitas.lat\/wp-content\/uploads\/2024\/03\/opengraph.png","contentUrl":"https:\/\/mobilitas.lat\/wp-content\/uploads\/2024\/03\/opengraph.png","width":1200,"height":630,"caption":"OTM Editora"},"image":{"@id":"https:\/\/mobilitas.lat\/es\/#\/schema\/logo\/image\/"}},{"@type":"Person","@id":"https:\/\/mobilitas.lat\/es\/#\/schema\/person\/cae0d01ccbe855d1858d146e4c4d582d","name":"Alexandre Asquini","image":{"@type":"ImageObject","inLanguage":"es-ES","@id":"https:\/\/mobilitas.lat\/es\/#\/schema\/person\/image\/","url":"https:\/\/secure.gravatar.com\/avatar\/aac99dbef1420f75cc7d86913eb8a7cdfbe13e2509ad7a45649a61414f6d2785?s=96&d=mm&r=g","contentUrl":"https:\/\/secure.gravatar.com\/avatar\/aac99dbef1420f75cc7d86913eb8a7cdfbe13e2509ad7a45649a61414f6d2785?s=96&d=mm&r=g","caption":"Alexandre Asquini"}}]}},"_links":{"self":[{"href":"https:\/\/mobilitas.lat\/es\/wp-json\/wp\/v2\/posts\/16279","targetHints":{"allow":["GET"]}}],"collection":[{"href":"https:\/\/mobilitas.lat\/es\/wp-json\/wp\/v2\/posts"}],"about":[{"href":"https:\/\/mobilitas.lat\/es\/wp-json\/wp\/v2\/types\/post"}],"author":[{"embeddable":true,"href":"https:\/\/mobilitas.lat\/es\/wp-json\/wp\/v2\/users\/2"}],"replies":[{"embeddable":true,"href":"https:\/\/mobilitas.lat\/es\/wp-json\/wp\/v2\/comments?post=16279"}],"version-history":[{"count":4,"href":"https:\/\/mobilitas.lat\/es\/wp-json\/wp\/v2\/posts\/16279\/revisions"}],"predecessor-version":[{"id":16308,"href":"https:\/\/mobilitas.lat\/es\/wp-json\/wp\/v2\/posts\/16279\/revisions\/16308"}],"wp:featuredmedia":[{"embeddable":true,"href":"https:\/\/mobilitas.lat\/es\/wp-json\/wp\/v2\/media\/10091"}],"wp:attachment":[{"href":"https:\/\/mobilitas.lat\/es\/wp-json\/wp\/v2\/media?parent=16279"}],"wp:term":[{"taxonomy":"category","embeddable":true,"href":"https:\/\/mobilitas.lat\/es\/wp-json\/wp\/v2\/categories?post=16279"},{"taxonomy":"post_tag","embeddable":true,"href":"https:\/\/mobilitas.lat\/es\/wp-json\/wp\/v2\/tags?post=16279"}],"curies":[{"name":"wp","href":"https:\/\/api.w.org\/{rel}","templated":true}]}}