{"id":16241,"date":"2022-12-23T12:11:20","date_gmt":"2022-12-23T15:11:20","guid":{"rendered":"https:\/\/mobilitas.lat\/?p=16241"},"modified":"2022-12-23T12:14:27","modified_gmt":"2022-12-23T15:14:27","slug":"sptrans-sao-paulo-transporte-s-a-gestora-del-sistema-de-transporte-publico-en-autobus-de-la-ciudad-de-sao-paulo-brasil-informa-que-sufrio-un-ciberdelito-este-mes-de-diciembre-con-exposicion-de-d","status":"publish","type":"post","link":"https:\/\/mobilitas.lat\/es\/2022\/12\/23\/sptrans-sao-paulo-transporte-s-a-gestora-del-sistema-de-transporte-publico-en-autobus-de-la-ciudad-de-sao-paulo-brasil-informa-que-sufrio-un-ciberdelito-este-mes-de-diciembre-con-exposicion-de-d\/","title":{"rendered":"SPTrans (S\u00e3o Paulo Transporte S\/A), gestora del sistema de transporte p\u00fablico en autob\u00fas de la ciudad de S\u00e3o Paulo, Brasil, informa que sufri\u00f3 un ciberdelito este mes de diciembre, con exposici\u00f3n de datos de 13 millones de usuarios"},"content":{"rendered":"\n<figure class=\"wp-block-image size-large\"><img loading=\"lazy\" decoding=\"async\" width=\"820\" height=\"506\" src=\"https:\/\/storage.mobilitas.lat\/uploads\/2022\/12\/MOBILITAS-SPTRANS-GENTE-NO-PONTO-FOTO-ROVENA-ROSA-EBC.jpg\" alt=\"\" class=\"wp-image-16245\" srcset=\"https:\/\/storage.mobilitas.lat\/uploads\/2022\/12\/MOBILITAS-SPTRANS-GENTE-NO-PONTO-FOTO-ROVENA-ROSA-EBC.jpg 820w, https:\/\/storage.mobilitas.lat\/uploads\/2022\/12\/MOBILITAS-SPTRANS-GENTE-NO-PONTO-FOTO-ROVENA-ROSA-EBC-300x185.jpg 300w, https:\/\/storage.mobilitas.lat\/uploads\/2022\/12\/MOBILITAS-SPTRANS-GENTE-NO-PONTO-FOTO-ROVENA-ROSA-EBC-768x474.jpg 768w\" sizes=\"auto, (max-width: 820px) 100vw, 820px\" \/><\/figure>\n\n\n\n<p>SPTrans (S\u00e3o Paulo Transporte S\/A), gestora del sistema de transporte p\u00fablico de autobuses de la ciudad de S\u00e3o Paulo, Brasil, inform\u00f3 en un comunicado oficial emitido esta ma\u00f1ana, 23 de diciembre de 2022, que los datos de 13 millones de usuarios del Bilhete \u00danico han sido expuestos con un hackeo del sistema.<strong><em>(Technibus)<\/em><\/strong><\/p>\n\n\n\n<p>Este es el comunicado de SPTrans:<\/p>\n\n\n\n<ul class=\"wp-block-list\"><li><em>&#8220;SPTrans informa que el jueves (15\/12) tuvo conocimiento de que sus sistemas fueron objeto de un cibercrimen que result\u00f3 en la exposici\u00f3n de datos de registro de usuarios de Bilhete \u00danico. SPTrans identific\u00f3 que los datos expuestos por terceros este mes se basan en el mes de abril de 2020.<\/em><\/li><\/ul>\n\n\n\n<ul class=\"wp-block-list\"><li><em>Tras confirmar los hechos, SPTrans lo notific\u00f3 a la Autoridad Nacional de Protecci\u00f3n de Datos (ANPD) y posteriormente comunic\u00f3 el incidente a la Divisi\u00f3n de Ciberdelincuencia (DCCIBER) del Departamento Estatal de Investigaci\u00f3n Criminal (DEIC) de la Polic\u00eda Civil del Estado de S\u00e3o Paulo, solicitando la apertura de una investigaci\u00f3n criminal para investigar el origen y la autor\u00eda de la filtraci\u00f3n.<\/em><\/li><\/ul>\n\n\n\n<ul class=\"wp-block-list\"><li><em>Los datos contienen 13 millones de registros de usuarios del Billete \u00danico con: nombre, nombre social, fecha de nacimiento, CPF, RG, direcci\u00f3n, n\u00famero de tel\u00e9fono, filiaci\u00f3n, PIS, matr\u00edcula de estudiante, estado civil, lugar de nacimiento, sexo, correo electr\u00f3nico y nombre de usuario y contrase\u00f1a del portal de servicios SPTrans en Internet.<\/em><\/li><\/ul>\n\n\n\n<ul class=\"wp-block-list\"><li><em>No es necesario que los pasajeros acudan a una estaci\u00f3n de servicio de SPTrans. Adem\u00e1s, es importante aclarar que las tarjetas de Billete \u00danico permanecen activas y sus respectivos saldos se conservan, sin p\u00e9rdida en los cr\u00e9ditos utilizados en el servicio de transporte.<\/em><\/li><\/ul>\n\n\n\n<ul class=\"wp-block-list\"><li><em>SPTrans repudia el acto criminal del que, junto con la poblaci\u00f3n, fue v\u00edctima y lamenta el incidente.<\/em><\/li><\/ul>\n\n\n\n<ul class=\"wp-block-list\"><li><em>En l\u00ednea con la Ley General de Protecci\u00f3n de Datos de Car\u00e1cter Personal (LGPD), SPTrans informa que ha venido reforzando las medidas t\u00e9cnicas y de seguridad para proteger los datos personales de los usuarios del Billete \u00danico, incluyendo la contrataci\u00f3n de empresas especializadas en ciberseguridad.<\/em><\/li><\/ul>\n\n\n\n<ul class=\"wp-block-list\"><li><em>Guiados por la transparencia y el comportamiento \u00e9tico responsable, los titulares de los datos expuestos est\u00e1n siendo avisados del incidente desde este viernes (23) por correo electr\u00f3nico, siempre que dispongan de una direcci\u00f3n de correo v\u00e1lida y actualizada en su registro. Como medida de seguridad, el comunicado aconseja a todos que cambien sus contrase\u00f1as en el sitio web Bilhete \u00danico. Tambi\u00e9n se publicar\u00e1 en la p\u00e1gina web de SPTrans y en los pr\u00f3ximos d\u00edas se har\u00e1 difusi\u00f3n en las redes sociales, con el objetivo de llegar al mayor n\u00famero de personas.&#8221;<\/em><\/li><\/ul>\n","protected":false},"excerpt":{"rendered":"<p>SPTrans (S\u00e3o Paulo Transporte S\/A), gestora del sistema de transporte p\u00fablico de autobuses de la ciudad de S\u00e3o Paulo, Brasil, inform\u00f3 en un comunicado oficial emitido esta ma\u00f1ana, 23 de diciembre de 2022, que los datos de 13 millones de usuarios del Bilhete \u00danico han sido expuestos con un hackeo del sistema.(Technibus) Este es el [&hellip;]<\/p>\n","protected":false},"author":2,"featured_media":16245,"comment_status":"closed","ping_status":"closed","sticky":false,"template":"","format":"standard","meta":{"footnotes":""},"categories":[287,298],"tags":[],"class_list":["post-16241","post","type-post","status-publish","format-standard","has-post-thumbnail","hentry","category-notas","category-radar-es"],"yoast_head":"<!-- This site is optimized with the Yoast SEO plugin v26.9 - https:\/\/yoast.com\/product\/yoast-seo-wordpress\/ -->\n<title>SPTrans (S\u00e3o Paulo Transporte S\/A), gestora del sistema de transporte p\u00fablico en autob\u00fas de la ciudad de S\u00e3o Paulo, Brasil, informa que sufri\u00f3 un ciberdelito este mes de diciembre, con exposici\u00f3n de datos de 13 millones de usuarios | Mobilitas<\/title>\n<meta name=\"robots\" content=\"index, follow, max-snippet:-1, max-image-preview:large, max-video-preview:-1\" \/>\n<link rel=\"canonical\" href=\"https:\/\/mobilitas.lat\/es\/2022\/12\/23\/sptrans-sao-paulo-transporte-s-a-gestora-del-sistema-de-transporte-publico-en-autobus-de-la-ciudad-de-sao-paulo-brasil-informa-que-sufrio-un-ciberdelito-este-mes-de-diciembre-con-exposicion-de-d\/\" \/>\n<meta property=\"og:locale\" content=\"es_ES\" \/>\n<meta property=\"og:type\" content=\"article\" \/>\n<meta property=\"og:title\" content=\"SPTrans (S\u00e3o Paulo Transporte S\/A), gestora del sistema de transporte p\u00fablico en autob\u00fas de la ciudad de S\u00e3o Paulo, Brasil, informa que sufri\u00f3 un ciberdelito este mes de diciembre, con exposici\u00f3n de datos de 13 millones de usuarios | Mobilitas\" \/>\n<meta property=\"og:description\" content=\"SPTrans (S\u00e3o Paulo Transporte S\/A), gestora del sistema de transporte p\u00fablico de autobuses de la ciudad de S\u00e3o Paulo, Brasil, inform\u00f3 en un comunicado oficial emitido esta ma\u00f1ana, 23 de diciembre de 2022, que los datos de 13 millones de usuarios del Bilhete \u00danico han sido expuestos con un hackeo del sistema.(Technibus) Este es el [&hellip;]\" \/>\n<meta property=\"og:url\" content=\"https:\/\/mobilitas.lat\/es\/2022\/12\/23\/sptrans-sao-paulo-transporte-s-a-gestora-del-sistema-de-transporte-publico-en-autobus-de-la-ciudad-de-sao-paulo-brasil-informa-que-sufrio-un-ciberdelito-este-mes-de-diciembre-con-exposicion-de-d\/\" \/>\n<meta property=\"og:site_name\" content=\"Mobilitas\" \/>\n<meta property=\"article:published_time\" content=\"2022-12-23T15:11:20+00:00\" \/>\n<meta property=\"article:modified_time\" content=\"2022-12-23T15:14:27+00:00\" \/>\n<meta property=\"og:image\" content=\"https:\/\/storage.mobilitas.lat\/uploads\/2022\/12\/MOBILITAS-SPTRANS-GENTE-NO-PONTO-FOTO-ROVENA-ROSA-EBC.jpg\" \/>\n\t<meta property=\"og:image:width\" content=\"820\" \/>\n\t<meta property=\"og:image:height\" content=\"506\" \/>\n\t<meta property=\"og:image:type\" content=\"image\/jpeg\" \/>\n<meta name=\"author\" content=\"Alexandre Asquini\" \/>\n<meta name=\"twitter:card\" content=\"summary_large_image\" \/>\n<meta name=\"twitter:label1\" content=\"Written by\" \/>\n\t<meta name=\"twitter:data1\" content=\"Alexandre Asquini\" \/>\n\t<meta name=\"twitter:label2\" content=\"Est. reading time\" \/>\n\t<meta name=\"twitter:data2\" content=\"2 minutes\" \/>\n<script type=\"application\/ld+json\" class=\"yoast-schema-graph\">{\"@context\":\"https:\/\/schema.org\",\"@graph\":[{\"@type\":\"Article\",\"@id\":\"https:\/\/mobilitas.lat\/es\/2022\/12\/23\/sptrans-sao-paulo-transporte-s-a-gestora-del-sistema-de-transporte-publico-en-autobus-de-la-ciudad-de-sao-paulo-brasil-informa-que-sufrio-un-ciberdelito-este-mes-de-diciembre-con-exposicion-de-d\/#article\",\"isPartOf\":{\"@id\":\"https:\/\/mobilitas.lat\/es\/2022\/12\/23\/sptrans-sao-paulo-transporte-s-a-gestora-del-sistema-de-transporte-publico-en-autobus-de-la-ciudad-de-sao-paulo-brasil-informa-que-sufrio-un-ciberdelito-este-mes-de-diciembre-con-exposicion-de-d\/\"},\"author\":{\"name\":\"Alexandre Asquini\",\"@id\":\"https:\/\/mobilitas.lat\/es\/#\/schema\/person\/cae0d01ccbe855d1858d146e4c4d582d\"},\"headline\":\"SPTrans (S\u00e3o Paulo Transporte S\/A), gestora del sistema de transporte p\u00fablico en autob\u00fas de la ciudad de S\u00e3o Paulo, Brasil, informa que sufri\u00f3 un ciberdelito este mes de diciembre, con exposici\u00f3n de datos de 13 millones de usuarios\",\"datePublished\":\"2022-12-23T15:11:20+00:00\",\"dateModified\":\"2022-12-23T15:14:27+00:00\",\"mainEntityOfPage\":{\"@id\":\"https:\/\/mobilitas.lat\/es\/2022\/12\/23\/sptrans-sao-paulo-transporte-s-a-gestora-del-sistema-de-transporte-publico-en-autobus-de-la-ciudad-de-sao-paulo-brasil-informa-que-sufrio-un-ciberdelito-este-mes-de-diciembre-con-exposicion-de-d\/\"},\"wordCount\":495,\"publisher\":{\"@id\":\"https:\/\/mobilitas.lat\/es\/#organization\"},\"image\":{\"@id\":\"https:\/\/mobilitas.lat\/es\/2022\/12\/23\/sptrans-sao-paulo-transporte-s-a-gestora-del-sistema-de-transporte-publico-en-autobus-de-la-ciudad-de-sao-paulo-brasil-informa-que-sufrio-un-ciberdelito-este-mes-de-diciembre-con-exposicion-de-d\/#primaryimage\"},\"thumbnailUrl\":\"https:\/\/storage.mobilitas.lat\/uploads\/2022\/12\/MOBILITAS-SPTRANS-GENTE-NO-PONTO-FOTO-ROVENA-ROSA-EBC.jpg\",\"articleSection\":[\"Notas\",\"Radar\"],\"inLanguage\":\"es-ES\"},{\"@type\":\"WebPage\",\"@id\":\"https:\/\/mobilitas.lat\/es\/2022\/12\/23\/sptrans-sao-paulo-transporte-s-a-gestora-del-sistema-de-transporte-publico-en-autobus-de-la-ciudad-de-sao-paulo-brasil-informa-que-sufrio-un-ciberdelito-este-mes-de-diciembre-con-exposicion-de-d\/\",\"url\":\"https:\/\/mobilitas.lat\/es\/2022\/12\/23\/sptrans-sao-paulo-transporte-s-a-gestora-del-sistema-de-transporte-publico-en-autobus-de-la-ciudad-de-sao-paulo-brasil-informa-que-sufrio-un-ciberdelito-este-mes-de-diciembre-con-exposicion-de-d\/\",\"name\":\"SPTrans (S\u00e3o Paulo Transporte S\/A), gestora del sistema de transporte p\u00fablico en autob\u00fas de la ciudad de S\u00e3o Paulo, Brasil, informa que sufri\u00f3 un ciberdelito este mes de diciembre, con exposici\u00f3n de datos de 13 millones de usuarios | Mobilitas\",\"isPartOf\":{\"@id\":\"https:\/\/mobilitas.lat\/es\/#website\"},\"primaryImageOfPage\":{\"@id\":\"https:\/\/mobilitas.lat\/es\/2022\/12\/23\/sptrans-sao-paulo-transporte-s-a-gestora-del-sistema-de-transporte-publico-en-autobus-de-la-ciudad-de-sao-paulo-brasil-informa-que-sufrio-un-ciberdelito-este-mes-de-diciembre-con-exposicion-de-d\/#primaryimage\"},\"image\":{\"@id\":\"https:\/\/mobilitas.lat\/es\/2022\/12\/23\/sptrans-sao-paulo-transporte-s-a-gestora-del-sistema-de-transporte-publico-en-autobus-de-la-ciudad-de-sao-paulo-brasil-informa-que-sufrio-un-ciberdelito-este-mes-de-diciembre-con-exposicion-de-d\/#primaryimage\"},\"thumbnailUrl\":\"https:\/\/storage.mobilitas.lat\/uploads\/2022\/12\/MOBILITAS-SPTRANS-GENTE-NO-PONTO-FOTO-ROVENA-ROSA-EBC.jpg\",\"datePublished\":\"2022-12-23T15:11:20+00:00\",\"dateModified\":\"2022-12-23T15:14:27+00:00\",\"breadcrumb\":{\"@id\":\"https:\/\/mobilitas.lat\/es\/2022\/12\/23\/sptrans-sao-paulo-transporte-s-a-gestora-del-sistema-de-transporte-publico-en-autobus-de-la-ciudad-de-sao-paulo-brasil-informa-que-sufrio-un-ciberdelito-este-mes-de-diciembre-con-exposicion-de-d\/#breadcrumb\"},\"inLanguage\":\"es-ES\",\"potentialAction\":[{\"@type\":\"ReadAction\",\"target\":[\"https:\/\/mobilitas.lat\/es\/2022\/12\/23\/sptrans-sao-paulo-transporte-s-a-gestora-del-sistema-de-transporte-publico-en-autobus-de-la-ciudad-de-sao-paulo-brasil-informa-que-sufrio-un-ciberdelito-este-mes-de-diciembre-con-exposicion-de-d\/\"]}]},{\"@type\":\"ImageObject\",\"inLanguage\":\"es-ES\",\"@id\":\"https:\/\/mobilitas.lat\/es\/2022\/12\/23\/sptrans-sao-paulo-transporte-s-a-gestora-del-sistema-de-transporte-publico-en-autobus-de-la-ciudad-de-sao-paulo-brasil-informa-que-sufrio-un-ciberdelito-este-mes-de-diciembre-con-exposicion-de-d\/#primaryimage\",\"url\":\"https:\/\/storage.mobilitas.lat\/uploads\/2022\/12\/MOBILITAS-SPTRANS-GENTE-NO-PONTO-FOTO-ROVENA-ROSA-EBC.jpg\",\"contentUrl\":\"https:\/\/storage.mobilitas.lat\/uploads\/2022\/12\/MOBILITAS-SPTRANS-GENTE-NO-PONTO-FOTO-ROVENA-ROSA-EBC.jpg\",\"width\":820,\"height\":506},{\"@type\":\"BreadcrumbList\",\"@id\":\"https:\/\/mobilitas.lat\/es\/2022\/12\/23\/sptrans-sao-paulo-transporte-s-a-gestora-del-sistema-de-transporte-publico-en-autobus-de-la-ciudad-de-sao-paulo-brasil-informa-que-sufrio-un-ciberdelito-este-mes-de-diciembre-con-exposicion-de-d\/#breadcrumb\",\"itemListElement\":[{\"@type\":\"ListItem\",\"position\":1,\"name\":\"In\u00edcio\",\"item\":\"https:\/\/mobilitas.lat\/es\/\"},{\"@type\":\"ListItem\",\"position\":2,\"name\":\"SPTrans (S\u00e3o Paulo Transporte S\/A), gestora del sistema de transporte p\u00fablico en autob\u00fas de la ciudad de S\u00e3o Paulo, Brasil, informa que sufri\u00f3 un ciberdelito este mes de diciembre, con exposici\u00f3n de datos de 13 millones de usuarios\"}]},{\"@type\":\"WebSite\",\"@id\":\"https:\/\/mobilitas.lat\/es\/#website\",\"url\":\"https:\/\/mobilitas.lat\/es\/\",\"name\":\"Mobilitas\",\"description\":\"Tecnologia e Mobilidade Urbana na Am\u00e9rica Latina\",\"publisher\":{\"@id\":\"https:\/\/mobilitas.lat\/es\/#organization\"},\"potentialAction\":[{\"@type\":\"SearchAction\",\"target\":{\"@type\":\"EntryPoint\",\"urlTemplate\":\"https:\/\/mobilitas.lat\/es\/?s={search_term_string}\"},\"query-input\":{\"@type\":\"PropertyValueSpecification\",\"valueRequired\":true,\"valueName\":\"search_term_string\"}}],\"inLanguage\":\"es-ES\"},{\"@type\":\"Organization\",\"@id\":\"https:\/\/mobilitas.lat\/es\/#organization\",\"name\":\"OTM Editora\",\"url\":\"https:\/\/mobilitas.lat\/es\/\",\"logo\":{\"@type\":\"ImageObject\",\"inLanguage\":\"es-ES\",\"@id\":\"https:\/\/mobilitas.lat\/es\/#\/schema\/logo\/image\/\",\"url\":\"https:\/\/mobilitas.lat\/wp-content\/uploads\/2024\/03\/opengraph.png\",\"contentUrl\":\"https:\/\/mobilitas.lat\/wp-content\/uploads\/2024\/03\/opengraph.png\",\"width\":1200,\"height\":630,\"caption\":\"OTM Editora\"},\"image\":{\"@id\":\"https:\/\/mobilitas.lat\/es\/#\/schema\/logo\/image\/\"}},{\"@type\":\"Person\",\"@id\":\"https:\/\/mobilitas.lat\/es\/#\/schema\/person\/cae0d01ccbe855d1858d146e4c4d582d\",\"name\":\"Alexandre Asquini\",\"image\":{\"@type\":\"ImageObject\",\"inLanguage\":\"es-ES\",\"@id\":\"https:\/\/mobilitas.lat\/es\/#\/schema\/person\/image\/\",\"url\":\"https:\/\/secure.gravatar.com\/avatar\/aac99dbef1420f75cc7d86913eb8a7cdfbe13e2509ad7a45649a61414f6d2785?s=96&d=mm&r=g\",\"contentUrl\":\"https:\/\/secure.gravatar.com\/avatar\/aac99dbef1420f75cc7d86913eb8a7cdfbe13e2509ad7a45649a61414f6d2785?s=96&d=mm&r=g\",\"caption\":\"Alexandre Asquini\"}}]}<\/script>\n<!-- \/ Yoast SEO plugin. -->","yoast_head_json":{"title":"SPTrans (S\u00e3o Paulo Transporte S\/A), gestora del sistema de transporte p\u00fablico en autob\u00fas de la ciudad de S\u00e3o Paulo, Brasil, informa que sufri\u00f3 un ciberdelito este mes de diciembre, con exposici\u00f3n de datos de 13 millones de usuarios | Mobilitas","robots":{"index":"index","follow":"follow","max-snippet":"max-snippet:-1","max-image-preview":"max-image-preview:large","max-video-preview":"max-video-preview:-1"},"canonical":"https:\/\/mobilitas.lat\/es\/2022\/12\/23\/sptrans-sao-paulo-transporte-s-a-gestora-del-sistema-de-transporte-publico-en-autobus-de-la-ciudad-de-sao-paulo-brasil-informa-que-sufrio-un-ciberdelito-este-mes-de-diciembre-con-exposicion-de-d\/","og_locale":"es_ES","og_type":"article","og_title":"SPTrans (S\u00e3o Paulo Transporte S\/A), gestora del sistema de transporte p\u00fablico en autob\u00fas de la ciudad de S\u00e3o Paulo, Brasil, informa que sufri\u00f3 un ciberdelito este mes de diciembre, con exposici\u00f3n de datos de 13 millones de usuarios | Mobilitas","og_description":"SPTrans (S\u00e3o Paulo Transporte S\/A), gestora del sistema de transporte p\u00fablico de autobuses de la ciudad de S\u00e3o Paulo, Brasil, inform\u00f3 en un comunicado oficial emitido esta ma\u00f1ana, 23 de diciembre de 2022, que los datos de 13 millones de usuarios del Bilhete \u00danico han sido expuestos con un hackeo del sistema.(Technibus) Este es el [&hellip;]","og_url":"https:\/\/mobilitas.lat\/es\/2022\/12\/23\/sptrans-sao-paulo-transporte-s-a-gestora-del-sistema-de-transporte-publico-en-autobus-de-la-ciudad-de-sao-paulo-brasil-informa-que-sufrio-un-ciberdelito-este-mes-de-diciembre-con-exposicion-de-d\/","og_site_name":"Mobilitas","article_published_time":"2022-12-23T15:11:20+00:00","article_modified_time":"2022-12-23T15:14:27+00:00","og_image":[{"width":820,"height":506,"url":"https:\/\/storage.mobilitas.lat\/uploads\/2022\/12\/MOBILITAS-SPTRANS-GENTE-NO-PONTO-FOTO-ROVENA-ROSA-EBC.jpg","type":"image\/jpeg"}],"author":"Alexandre Asquini","twitter_card":"summary_large_image","twitter_misc":{"Written by":"Alexandre Asquini","Est. reading time":"2 minutes"},"schema":{"@context":"https:\/\/schema.org","@graph":[{"@type":"Article","@id":"https:\/\/mobilitas.lat\/es\/2022\/12\/23\/sptrans-sao-paulo-transporte-s-a-gestora-del-sistema-de-transporte-publico-en-autobus-de-la-ciudad-de-sao-paulo-brasil-informa-que-sufrio-un-ciberdelito-este-mes-de-diciembre-con-exposicion-de-d\/#article","isPartOf":{"@id":"https:\/\/mobilitas.lat\/es\/2022\/12\/23\/sptrans-sao-paulo-transporte-s-a-gestora-del-sistema-de-transporte-publico-en-autobus-de-la-ciudad-de-sao-paulo-brasil-informa-que-sufrio-un-ciberdelito-este-mes-de-diciembre-con-exposicion-de-d\/"},"author":{"name":"Alexandre Asquini","@id":"https:\/\/mobilitas.lat\/es\/#\/schema\/person\/cae0d01ccbe855d1858d146e4c4d582d"},"headline":"SPTrans (S\u00e3o Paulo Transporte S\/A), gestora del sistema de transporte p\u00fablico en autob\u00fas de la ciudad de S\u00e3o Paulo, Brasil, informa que sufri\u00f3 un ciberdelito este mes de diciembre, con exposici\u00f3n de datos de 13 millones de usuarios","datePublished":"2022-12-23T15:11:20+00:00","dateModified":"2022-12-23T15:14:27+00:00","mainEntityOfPage":{"@id":"https:\/\/mobilitas.lat\/es\/2022\/12\/23\/sptrans-sao-paulo-transporte-s-a-gestora-del-sistema-de-transporte-publico-en-autobus-de-la-ciudad-de-sao-paulo-brasil-informa-que-sufrio-un-ciberdelito-este-mes-de-diciembre-con-exposicion-de-d\/"},"wordCount":495,"publisher":{"@id":"https:\/\/mobilitas.lat\/es\/#organization"},"image":{"@id":"https:\/\/mobilitas.lat\/es\/2022\/12\/23\/sptrans-sao-paulo-transporte-s-a-gestora-del-sistema-de-transporte-publico-en-autobus-de-la-ciudad-de-sao-paulo-brasil-informa-que-sufrio-un-ciberdelito-este-mes-de-diciembre-con-exposicion-de-d\/#primaryimage"},"thumbnailUrl":"https:\/\/storage.mobilitas.lat\/uploads\/2022\/12\/MOBILITAS-SPTRANS-GENTE-NO-PONTO-FOTO-ROVENA-ROSA-EBC.jpg","articleSection":["Notas","Radar"],"inLanguage":"es-ES"},{"@type":"WebPage","@id":"https:\/\/mobilitas.lat\/es\/2022\/12\/23\/sptrans-sao-paulo-transporte-s-a-gestora-del-sistema-de-transporte-publico-en-autobus-de-la-ciudad-de-sao-paulo-brasil-informa-que-sufrio-un-ciberdelito-este-mes-de-diciembre-con-exposicion-de-d\/","url":"https:\/\/mobilitas.lat\/es\/2022\/12\/23\/sptrans-sao-paulo-transporte-s-a-gestora-del-sistema-de-transporte-publico-en-autobus-de-la-ciudad-de-sao-paulo-brasil-informa-que-sufrio-un-ciberdelito-este-mes-de-diciembre-con-exposicion-de-d\/","name":"SPTrans (S\u00e3o Paulo Transporte S\/A), gestora del sistema de transporte p\u00fablico en autob\u00fas de la ciudad de S\u00e3o Paulo, Brasil, informa que sufri\u00f3 un ciberdelito este mes de diciembre, con exposici\u00f3n de datos de 13 millones de usuarios | Mobilitas","isPartOf":{"@id":"https:\/\/mobilitas.lat\/es\/#website"},"primaryImageOfPage":{"@id":"https:\/\/mobilitas.lat\/es\/2022\/12\/23\/sptrans-sao-paulo-transporte-s-a-gestora-del-sistema-de-transporte-publico-en-autobus-de-la-ciudad-de-sao-paulo-brasil-informa-que-sufrio-un-ciberdelito-este-mes-de-diciembre-con-exposicion-de-d\/#primaryimage"},"image":{"@id":"https:\/\/mobilitas.lat\/es\/2022\/12\/23\/sptrans-sao-paulo-transporte-s-a-gestora-del-sistema-de-transporte-publico-en-autobus-de-la-ciudad-de-sao-paulo-brasil-informa-que-sufrio-un-ciberdelito-este-mes-de-diciembre-con-exposicion-de-d\/#primaryimage"},"thumbnailUrl":"https:\/\/storage.mobilitas.lat\/uploads\/2022\/12\/MOBILITAS-SPTRANS-GENTE-NO-PONTO-FOTO-ROVENA-ROSA-EBC.jpg","datePublished":"2022-12-23T15:11:20+00:00","dateModified":"2022-12-23T15:14:27+00:00","breadcrumb":{"@id":"https:\/\/mobilitas.lat\/es\/2022\/12\/23\/sptrans-sao-paulo-transporte-s-a-gestora-del-sistema-de-transporte-publico-en-autobus-de-la-ciudad-de-sao-paulo-brasil-informa-que-sufrio-un-ciberdelito-este-mes-de-diciembre-con-exposicion-de-d\/#breadcrumb"},"inLanguage":"es-ES","potentialAction":[{"@type":"ReadAction","target":["https:\/\/mobilitas.lat\/es\/2022\/12\/23\/sptrans-sao-paulo-transporte-s-a-gestora-del-sistema-de-transporte-publico-en-autobus-de-la-ciudad-de-sao-paulo-brasil-informa-que-sufrio-un-ciberdelito-este-mes-de-diciembre-con-exposicion-de-d\/"]}]},{"@type":"ImageObject","inLanguage":"es-ES","@id":"https:\/\/mobilitas.lat\/es\/2022\/12\/23\/sptrans-sao-paulo-transporte-s-a-gestora-del-sistema-de-transporte-publico-en-autobus-de-la-ciudad-de-sao-paulo-brasil-informa-que-sufrio-un-ciberdelito-este-mes-de-diciembre-con-exposicion-de-d\/#primaryimage","url":"https:\/\/storage.mobilitas.lat\/uploads\/2022\/12\/MOBILITAS-SPTRANS-GENTE-NO-PONTO-FOTO-ROVENA-ROSA-EBC.jpg","contentUrl":"https:\/\/storage.mobilitas.lat\/uploads\/2022\/12\/MOBILITAS-SPTRANS-GENTE-NO-PONTO-FOTO-ROVENA-ROSA-EBC.jpg","width":820,"height":506},{"@type":"BreadcrumbList","@id":"https:\/\/mobilitas.lat\/es\/2022\/12\/23\/sptrans-sao-paulo-transporte-s-a-gestora-del-sistema-de-transporte-publico-en-autobus-de-la-ciudad-de-sao-paulo-brasil-informa-que-sufrio-un-ciberdelito-este-mes-de-diciembre-con-exposicion-de-d\/#breadcrumb","itemListElement":[{"@type":"ListItem","position":1,"name":"In\u00edcio","item":"https:\/\/mobilitas.lat\/es\/"},{"@type":"ListItem","position":2,"name":"SPTrans (S\u00e3o Paulo Transporte S\/A), gestora del sistema de transporte p\u00fablico en autob\u00fas de la ciudad de S\u00e3o Paulo, Brasil, informa que sufri\u00f3 un ciberdelito este mes de diciembre, con exposici\u00f3n de datos de 13 millones de usuarios"}]},{"@type":"WebSite","@id":"https:\/\/mobilitas.lat\/es\/#website","url":"https:\/\/mobilitas.lat\/es\/","name":"Mobilitas","description":"Tecnologia e Mobilidade Urbana na Am\u00e9rica Latina","publisher":{"@id":"https:\/\/mobilitas.lat\/es\/#organization"},"potentialAction":[{"@type":"SearchAction","target":{"@type":"EntryPoint","urlTemplate":"https:\/\/mobilitas.lat\/es\/?s={search_term_string}"},"query-input":{"@type":"PropertyValueSpecification","valueRequired":true,"valueName":"search_term_string"}}],"inLanguage":"es-ES"},{"@type":"Organization","@id":"https:\/\/mobilitas.lat\/es\/#organization","name":"OTM Editora","url":"https:\/\/mobilitas.lat\/es\/","logo":{"@type":"ImageObject","inLanguage":"es-ES","@id":"https:\/\/mobilitas.lat\/es\/#\/schema\/logo\/image\/","url":"https:\/\/mobilitas.lat\/wp-content\/uploads\/2024\/03\/opengraph.png","contentUrl":"https:\/\/mobilitas.lat\/wp-content\/uploads\/2024\/03\/opengraph.png","width":1200,"height":630,"caption":"OTM Editora"},"image":{"@id":"https:\/\/mobilitas.lat\/es\/#\/schema\/logo\/image\/"}},{"@type":"Person","@id":"https:\/\/mobilitas.lat\/es\/#\/schema\/person\/cae0d01ccbe855d1858d146e4c4d582d","name":"Alexandre Asquini","image":{"@type":"ImageObject","inLanguage":"es-ES","@id":"https:\/\/mobilitas.lat\/es\/#\/schema\/person\/image\/","url":"https:\/\/secure.gravatar.com\/avatar\/aac99dbef1420f75cc7d86913eb8a7cdfbe13e2509ad7a45649a61414f6d2785?s=96&d=mm&r=g","contentUrl":"https:\/\/secure.gravatar.com\/avatar\/aac99dbef1420f75cc7d86913eb8a7cdfbe13e2509ad7a45649a61414f6d2785?s=96&d=mm&r=g","caption":"Alexandre Asquini"}}]}},"_links":{"self":[{"href":"https:\/\/mobilitas.lat\/es\/wp-json\/wp\/v2\/posts\/16241","targetHints":{"allow":["GET"]}}],"collection":[{"href":"https:\/\/mobilitas.lat\/es\/wp-json\/wp\/v2\/posts"}],"about":[{"href":"https:\/\/mobilitas.lat\/es\/wp-json\/wp\/v2\/types\/post"}],"author":[{"embeddable":true,"href":"https:\/\/mobilitas.lat\/es\/wp-json\/wp\/v2\/users\/2"}],"replies":[{"embeddable":true,"href":"https:\/\/mobilitas.lat\/es\/wp-json\/wp\/v2\/comments?post=16241"}],"version-history":[{"count":3,"href":"https:\/\/mobilitas.lat\/es\/wp-json\/wp\/v2\/posts\/16241\/revisions"}],"predecessor-version":[{"id":16251,"href":"https:\/\/mobilitas.lat\/es\/wp-json\/wp\/v2\/posts\/16241\/revisions\/16251"}],"wp:featuredmedia":[{"embeddable":true,"href":"https:\/\/mobilitas.lat\/es\/wp-json\/wp\/v2\/media\/16245"}],"wp:attachment":[{"href":"https:\/\/mobilitas.lat\/es\/wp-json\/wp\/v2\/media?parent=16241"}],"wp:term":[{"taxonomy":"category","embeddable":true,"href":"https:\/\/mobilitas.lat\/es\/wp-json\/wp\/v2\/categories?post=16241"},{"taxonomy":"post_tag","embeddable":true,"href":"https:\/\/mobilitas.lat\/es\/wp-json\/wp\/v2\/tags?post=16241"}],"curies":[{"name":"wp","href":"https:\/\/api.w.org\/{rel}","templated":true}]}}