{"id":16101,"date":"2022-12-18T22:08:31","date_gmt":"2022-12-19T01:08:31","guid":{"rendered":"https:\/\/mobilitas.lat\/?p=16101"},"modified":"2022-12-18T22:39:22","modified_gmt":"2022-12-19T01:39:22","slug":"en-su-mensaje-de-rendicion-de-cuentas-de-2022-la-jefa-de-gobierno-de-la-ciudad-de-mexico-claudia-sheinbaun-pardo-describio-actividades-relacionadas-con-proyectos-de-movilidad-integrada-y-sustentabl","status":"publish","type":"post","link":"https:\/\/mobilitas.lat\/es\/2022\/12\/18\/en-su-mensaje-de-rendicion-de-cuentas-de-2022-la-jefa-de-gobierno-de-la-ciudad-de-mexico-claudia-sheinbaun-pardo-describio-actividades-relacionadas-con-proyectos-de-movilidad-integrada-y-sustentabl\/","title":{"rendered":"En su mensaje de rendici\u00f3n de cuentas de 2022, la jefa de gobierno de la Ciudad de M\u00e9xico, Claudia Sheinbaun Pardo, describi\u00f3 actividades relacionadas con proyectos de Movilidad Integrada y Sostenible"},"content":{"rendered":"\n<figure class=\"wp-block-image size-large\"><img loading=\"lazy\" decoding=\"async\" width=\"720\" height=\"404\" src=\"https:\/\/storage.mobilitas.lat\/uploads\/2022\/12\/MOBILITAS-CDMX-CLAUDIA-SHEINBAUM.jpg\" alt=\"\" class=\"wp-image-16094\" srcset=\"https:\/\/storage.mobilitas.lat\/uploads\/2022\/12\/MOBILITAS-CDMX-CLAUDIA-SHEINBAUM.jpg 720w, https:\/\/storage.mobilitas.lat\/uploads\/2022\/12\/MOBILITAS-CDMX-CLAUDIA-SHEINBAUM-300x168.jpg 300w\" sizes=\"auto, (max-width: 720px) 100vw, 720px\" \/><figcaption><strong><em>Claudia Sheinbaun Pardo<\/em><\/strong><\/figcaption><\/figure>\n\n\n\n<p>La jefa de gobierno de la Ciudad de M\u00e9xico, Claudia Sheinbaun Pardo, dedic\u00f3 17 de los m\u00e1s de 100 p\u00e1rrafos de su mensaje de rendici\u00f3n de cuentas este a\u00f1o a describir actividades relacionadas con proyectos de <em>Movilidad Integrada y Sostenible<\/em>. El documento fue presentado el 5 de diciembre de 2022.<\/p>\n\n\n\n<p>Luego de decir que una de las mayores inversiones p\u00fablicas en su gobierno ha sido en transporte p\u00fablico, Claudia Sheinbaun Pardo se\u00f1al\u00f3: \u201cCualquier ciudad del mundo que quiera avanzar en la movilidad, tiene que invertir necesariamente en transporte p\u00fablico y, en particular, para nosotros, el transporte p\u00fablico no solo es un proyecto de movilidad, sino que es un proyecto de justicia social\u201d.<\/p>\n\n\n\n<p><strong>TELEF\u00c9RICOS<\/strong><\/p>\n\n\n\n<p>El primer punto abordado fue la implantaci\u00f3n de telef\u00e9ricos. Seg\u00fan el relato, con este tipo de transporte p\u00fablico en la ciudad se interconectan las zonas m\u00e1s pobres con el Metro, raz\u00f3n por la cual el gobierno capitalino ha construido dos l\u00edneas del Cableb\u00fas y va por la tercera<\/p>\n\n\n\n<p>La L\u00ednea 1 de Cableb\u00fas, que recibi\u00f3 una inversi\u00f3n de 2 mil 925 millones de pesos (USD 147.67 millones), con una longitud de 9.2 kil\u00f3metros, va de la parte alta de Cuautepec al Metro Indios Verdes y tiene 56 mil viajes diarios.<\/p>\n\n\n\n<p>La L\u00ednea 2, con una longitud de 10.6 kil\u00f3metros, suma 75 mil viajes en diario, y va de la Sierra de Santa Catarina al Metro Constituci\u00f3n de 1917.<\/p>\n\n\n\n<p><strong>METROB\u00daS<\/strong><\/p>\n\n\n\n<figure class=\"wp-block-image size-large\"><img loading=\"lazy\" decoding=\"async\" width=\"858\" height=\"394\" src=\"https:\/\/storage.mobilitas.lat\/uploads\/2022\/06\/MOBILITAS-METROBUS-CDMX-FOTO-DE-ONIBUS-NO-PONTO-MELHOR-AINDA.jpg\" alt=\"\" class=\"wp-image-14228\" srcset=\"https:\/\/storage.mobilitas.lat\/uploads\/2022\/06\/MOBILITAS-METROBUS-CDMX-FOTO-DE-ONIBUS-NO-PONTO-MELHOR-AINDA.jpg 858w, https:\/\/storage.mobilitas.lat\/uploads\/2022\/06\/MOBILITAS-METROBUS-CDMX-FOTO-DE-ONIBUS-NO-PONTO-MELHOR-AINDA-300x138.jpg 300w, https:\/\/storage.mobilitas.lat\/uploads\/2022\/06\/MOBILITAS-METROBUS-CDMX-FOTO-DE-ONIBUS-NO-PONTO-MELHOR-AINDA-768x353.jpg 768w\" sizes=\"auto, (max-width: 858px) 100vw, 858px\" \/><figcaption><strong><em>Punto de parada del Metrob\u00fas<\/em><\/strong><\/figcaption><\/figure>\n\n\n\n<p>Claudia Sheinbaun Pardo mencion\u00f3 a continuaci\u00f3n el Metrob\u00fas, creado cuando era secretaria de Medio Ambiente, con el Presidente Andr\u00e9s Manuel L\u00f3pez Obrador. \u201cDe la L\u00ednea 1 \u2013 de aquel entonces \u2013, en estos cuatro a\u00f1os, aumentamos 33 kil\u00f3metros nuevos en la ampliaci\u00f3n de tres l\u00edneas: la L\u00ednea 3, la L\u00ednea 4 y la L\u00ednea 5, que hoy llega hasta Xochimilco. Adem\u00e1s, todos los veh\u00edculos de la L\u00ednea 3 van a ser el\u00e9ctricos a partir de marzo de 2023; ser\u00e1n 60 autobuses el\u00e9ctricos\u201d.<\/p>\n\n\n\n<p><strong>SISTEMA DE TRANSPORTE EL\u00c9CTRICO<\/strong><\/p>\n\n\n\n<p>El tema siguiente fue la decisi\u00f3n de recuperar al Sistema de Transporte El\u00e9ctrico de la Ciudad de M\u00e9xico. \u201cEs la empresa m\u00e1s antigua del Gobierno de la Ciudad, y realmente estaba en una inversi\u00f3n muy retrasada, y nosotros decidimos hacer un Programa de Electromovilidad, recuperando los trolebuses de la ciudad\u201d.<\/p>\n\n\n\n<p>Seg\u00fan resalt\u00f3 Claudia Sheinbaun Pardo, los trolebuses tienen m\u00faltiples ventajas t\u00e9cnicas. \u201cHemos adquirido 318 nuevos trolebuses, van a ser 500 en total, con una inversi\u00f3n de 6 mil 517 millones de pesos (USD 329.38 millones)\u201d, dijo, agregando que se cre\u00f3 en la capital mexicana \u201cun proyecto \u00fanico del mundo\u201d \u2013 un segundo piso de 8 kil\u00f3metros, donde solamente circulan trolebuses. \u201cLa Alcald\u00eda Iztapalapa, 1.8 millones de habitantes, no ten\u00eda un sistema de transporte masivo, hoy tiene dos: el Troleb\u00fas Elevado y el Cableb\u00fas de la ciudad\u201d.<\/p>\n\n\n\n<p><strong>REDE DE TRANSPORTE POR AUTOBUSES<\/strong><\/p>\n\n\n\n<p>El gobierno tambi\u00e9n est\u00e1 recuperando la Red de Transporte de Pasajeros (RTP), con 468 nuevas unidades. \u201cEstamos adquiriendo m\u00e1s unidades; y en la mayor\u00eda de las rutas, porque la RTP fue creado para las colonias m\u00e1s vulnerables de la ciudad, para las familias con menos recursos econ\u00f3micos. La tarifa de RTP sigue siendo de 2 pesos (USD 0,10), para poder apoyar a las familias de la ciudad\u201d.<\/p>\n\n\n\n<p>Otro punto destacado fue la renovaci\u00f3n del Tren Ligero. \u201cCambiamos todas las v\u00edas, catenarias, que no se renovaban desde el antiguo tranv\u00eda de principios del Siglo XX. Y estamos adquiriendo nueve trenes nuevos, que llegar\u00e1n a mediados del 2023\u201d.<\/p>\n\n\n\n<p><strong>BICICLETAS<\/strong><\/p>\n\n\n\n<figure class=\"wp-block-image size-large\"><img loading=\"lazy\" decoding=\"async\" width=\"848\" height=\"448\" src=\"https:\/\/storage.mobilitas.lat\/uploads\/2018\/12\/MOBILITAS-ECOBICI-CDMX-CICLOESTACIONES-1-848x448-2.jpg\" alt=\"\" class=\"wp-image-3247\" srcset=\"https:\/\/storage.mobilitas.lat\/uploads\/2018\/12\/MOBILITAS-ECOBICI-CDMX-CICLOESTACIONES-1-848x448-2.jpg 848w, https:\/\/storage.mobilitas.lat\/uploads\/2018\/12\/MOBILITAS-ECOBICI-CDMX-CICLOESTACIONES-1-848x448-2-300x158.jpg 300w, https:\/\/storage.mobilitas.lat\/uploads\/2018\/12\/MOBILITAS-ECOBICI-CDMX-CICLOESTACIONES-1-848x448-2-768x406.jpg 768w\" sizes=\"auto, (max-width: 848px) 100vw, 848px\" \/><figcaption><strong><em>Sistema de bicicletas publicas<\/em><\/strong><\/figcaption><\/figure>\n\n\n\n<p>Seg\u00fan el relato de Claudia Sheinbaun Pardo, el gobierno transform\u00f3 Ecobici \u2013 el sistema de bicicletas p\u00fablicas. \u201cAhora llega a m\u00e1s alcald\u00edas; y hemos construido m\u00e1s ciclov\u00edas de lo que se hab\u00edan construido en la historia de la ciudad: 233 nuevos kil\u00f3metros, incluido Avenida Insurgentes.<\/p>\n\n\n\n<p><strong>SISTEMA DE PAGO<\/strong><\/p>\n\n\n\n<p>Otro punto evidenciado fue el sistema de uso de una Tarjeta de Movilidad Integrada, donde ya puede uno ingresar al Metro, al Metrob\u00fas, al Cableb\u00fas, a RTP, a los trolebuses, al Tren Ligero, Ecobici. El sistema tambi\u00e9n comienza a incluir al transporte bajo concesi\u00f3n de la ciudad. \u201cPor cierto, ayer lo le\u00ed, que nos acaban de premiar esta tarjeta el d\u00eda de ayer, en un premio internacional en Par\u00eds\u201d, dijo da jefa del gobierno capitalino, refiri\u00e9ndose al primer lugar de los <em>Calypso Awards 2022<\/em> en la categor\u00eda <em>Mejor producto para las personas usuarias del transporte<\/em>. Este premio es otorgado por la asociaci\u00f3n internacional Calypso Networks Association (CNA).<\/p>\n\n\n\n<p><strong>EL METRO<\/strong><\/p>\n\n\n\n<figure class=\"wp-block-image size-large\"><img loading=\"lazy\" decoding=\"async\" width=\"566\" height=\"428\" src=\"https:\/\/storage.mobilitas.lat\/uploads\/2022\/12\/MOBILITAS-CDMX-EXPOSICAO-DE-TREM-DA-LINHA-1-DO-METRO-FANS-FOTO-MENOR.jpg\" alt=\"\" class=\"wp-image-16097\" srcset=\"https:\/\/storage.mobilitas.lat\/uploads\/2022\/12\/MOBILITAS-CDMX-EXPOSICAO-DE-TREM-DA-LINHA-1-DO-METRO-FANS-FOTO-MENOR.jpg 566w, https:\/\/storage.mobilitas.lat\/uploads\/2022\/12\/MOBILITAS-CDMX-EXPOSICAO-DE-TREM-DA-LINHA-1-DO-METRO-FANS-FOTO-MENOR-300x227.jpg 300w\" sizes=\"auto, (max-width: 566px) 100vw, 566px\" \/><figcaption><strong><em>Exhibici\u00f3n p\u00fablica de uno de los nuevos trenes de la L\u00ednea 1<\/em><\/strong><\/figcaption><\/figure>\n\n\n\n<p>Claudia Sheinbaun Pardo remarc\u00f3 que el gobierno est\u00e1 renovando toda la L\u00ednea 1 del Metro de la ciudad. Explic\u00f3 que la L\u00ednea 1 tiene 53 a\u00f1os de haberse construido, ya ten\u00eda muchos problemas y se mostr\u00f3 necesario hacer un proceso de renovaci\u00f3n total. \u201cComo saben, estamos pr\u00e1cticamente vaciando el t\u00fanel, reparando todo el t\u00fanel y poniendo absolutamente todo nuevo, incluido 29 nuevos trenes que se estar\u00e1n incorporando poco a poco durante el pr\u00f3ximo a\u00f1o\u201d.<\/p>\n\n\n\n<p>Tambi\u00e9n explic\u00f3 que se decidi\u00f3 cambiar todo el sistema de abastecimiento y transmisi\u00f3n de energ\u00eda el\u00e9ctrica del Metro de la ciudad para las l\u00edneas 1 a la 3. \u201cEs un proyecto de dos de las mejores empresas p\u00fablicas de nuestro pa\u00eds: el Sistema de Transporte Colectivo Metro y la Comisi\u00f3n Federal de Electricidad\u201d.<\/p>\n\n\n\n<p>Se est\u00e1 modernizando completamente el suministro y la transmisi\u00f3n de energ\u00eda el\u00e9ctrica. Y se procesa un cambio total en el Puesto Central de Control del Metro, que muy pronto quedar\u00e1 instalado en el C5, con una inversi\u00f3n de 50 millones de pesos (USD 2,52 millones).&nbsp;<\/p>\n\n\n\n<p>La jefa de gobierno tambi\u00e9n mencion\u00f3 el cambio en los Centros de Transferencia. &#8220;Estamos cambiando los Centros de Transferencia Modal, particularmente quiero referirme al Metro Constituci\u00f3n de 1917. En el caso del Metro Constituci\u00f3n de 1917, el anterior gobierno quer\u00eda hacer una plaza comercial, privatizando los terrenos del Gobierno de la Ciudad; hoy en ese lugar hay una preparatoria p\u00fablica, est\u00e1 el CETRAM que coordina el Troleb\u00fas Elevado, el Cableb\u00fas de la ciudad y el Metro de la ciudad. Y ah\u00ed mismo, un museo que se estaba construyendo para privatizarlo, ya est\u00e1 terminado y es un museo que va a operar la Secretar\u00eda de Cultura, quitamos la concesi\u00f3n y va a operar la Secretar\u00eda de Cultura como un museo p\u00fablico&#8221;.<\/p>\n\n\n\n<p>Respecto la L\u00ednea 12, hubo solamente una r\u00e1pida menci\u00f3n, con la explicaci\u00f3n de que se la est\u00e1 ampliando. El 3 de mayo de 2021, esta l\u00ednea sufri\u00f3 un accidente, cuando cedi\u00f3 un tramo de un carril elevado entre las estaciones Olivos y Tezonco, provocando que los dos \u00faltimos autos de la composici\u00f3n cayeran sobre la avenida. El accidente dej\u00f3 26 muertos y decenas de heridos. La reanudaci\u00f3n parcial de esta l\u00ednea debe ocurrir el pr\u00f3ximo mes de enero.<\/p>\n\n\n\n<p><strong>MICROBUSES<\/strong><\/p>\n\n\n\n<p>Al final de la parte respecto <em>Movilidad Integrada y Sostenible<\/em>, Claudia Sheinbaun Pardo se\u00f1al\u00f3 que se est\u00e1n cambiando los microbuses. \u201cRegularizamos pr\u00e1cticamente todas las concesiones del transporte p\u00fablico que estaban en total desorden, y hoy tenemos sustituidos 2 mil 557 microbuses, y vamos a una inversi\u00f3n de pr\u00e1cticamente el doble, el pr\u00f3ximo a\u00f1o\u201d.<\/p>\n","protected":false},"excerpt":{"rendered":"<p>La jefa de gobierno de la Ciudad de M\u00e9xico, Claudia Sheinbaun Pardo, dedic\u00f3 17 de los m\u00e1s de 100 p\u00e1rrafos de su mensaje de rendici\u00f3n de cuentas este a\u00f1o a describir actividades relacionadas con proyectos de Movilidad Integrada y Sostenible. El documento fue presentado el 5 de diciembre de 2022. Luego de decir que una [&hellip;]<\/p>\n","protected":false},"author":2,"featured_media":16094,"comment_status":"closed","ping_status":"closed","sticky":false,"template":"","format":"standard","meta":{"footnotes":""},"categories":[287],"tags":[679,1475,1483],"class_list":["post-16101","post","type-post","status-publish","format-standard","has-post-thumbnail","hentry","category-notas","tag-claudia-sheinbaun","tag-hecho","tag-san-jose-de-costa-rica"],"yoast_head":"<!-- This site is optimized with the Yoast SEO plugin v26.9 - https:\/\/yoast.com\/product\/yoast-seo-wordpress\/ -->\n<title>En su mensaje de rendici\u00f3n de cuentas de 2022, la jefa de gobierno de la Ciudad de M\u00e9xico, Claudia Sheinbaun Pardo, describi\u00f3 actividades relacionadas con proyectos de Movilidad Integrada y Sostenible | Mobilitas<\/title>\n<meta name=\"robots\" content=\"index, follow, max-snippet:-1, max-image-preview:large, max-video-preview:-1\" \/>\n<link rel=\"canonical\" href=\"https:\/\/mobilitas.lat\/es\/2022\/12\/18\/en-su-mensaje-de-rendicion-de-cuentas-de-2022-la-jefa-de-gobierno-de-la-ciudad-de-mexico-claudia-sheinbaun-pardo-describio-actividades-relacionadas-con-proyectos-de-movilidad-integrada-y-sustentabl\/\" \/>\n<meta property=\"og:locale\" content=\"es_ES\" \/>\n<meta property=\"og:type\" content=\"article\" \/>\n<meta property=\"og:title\" content=\"En su mensaje de rendici\u00f3n de cuentas de 2022, la jefa de gobierno de la Ciudad de M\u00e9xico, Claudia Sheinbaun Pardo, describi\u00f3 actividades relacionadas con proyectos de Movilidad Integrada y Sostenible | Mobilitas\" \/>\n<meta property=\"og:description\" content=\"La jefa de gobierno de la Ciudad de M\u00e9xico, Claudia Sheinbaun Pardo, dedic\u00f3 17 de los m\u00e1s de 100 p\u00e1rrafos de su mensaje de rendici\u00f3n de cuentas este a\u00f1o a describir actividades relacionadas con proyectos de Movilidad Integrada y Sostenible. El documento fue presentado el 5 de diciembre de 2022. Luego de decir que una [&hellip;]\" \/>\n<meta property=\"og:url\" content=\"https:\/\/mobilitas.lat\/es\/2022\/12\/18\/en-su-mensaje-de-rendicion-de-cuentas-de-2022-la-jefa-de-gobierno-de-la-ciudad-de-mexico-claudia-sheinbaun-pardo-describio-actividades-relacionadas-con-proyectos-de-movilidad-integrada-y-sustentabl\/\" \/>\n<meta property=\"og:site_name\" content=\"Mobilitas\" \/>\n<meta property=\"article:published_time\" content=\"2022-12-19T01:08:31+00:00\" \/>\n<meta property=\"article:modified_time\" content=\"2022-12-19T01:39:22+00:00\" \/>\n<meta property=\"og:image\" content=\"https:\/\/storage.mobilitas.lat\/uploads\/2022\/12\/MOBILITAS-CDMX-CLAUDIA-SHEINBAUM.jpg\" \/>\n\t<meta property=\"og:image:width\" content=\"720\" \/>\n\t<meta property=\"og:image:height\" content=\"404\" \/>\n\t<meta property=\"og:image:type\" content=\"image\/jpeg\" \/>\n<meta name=\"author\" content=\"Alexandre Asquini\" \/>\n<meta name=\"twitter:card\" content=\"summary_large_image\" \/>\n<meta name=\"twitter:label1\" content=\"Written by\" \/>\n\t<meta name=\"twitter:data1\" content=\"Alexandre Asquini\" \/>\n\t<meta name=\"twitter:label2\" content=\"Est. reading time\" \/>\n\t<meta name=\"twitter:data2\" content=\"6 minutes\" \/>\n<script type=\"application\/ld+json\" class=\"yoast-schema-graph\">{\"@context\":\"https:\/\/schema.org\",\"@graph\":[{\"@type\":\"Article\",\"@id\":\"https:\/\/mobilitas.lat\/es\/2022\/12\/18\/en-su-mensaje-de-rendicion-de-cuentas-de-2022-la-jefa-de-gobierno-de-la-ciudad-de-mexico-claudia-sheinbaun-pardo-describio-actividades-relacionadas-con-proyectos-de-movilidad-integrada-y-sustentabl\/#article\",\"isPartOf\":{\"@id\":\"https:\/\/mobilitas.lat\/es\/2022\/12\/18\/en-su-mensaje-de-rendicion-de-cuentas-de-2022-la-jefa-de-gobierno-de-la-ciudad-de-mexico-claudia-sheinbaun-pardo-describio-actividades-relacionadas-con-proyectos-de-movilidad-integrada-y-sustentabl\/\"},\"author\":{\"name\":\"Alexandre Asquini\",\"@id\":\"https:\/\/mobilitas.lat\/es\/#\/schema\/person\/cae0d01ccbe855d1858d146e4c4d582d\"},\"headline\":\"En su mensaje de rendici\u00f3n de cuentas de 2022, la jefa de gobierno de la Ciudad de M\u00e9xico, Claudia Sheinbaun Pardo, describi\u00f3 actividades relacionadas con proyectos de Movilidad Integrada y Sostenible\",\"datePublished\":\"2022-12-19T01:08:31+00:00\",\"dateModified\":\"2022-12-19T01:39:22+00:00\",\"mainEntityOfPage\":{\"@id\":\"https:\/\/mobilitas.lat\/es\/2022\/12\/18\/en-su-mensaje-de-rendicion-de-cuentas-de-2022-la-jefa-de-gobierno-de-la-ciudad-de-mexico-claudia-sheinbaun-pardo-describio-actividades-relacionadas-con-proyectos-de-movilidad-integrada-y-sustentabl\/\"},\"wordCount\":1289,\"publisher\":{\"@id\":\"https:\/\/mobilitas.lat\/es\/#organization\"},\"image\":{\"@id\":\"https:\/\/mobilitas.lat\/es\/2022\/12\/18\/en-su-mensaje-de-rendicion-de-cuentas-de-2022-la-jefa-de-gobierno-de-la-ciudad-de-mexico-claudia-sheinbaun-pardo-describio-actividades-relacionadas-con-proyectos-de-movilidad-integrada-y-sustentabl\/#primaryimage\"},\"thumbnailUrl\":\"https:\/\/storage.mobilitas.lat\/uploads\/2022\/12\/MOBILITAS-CDMX-CLAUDIA-SHEINBAUM.jpg\",\"keywords\":[\"CLAUDIA SHEINBAUN\",\"Hecho\",\"San Jos\u00e9 de Costa Rica\"],\"articleSection\":[\"Notas\"],\"inLanguage\":\"es-ES\"},{\"@type\":\"WebPage\",\"@id\":\"https:\/\/mobilitas.lat\/es\/2022\/12\/18\/en-su-mensaje-de-rendicion-de-cuentas-de-2022-la-jefa-de-gobierno-de-la-ciudad-de-mexico-claudia-sheinbaun-pardo-describio-actividades-relacionadas-con-proyectos-de-movilidad-integrada-y-sustentabl\/\",\"url\":\"https:\/\/mobilitas.lat\/es\/2022\/12\/18\/en-su-mensaje-de-rendicion-de-cuentas-de-2022-la-jefa-de-gobierno-de-la-ciudad-de-mexico-claudia-sheinbaun-pardo-describio-actividades-relacionadas-con-proyectos-de-movilidad-integrada-y-sustentabl\/\",\"name\":\"En su mensaje de rendici\u00f3n de cuentas de 2022, la jefa de gobierno de la Ciudad de M\u00e9xico, Claudia Sheinbaun Pardo, describi\u00f3 actividades relacionadas con proyectos de Movilidad Integrada y Sostenible | Mobilitas\",\"isPartOf\":{\"@id\":\"https:\/\/mobilitas.lat\/es\/#website\"},\"primaryImageOfPage\":{\"@id\":\"https:\/\/mobilitas.lat\/es\/2022\/12\/18\/en-su-mensaje-de-rendicion-de-cuentas-de-2022-la-jefa-de-gobierno-de-la-ciudad-de-mexico-claudia-sheinbaun-pardo-describio-actividades-relacionadas-con-proyectos-de-movilidad-integrada-y-sustentabl\/#primaryimage\"},\"image\":{\"@id\":\"https:\/\/mobilitas.lat\/es\/2022\/12\/18\/en-su-mensaje-de-rendicion-de-cuentas-de-2022-la-jefa-de-gobierno-de-la-ciudad-de-mexico-claudia-sheinbaun-pardo-describio-actividades-relacionadas-con-proyectos-de-movilidad-integrada-y-sustentabl\/#primaryimage\"},\"thumbnailUrl\":\"https:\/\/storage.mobilitas.lat\/uploads\/2022\/12\/MOBILITAS-CDMX-CLAUDIA-SHEINBAUM.jpg\",\"datePublished\":\"2022-12-19T01:08:31+00:00\",\"dateModified\":\"2022-12-19T01:39:22+00:00\",\"breadcrumb\":{\"@id\":\"https:\/\/mobilitas.lat\/es\/2022\/12\/18\/en-su-mensaje-de-rendicion-de-cuentas-de-2022-la-jefa-de-gobierno-de-la-ciudad-de-mexico-claudia-sheinbaun-pardo-describio-actividades-relacionadas-con-proyectos-de-movilidad-integrada-y-sustentabl\/#breadcrumb\"},\"inLanguage\":\"es-ES\",\"potentialAction\":[{\"@type\":\"ReadAction\",\"target\":[\"https:\/\/mobilitas.lat\/es\/2022\/12\/18\/en-su-mensaje-de-rendicion-de-cuentas-de-2022-la-jefa-de-gobierno-de-la-ciudad-de-mexico-claudia-sheinbaun-pardo-describio-actividades-relacionadas-con-proyectos-de-movilidad-integrada-y-sustentabl\/\"]}]},{\"@type\":\"ImageObject\",\"inLanguage\":\"es-ES\",\"@id\":\"https:\/\/mobilitas.lat\/es\/2022\/12\/18\/en-su-mensaje-de-rendicion-de-cuentas-de-2022-la-jefa-de-gobierno-de-la-ciudad-de-mexico-claudia-sheinbaun-pardo-describio-actividades-relacionadas-con-proyectos-de-movilidad-integrada-y-sustentabl\/#primaryimage\",\"url\":\"https:\/\/storage.mobilitas.lat\/uploads\/2022\/12\/MOBILITAS-CDMX-CLAUDIA-SHEINBAUM.jpg\",\"contentUrl\":\"https:\/\/storage.mobilitas.lat\/uploads\/2022\/12\/MOBILITAS-CDMX-CLAUDIA-SHEINBAUM.jpg\",\"width\":720,\"height\":404},{\"@type\":\"BreadcrumbList\",\"@id\":\"https:\/\/mobilitas.lat\/es\/2022\/12\/18\/en-su-mensaje-de-rendicion-de-cuentas-de-2022-la-jefa-de-gobierno-de-la-ciudad-de-mexico-claudia-sheinbaun-pardo-describio-actividades-relacionadas-con-proyectos-de-movilidad-integrada-y-sustentabl\/#breadcrumb\",\"itemListElement\":[{\"@type\":\"ListItem\",\"position\":1,\"name\":\"In\u00edcio\",\"item\":\"https:\/\/mobilitas.lat\/es\/\"},{\"@type\":\"ListItem\",\"position\":2,\"name\":\"En su mensaje de rendici\u00f3n de cuentas de 2022, la jefa de gobierno de la Ciudad de M\u00e9xico, Claudia Sheinbaun Pardo, describi\u00f3 actividades relacionadas con proyectos de Movilidad Integrada y Sostenible\"}]},{\"@type\":\"WebSite\",\"@id\":\"https:\/\/mobilitas.lat\/es\/#website\",\"url\":\"https:\/\/mobilitas.lat\/es\/\",\"name\":\"Mobilitas\",\"description\":\"Tecnologia e Mobilidade Urbana na Am\u00e9rica Latina\",\"publisher\":{\"@id\":\"https:\/\/mobilitas.lat\/es\/#organization\"},\"potentialAction\":[{\"@type\":\"SearchAction\",\"target\":{\"@type\":\"EntryPoint\",\"urlTemplate\":\"https:\/\/mobilitas.lat\/es\/?s={search_term_string}\"},\"query-input\":{\"@type\":\"PropertyValueSpecification\",\"valueRequired\":true,\"valueName\":\"search_term_string\"}}],\"inLanguage\":\"es-ES\"},{\"@type\":\"Organization\",\"@id\":\"https:\/\/mobilitas.lat\/es\/#organization\",\"name\":\"OTM Editora\",\"url\":\"https:\/\/mobilitas.lat\/es\/\",\"logo\":{\"@type\":\"ImageObject\",\"inLanguage\":\"es-ES\",\"@id\":\"https:\/\/mobilitas.lat\/es\/#\/schema\/logo\/image\/\",\"url\":\"https:\/\/mobilitas.lat\/wp-content\/uploads\/2024\/03\/opengraph.png\",\"contentUrl\":\"https:\/\/mobilitas.lat\/wp-content\/uploads\/2024\/03\/opengraph.png\",\"width\":1200,\"height\":630,\"caption\":\"OTM Editora\"},\"image\":{\"@id\":\"https:\/\/mobilitas.lat\/es\/#\/schema\/logo\/image\/\"}},{\"@type\":\"Person\",\"@id\":\"https:\/\/mobilitas.lat\/es\/#\/schema\/person\/cae0d01ccbe855d1858d146e4c4d582d\",\"name\":\"Alexandre Asquini\",\"image\":{\"@type\":\"ImageObject\",\"inLanguage\":\"es-ES\",\"@id\":\"https:\/\/mobilitas.lat\/es\/#\/schema\/person\/image\/\",\"url\":\"https:\/\/secure.gravatar.com\/avatar\/aac99dbef1420f75cc7d86913eb8a7cdfbe13e2509ad7a45649a61414f6d2785?s=96&d=mm&r=g\",\"contentUrl\":\"https:\/\/secure.gravatar.com\/avatar\/aac99dbef1420f75cc7d86913eb8a7cdfbe13e2509ad7a45649a61414f6d2785?s=96&d=mm&r=g\",\"caption\":\"Alexandre Asquini\"}}]}<\/script>\n<!-- \/ Yoast SEO plugin. -->","yoast_head_json":{"title":"En su mensaje de rendici\u00f3n de cuentas de 2022, la jefa de gobierno de la Ciudad de M\u00e9xico, Claudia Sheinbaun Pardo, describi\u00f3 actividades relacionadas con proyectos de Movilidad Integrada y Sostenible | Mobilitas","robots":{"index":"index","follow":"follow","max-snippet":"max-snippet:-1","max-image-preview":"max-image-preview:large","max-video-preview":"max-video-preview:-1"},"canonical":"https:\/\/mobilitas.lat\/es\/2022\/12\/18\/en-su-mensaje-de-rendicion-de-cuentas-de-2022-la-jefa-de-gobierno-de-la-ciudad-de-mexico-claudia-sheinbaun-pardo-describio-actividades-relacionadas-con-proyectos-de-movilidad-integrada-y-sustentabl\/","og_locale":"es_ES","og_type":"article","og_title":"En su mensaje de rendici\u00f3n de cuentas de 2022, la jefa de gobierno de la Ciudad de M\u00e9xico, Claudia Sheinbaun Pardo, describi\u00f3 actividades relacionadas con proyectos de Movilidad Integrada y Sostenible | Mobilitas","og_description":"La jefa de gobierno de la Ciudad de M\u00e9xico, Claudia Sheinbaun Pardo, dedic\u00f3 17 de los m\u00e1s de 100 p\u00e1rrafos de su mensaje de rendici\u00f3n de cuentas este a\u00f1o a describir actividades relacionadas con proyectos de Movilidad Integrada y Sostenible. El documento fue presentado el 5 de diciembre de 2022. Luego de decir que una [&hellip;]","og_url":"https:\/\/mobilitas.lat\/es\/2022\/12\/18\/en-su-mensaje-de-rendicion-de-cuentas-de-2022-la-jefa-de-gobierno-de-la-ciudad-de-mexico-claudia-sheinbaun-pardo-describio-actividades-relacionadas-con-proyectos-de-movilidad-integrada-y-sustentabl\/","og_site_name":"Mobilitas","article_published_time":"2022-12-19T01:08:31+00:00","article_modified_time":"2022-12-19T01:39:22+00:00","og_image":[{"width":720,"height":404,"url":"https:\/\/storage.mobilitas.lat\/uploads\/2022\/12\/MOBILITAS-CDMX-CLAUDIA-SHEINBAUM.jpg","type":"image\/jpeg"}],"author":"Alexandre Asquini","twitter_card":"summary_large_image","twitter_misc":{"Written by":"Alexandre Asquini","Est. reading time":"6 minutes"},"schema":{"@context":"https:\/\/schema.org","@graph":[{"@type":"Article","@id":"https:\/\/mobilitas.lat\/es\/2022\/12\/18\/en-su-mensaje-de-rendicion-de-cuentas-de-2022-la-jefa-de-gobierno-de-la-ciudad-de-mexico-claudia-sheinbaun-pardo-describio-actividades-relacionadas-con-proyectos-de-movilidad-integrada-y-sustentabl\/#article","isPartOf":{"@id":"https:\/\/mobilitas.lat\/es\/2022\/12\/18\/en-su-mensaje-de-rendicion-de-cuentas-de-2022-la-jefa-de-gobierno-de-la-ciudad-de-mexico-claudia-sheinbaun-pardo-describio-actividades-relacionadas-con-proyectos-de-movilidad-integrada-y-sustentabl\/"},"author":{"name":"Alexandre Asquini","@id":"https:\/\/mobilitas.lat\/es\/#\/schema\/person\/cae0d01ccbe855d1858d146e4c4d582d"},"headline":"En su mensaje de rendici\u00f3n de cuentas de 2022, la jefa de gobierno de la Ciudad de M\u00e9xico, Claudia Sheinbaun Pardo, describi\u00f3 actividades relacionadas con proyectos de Movilidad Integrada y Sostenible","datePublished":"2022-12-19T01:08:31+00:00","dateModified":"2022-12-19T01:39:22+00:00","mainEntityOfPage":{"@id":"https:\/\/mobilitas.lat\/es\/2022\/12\/18\/en-su-mensaje-de-rendicion-de-cuentas-de-2022-la-jefa-de-gobierno-de-la-ciudad-de-mexico-claudia-sheinbaun-pardo-describio-actividades-relacionadas-con-proyectos-de-movilidad-integrada-y-sustentabl\/"},"wordCount":1289,"publisher":{"@id":"https:\/\/mobilitas.lat\/es\/#organization"},"image":{"@id":"https:\/\/mobilitas.lat\/es\/2022\/12\/18\/en-su-mensaje-de-rendicion-de-cuentas-de-2022-la-jefa-de-gobierno-de-la-ciudad-de-mexico-claudia-sheinbaun-pardo-describio-actividades-relacionadas-con-proyectos-de-movilidad-integrada-y-sustentabl\/#primaryimage"},"thumbnailUrl":"https:\/\/storage.mobilitas.lat\/uploads\/2022\/12\/MOBILITAS-CDMX-CLAUDIA-SHEINBAUM.jpg","keywords":["CLAUDIA SHEINBAUN","Hecho","San Jos\u00e9 de Costa Rica"],"articleSection":["Notas"],"inLanguage":"es-ES"},{"@type":"WebPage","@id":"https:\/\/mobilitas.lat\/es\/2022\/12\/18\/en-su-mensaje-de-rendicion-de-cuentas-de-2022-la-jefa-de-gobierno-de-la-ciudad-de-mexico-claudia-sheinbaun-pardo-describio-actividades-relacionadas-con-proyectos-de-movilidad-integrada-y-sustentabl\/","url":"https:\/\/mobilitas.lat\/es\/2022\/12\/18\/en-su-mensaje-de-rendicion-de-cuentas-de-2022-la-jefa-de-gobierno-de-la-ciudad-de-mexico-claudia-sheinbaun-pardo-describio-actividades-relacionadas-con-proyectos-de-movilidad-integrada-y-sustentabl\/","name":"En su mensaje de rendici\u00f3n de cuentas de 2022, la jefa de gobierno de la Ciudad de M\u00e9xico, Claudia Sheinbaun Pardo, describi\u00f3 actividades relacionadas con proyectos de Movilidad Integrada y Sostenible | Mobilitas","isPartOf":{"@id":"https:\/\/mobilitas.lat\/es\/#website"},"primaryImageOfPage":{"@id":"https:\/\/mobilitas.lat\/es\/2022\/12\/18\/en-su-mensaje-de-rendicion-de-cuentas-de-2022-la-jefa-de-gobierno-de-la-ciudad-de-mexico-claudia-sheinbaun-pardo-describio-actividades-relacionadas-con-proyectos-de-movilidad-integrada-y-sustentabl\/#primaryimage"},"image":{"@id":"https:\/\/mobilitas.lat\/es\/2022\/12\/18\/en-su-mensaje-de-rendicion-de-cuentas-de-2022-la-jefa-de-gobierno-de-la-ciudad-de-mexico-claudia-sheinbaun-pardo-describio-actividades-relacionadas-con-proyectos-de-movilidad-integrada-y-sustentabl\/#primaryimage"},"thumbnailUrl":"https:\/\/storage.mobilitas.lat\/uploads\/2022\/12\/MOBILITAS-CDMX-CLAUDIA-SHEINBAUM.jpg","datePublished":"2022-12-19T01:08:31+00:00","dateModified":"2022-12-19T01:39:22+00:00","breadcrumb":{"@id":"https:\/\/mobilitas.lat\/es\/2022\/12\/18\/en-su-mensaje-de-rendicion-de-cuentas-de-2022-la-jefa-de-gobierno-de-la-ciudad-de-mexico-claudia-sheinbaun-pardo-describio-actividades-relacionadas-con-proyectos-de-movilidad-integrada-y-sustentabl\/#breadcrumb"},"inLanguage":"es-ES","potentialAction":[{"@type":"ReadAction","target":["https:\/\/mobilitas.lat\/es\/2022\/12\/18\/en-su-mensaje-de-rendicion-de-cuentas-de-2022-la-jefa-de-gobierno-de-la-ciudad-de-mexico-claudia-sheinbaun-pardo-describio-actividades-relacionadas-con-proyectos-de-movilidad-integrada-y-sustentabl\/"]}]},{"@type":"ImageObject","inLanguage":"es-ES","@id":"https:\/\/mobilitas.lat\/es\/2022\/12\/18\/en-su-mensaje-de-rendicion-de-cuentas-de-2022-la-jefa-de-gobierno-de-la-ciudad-de-mexico-claudia-sheinbaun-pardo-describio-actividades-relacionadas-con-proyectos-de-movilidad-integrada-y-sustentabl\/#primaryimage","url":"https:\/\/storage.mobilitas.lat\/uploads\/2022\/12\/MOBILITAS-CDMX-CLAUDIA-SHEINBAUM.jpg","contentUrl":"https:\/\/storage.mobilitas.lat\/uploads\/2022\/12\/MOBILITAS-CDMX-CLAUDIA-SHEINBAUM.jpg","width":720,"height":404},{"@type":"BreadcrumbList","@id":"https:\/\/mobilitas.lat\/es\/2022\/12\/18\/en-su-mensaje-de-rendicion-de-cuentas-de-2022-la-jefa-de-gobierno-de-la-ciudad-de-mexico-claudia-sheinbaun-pardo-describio-actividades-relacionadas-con-proyectos-de-movilidad-integrada-y-sustentabl\/#breadcrumb","itemListElement":[{"@type":"ListItem","position":1,"name":"In\u00edcio","item":"https:\/\/mobilitas.lat\/es\/"},{"@type":"ListItem","position":2,"name":"En su mensaje de rendici\u00f3n de cuentas de 2022, la jefa de gobierno de la Ciudad de M\u00e9xico, Claudia Sheinbaun Pardo, describi\u00f3 actividades relacionadas con proyectos de Movilidad Integrada y Sostenible"}]},{"@type":"WebSite","@id":"https:\/\/mobilitas.lat\/es\/#website","url":"https:\/\/mobilitas.lat\/es\/","name":"Mobilitas","description":"Tecnologia e Mobilidade Urbana na Am\u00e9rica Latina","publisher":{"@id":"https:\/\/mobilitas.lat\/es\/#organization"},"potentialAction":[{"@type":"SearchAction","target":{"@type":"EntryPoint","urlTemplate":"https:\/\/mobilitas.lat\/es\/?s={search_term_string}"},"query-input":{"@type":"PropertyValueSpecification","valueRequired":true,"valueName":"search_term_string"}}],"inLanguage":"es-ES"},{"@type":"Organization","@id":"https:\/\/mobilitas.lat\/es\/#organization","name":"OTM Editora","url":"https:\/\/mobilitas.lat\/es\/","logo":{"@type":"ImageObject","inLanguage":"es-ES","@id":"https:\/\/mobilitas.lat\/es\/#\/schema\/logo\/image\/","url":"https:\/\/mobilitas.lat\/wp-content\/uploads\/2024\/03\/opengraph.png","contentUrl":"https:\/\/mobilitas.lat\/wp-content\/uploads\/2024\/03\/opengraph.png","width":1200,"height":630,"caption":"OTM Editora"},"image":{"@id":"https:\/\/mobilitas.lat\/es\/#\/schema\/logo\/image\/"}},{"@type":"Person","@id":"https:\/\/mobilitas.lat\/es\/#\/schema\/person\/cae0d01ccbe855d1858d146e4c4d582d","name":"Alexandre Asquini","image":{"@type":"ImageObject","inLanguage":"es-ES","@id":"https:\/\/mobilitas.lat\/es\/#\/schema\/person\/image\/","url":"https:\/\/secure.gravatar.com\/avatar\/aac99dbef1420f75cc7d86913eb8a7cdfbe13e2509ad7a45649a61414f6d2785?s=96&d=mm&r=g","contentUrl":"https:\/\/secure.gravatar.com\/avatar\/aac99dbef1420f75cc7d86913eb8a7cdfbe13e2509ad7a45649a61414f6d2785?s=96&d=mm&r=g","caption":"Alexandre Asquini"}}]}},"_links":{"self":[{"href":"https:\/\/mobilitas.lat\/es\/wp-json\/wp\/v2\/posts\/16101","targetHints":{"allow":["GET"]}}],"collection":[{"href":"https:\/\/mobilitas.lat\/es\/wp-json\/wp\/v2\/posts"}],"about":[{"href":"https:\/\/mobilitas.lat\/es\/wp-json\/wp\/v2\/types\/post"}],"author":[{"embeddable":true,"href":"https:\/\/mobilitas.lat\/es\/wp-json\/wp\/v2\/users\/2"}],"replies":[{"embeddable":true,"href":"https:\/\/mobilitas.lat\/es\/wp-json\/wp\/v2\/comments?post=16101"}],"version-history":[{"count":5,"href":"https:\/\/mobilitas.lat\/es\/wp-json\/wp\/v2\/posts\/16101\/revisions"}],"predecessor-version":[{"id":16107,"href":"https:\/\/mobilitas.lat\/es\/wp-json\/wp\/v2\/posts\/16101\/revisions\/16107"}],"wp:featuredmedia":[{"embeddable":true,"href":"https:\/\/mobilitas.lat\/es\/wp-json\/wp\/v2\/media\/16094"}],"wp:attachment":[{"href":"https:\/\/mobilitas.lat\/es\/wp-json\/wp\/v2\/media?parent=16101"}],"wp:term":[{"taxonomy":"category","embeddable":true,"href":"https:\/\/mobilitas.lat\/es\/wp-json\/wp\/v2\/categories?post=16101"},{"taxonomy":"post_tag","embeddable":true,"href":"https:\/\/mobilitas.lat\/es\/wp-json\/wp\/v2\/tags?post=16101"}],"curies":[{"name":"wp","href":"https:\/\/api.w.org\/{rel}","templated":true}]}}