{"id":16048,"date":"2023-01-25T18:05:26","date_gmt":"2023-01-25T21:05:26","guid":{"rendered":"https:\/\/mobilitas.lat\/?p=16048"},"modified":"2023-01-25T18:55:59","modified_gmt":"2023-01-25T21:55:59","slug":"gobierno-de-brasil-recibira-hasta-el-26-de-enero-de-2023-las-contribuciones-de-una-consulta-publica-federal-sobre-el-proyecto-de-ley-que-busca-establecer-el-marco-juridico-del-transporte-publico-colec","status":"publish","type":"post","link":"https:\/\/mobilitas.lat\/es\/2023\/01\/25\/gobierno-de-brasil-recibira-hasta-el-26-de-enero-de-2023-las-contribuciones-de-una-consulta-publica-federal-sobre-el-proyecto-de-ley-que-busca-establecer-el-marco-juridico-del-transporte-publico-colec\/","title":{"rendered":"Gobierno de Brasil extiende hasta el 27 de febrero de 2023 el plazo para recibir aportes respecto al proyecto de ley que busca establecer el Marco Jur\u00eddico para el Transporte P\u00fablico Colectivo"},"content":{"rendered":"\n<figure class=\"wp-block-image size-large\"><img loading=\"lazy\" decoding=\"async\" width=\"766\" height=\"384\" src=\"https:\/\/storage.mobilitas.lat\/uploads\/2022\/12\/MOBILITAS-MINISTERIO-DE-DESENVOLVIMENTO-REGIONAL-BRASIL-MARCO-LEGAL-TP-ILUSTRA.jpg\" alt=\"\" class=\"wp-image-16051\" srcset=\"https:\/\/storage.mobilitas.lat\/uploads\/2022\/12\/MOBILITAS-MINISTERIO-DE-DESENVOLVIMENTO-REGIONAL-BRASIL-MARCO-LEGAL-TP-ILUSTRA.jpg 766w, https:\/\/storage.mobilitas.lat\/uploads\/2022\/12\/MOBILITAS-MINISTERIO-DE-DESENVOLVIMENTO-REGIONAL-BRASIL-MARCO-LEGAL-TP-ILUSTRA-300x150.jpg 300w, https:\/\/storage.mobilitas.lat\/uploads\/2022\/12\/MOBILITAS-MINISTERIO-DE-DESENVOLVIMENTO-REGIONAL-BRASIL-MARCO-LEGAL-TP-ILUSTRA-480x240.jpg 480w\" sizes=\"auto, (max-width: 766px) 100vw, 766px\" \/><\/figure>\n\n\n\n<p>Un aviso en el sitio web ministerial del gobierno brasile\u00f1o informa que el plazo para la presentaci\u00f3n de contribuciones de la sociedad en relaci\u00f3n con el proyecto de ley referente al Marco Legal do Transporte P\u00fablico Colectivo se extendi\u00f3 del 26 de enero al 27 de febrero de 2023.<\/p>\n\n\n\n<p>La participaci\u00f3n est\u00e1 abierta a ciudadanos, empresas, instituciones p\u00fablicas, movimientos y organizaciones de la sociedad civil. V\u00e9ase el enlace para acceder a la propuesta al final de este texto.<\/p>\n\n\n\n<p>El anteproyecto de ley fue elaborado con la participaci\u00f3n y el apoyo de organizaciones de la sociedad civil, en el \u00e1mbito del Foro Consultivo de Movilidad Urbana, y con el apoyo del Banco Interamericano de Desarrollo (BID), que busc\u00f3 identificar las demandas normativas y los temas cr\u00edticos que deber\u00edan componer un anteproyecto de ley.<\/p>\n\n\n\n<p><strong>OBJETIVOS<\/strong><\/p>\n\n\n\n<p>La idea es que el Marco Legal del Transporte P\u00fablico Colectivo mejore la Pol\u00edtica Nacional de Movilidad Urbana y contribuya a organizar una red de transporte p\u00fablico colectivo formada por modos y servicios de transporte complementarios.<\/p>\n\n\n\n<p>Busca la formaci\u00f3n de una red de transporte \u00fanica, organizada con l\u00edneas y rutas, que puede tener diferentes funciones y modos de viaje y puede universalizarse.<\/p>\n\n\n\n<p>Tambi\u00e9n preocupa la integraci\u00f3n de los modos, que deben ser accesibles tanto f\u00edsica como econ\u00f3micamente, adem\u00e1s de la adopci\u00f3n de normas de calidad para la prestaci\u00f3n de servicios.<\/p>\n\n\n\n<p>El proyecto propuesto por el Ministerio de Desarrollo Regional aborda tambi\u00e9n la diversificaci\u00f3n de los modelos de contrataci\u00f3n de los servicios de transporte p\u00fablico, los instrumentos de financiaci\u00f3n del sector y las subvenciones a la explotaci\u00f3n de este tipo de servicios.<\/p>\n\n\n\n<p>El documento es esencial para definir los derechos de los usuarios y las atribuciones de las tres esferas de gobierno, adem\u00e1s de las directrices para la planificaci\u00f3n y gesti\u00f3n de los sistemas de movilidad urbana y los instrumentos de apoyo a la movilidad urbana, entre otras cuestiones.<\/p>\n\n\n\n<p><strong><em><a href=\"https:\/\/www.gov.br\/participamaisbrasil\/marco-legal-transporte-publico-coletivo\" target=\"_blank\" rel=\"noreferrer noopener\">Accede al texto de la propuesta<\/a><\/em><\/strong><\/p>\n","protected":false},"excerpt":{"rendered":"<p>Un aviso en el sitio web ministerial del gobierno brasile\u00f1o informa que el plazo para la presentaci\u00f3n de contribuciones de la sociedad en relaci\u00f3n con el proyecto de ley referente al Marco Legal do Transporte P\u00fablico Colectivo se extendi\u00f3 del 26 de enero al 27 de febrero de 2023. La participaci\u00f3n est\u00e1 abierta a ciudadanos, [&hellip;]<\/p>\n","protected":false},"author":2,"featured_media":16059,"comment_status":"closed","ping_status":"closed","sticky":false,"template":"","format":"standard","meta":{"footnotes":""},"categories":[287,298],"tags":[1921,1638],"class_list":["post-16048","post","type-post","status-publish","format-standard","has-post-thumbnail","hentry","category-notas","category-radar-es","tag-ministerio-de-desarrollo-regional-de-brasil","tag-radar-es"],"yoast_head":"<!-- This site is optimized with the Yoast SEO plugin v26.9 - https:\/\/yoast.com\/product\/yoast-seo-wordpress\/ -->\n<title>Gobierno de Brasil extiende hasta el 27 de febrero de 2023 el plazo para recibir aportes respecto al proyecto de ley que busca establecer el Marco Jur\u00eddico para el Transporte P\u00fablico Colectivo | Mobilitas<\/title>\n<meta name=\"robots\" content=\"index, follow, max-snippet:-1, max-image-preview:large, max-video-preview:-1\" \/>\n<link rel=\"canonical\" href=\"https:\/\/mobilitas.lat\/es\/2023\/01\/25\/gobierno-de-brasil-recibira-hasta-el-26-de-enero-de-2023-las-contribuciones-de-una-consulta-publica-federal-sobre-el-proyecto-de-ley-que-busca-establecer-el-marco-juridico-del-transporte-publico-colec\/\" \/>\n<meta property=\"og:locale\" content=\"es_ES\" \/>\n<meta property=\"og:type\" content=\"article\" \/>\n<meta property=\"og:title\" content=\"Gobierno de Brasil extiende hasta el 27 de febrero de 2023 el plazo para recibir aportes respecto al proyecto de ley que busca establecer el Marco Jur\u00eddico para el Transporte P\u00fablico Colectivo | Mobilitas\" \/>\n<meta property=\"og:description\" content=\"Un aviso en el sitio web ministerial del gobierno brasile\u00f1o informa que el plazo para la presentaci\u00f3n de contribuciones de la sociedad en relaci\u00f3n con el proyecto de ley referente al Marco Legal do Transporte P\u00fablico Colectivo se extendi\u00f3 del 26 de enero al 27 de febrero de 2023. La participaci\u00f3n est\u00e1 abierta a ciudadanos, [&hellip;]\" \/>\n<meta property=\"og:url\" content=\"https:\/\/mobilitas.lat\/es\/2023\/01\/25\/gobierno-de-brasil-recibira-hasta-el-26-de-enero-de-2023-las-contribuciones-de-una-consulta-publica-federal-sobre-el-proyecto-de-ley-que-busca-establecer-el-marco-juridico-del-transporte-publico-colec\/\" \/>\n<meta property=\"og:site_name\" content=\"Mobilitas\" \/>\n<meta property=\"article:published_time\" content=\"2023-01-25T21:05:26+00:00\" \/>\n<meta property=\"article:modified_time\" content=\"2023-01-25T21:55:59+00:00\" \/>\n<meta property=\"og:image\" content=\"https:\/\/storage.mobilitas.lat\/uploads\/2022\/12\/MOBILITAS-MINISTERIO-DE-DESENVOLVIMENTO-REGIONAL-BRASIL-MARCO-LEGAL-TP-ILUSTRA-1.jpg\" \/>\n\t<meta property=\"og:image:width\" content=\"768\" \/>\n\t<meta property=\"og:image:height\" content=\"421\" \/>\n\t<meta property=\"og:image:type\" content=\"image\/jpeg\" \/>\n<meta name=\"author\" content=\"Alexandre Asquini\" \/>\n<meta name=\"twitter:card\" content=\"summary_large_image\" \/>\n<meta name=\"twitter:label1\" content=\"Written by\" \/>\n\t<meta name=\"twitter:data1\" content=\"Alexandre Asquini\" \/>\n\t<meta name=\"twitter:label2\" content=\"Est. reading time\" \/>\n\t<meta name=\"twitter:data2\" content=\"2 minutes\" \/>\n<script type=\"application\/ld+json\" class=\"yoast-schema-graph\">{\"@context\":\"https:\/\/schema.org\",\"@graph\":[{\"@type\":\"Article\",\"@id\":\"https:\/\/mobilitas.lat\/es\/2023\/01\/25\/gobierno-de-brasil-recibira-hasta-el-26-de-enero-de-2023-las-contribuciones-de-una-consulta-publica-federal-sobre-el-proyecto-de-ley-que-busca-establecer-el-marco-juridico-del-transporte-publico-colec\/#article\",\"isPartOf\":{\"@id\":\"https:\/\/mobilitas.lat\/es\/2023\/01\/25\/gobierno-de-brasil-recibira-hasta-el-26-de-enero-de-2023-las-contribuciones-de-una-consulta-publica-federal-sobre-el-proyecto-de-ley-que-busca-establecer-el-marco-juridico-del-transporte-publico-colec\/\"},\"author\":{\"name\":\"Alexandre Asquini\",\"@id\":\"https:\/\/mobilitas.lat\/es\/#\/schema\/person\/cae0d01ccbe855d1858d146e4c4d582d\"},\"headline\":\"Gobierno de Brasil extiende hasta el 27 de febrero de 2023 el plazo para recibir aportes respecto al proyecto de ley que busca establecer el Marco Jur\u00eddico para el Transporte P\u00fablico Colectivo\",\"datePublished\":\"2023-01-25T21:05:26+00:00\",\"dateModified\":\"2023-01-25T21:55:59+00:00\",\"mainEntityOfPage\":{\"@id\":\"https:\/\/mobilitas.lat\/es\/2023\/01\/25\/gobierno-de-brasil-recibira-hasta-el-26-de-enero-de-2023-las-contribuciones-de-una-consulta-publica-federal-sobre-el-proyecto-de-ley-que-busca-establecer-el-marco-juridico-del-transporte-publico-colec\/\"},\"wordCount\":377,\"publisher\":{\"@id\":\"https:\/\/mobilitas.lat\/es\/#organization\"},\"image\":{\"@id\":\"https:\/\/mobilitas.lat\/es\/2023\/01\/25\/gobierno-de-brasil-recibira-hasta-el-26-de-enero-de-2023-las-contribuciones-de-una-consulta-publica-federal-sobre-el-proyecto-de-ley-que-busca-establecer-el-marco-juridico-del-transporte-publico-colec\/#primaryimage\"},\"thumbnailUrl\":\"https:\/\/storage.mobilitas.lat\/uploads\/2022\/12\/MOBILITAS-MINISTERIO-DE-DESENVOLVIMENTO-REGIONAL-BRASIL-MARCO-LEGAL-TP-ILUSTRA-1.jpg\",\"keywords\":[\"MINISTERIO DE DESARROLLO REGIONAL DE BRASIL\",\"RADAR\"],\"articleSection\":[\"Notas\",\"Radar\"],\"inLanguage\":\"es-ES\"},{\"@type\":\"WebPage\",\"@id\":\"https:\/\/mobilitas.lat\/es\/2023\/01\/25\/gobierno-de-brasil-recibira-hasta-el-26-de-enero-de-2023-las-contribuciones-de-una-consulta-publica-federal-sobre-el-proyecto-de-ley-que-busca-establecer-el-marco-juridico-del-transporte-publico-colec\/\",\"url\":\"https:\/\/mobilitas.lat\/es\/2023\/01\/25\/gobierno-de-brasil-recibira-hasta-el-26-de-enero-de-2023-las-contribuciones-de-una-consulta-publica-federal-sobre-el-proyecto-de-ley-que-busca-establecer-el-marco-juridico-del-transporte-publico-colec\/\",\"name\":\"Gobierno de Brasil extiende hasta el 27 de febrero de 2023 el plazo para recibir aportes respecto al proyecto de ley que busca establecer el Marco Jur\u00eddico para el Transporte P\u00fablico Colectivo | Mobilitas\",\"isPartOf\":{\"@id\":\"https:\/\/mobilitas.lat\/es\/#website\"},\"primaryImageOfPage\":{\"@id\":\"https:\/\/mobilitas.lat\/es\/2023\/01\/25\/gobierno-de-brasil-recibira-hasta-el-26-de-enero-de-2023-las-contribuciones-de-una-consulta-publica-federal-sobre-el-proyecto-de-ley-que-busca-establecer-el-marco-juridico-del-transporte-publico-colec\/#primaryimage\"},\"image\":{\"@id\":\"https:\/\/mobilitas.lat\/es\/2023\/01\/25\/gobierno-de-brasil-recibira-hasta-el-26-de-enero-de-2023-las-contribuciones-de-una-consulta-publica-federal-sobre-el-proyecto-de-ley-que-busca-establecer-el-marco-juridico-del-transporte-publico-colec\/#primaryimage\"},\"thumbnailUrl\":\"https:\/\/storage.mobilitas.lat\/uploads\/2022\/12\/MOBILITAS-MINISTERIO-DE-DESENVOLVIMENTO-REGIONAL-BRASIL-MARCO-LEGAL-TP-ILUSTRA-1.jpg\",\"datePublished\":\"2023-01-25T21:05:26+00:00\",\"dateModified\":\"2023-01-25T21:55:59+00:00\",\"breadcrumb\":{\"@id\":\"https:\/\/mobilitas.lat\/es\/2023\/01\/25\/gobierno-de-brasil-recibira-hasta-el-26-de-enero-de-2023-las-contribuciones-de-una-consulta-publica-federal-sobre-el-proyecto-de-ley-que-busca-establecer-el-marco-juridico-del-transporte-publico-colec\/#breadcrumb\"},\"inLanguage\":\"es-ES\",\"potentialAction\":[{\"@type\":\"ReadAction\",\"target\":[\"https:\/\/mobilitas.lat\/es\/2023\/01\/25\/gobierno-de-brasil-recibira-hasta-el-26-de-enero-de-2023-las-contribuciones-de-una-consulta-publica-federal-sobre-el-proyecto-de-ley-que-busca-establecer-el-marco-juridico-del-transporte-publico-colec\/\"]}]},{\"@type\":\"ImageObject\",\"inLanguage\":\"es-ES\",\"@id\":\"https:\/\/mobilitas.lat\/es\/2023\/01\/25\/gobierno-de-brasil-recibira-hasta-el-26-de-enero-de-2023-las-contribuciones-de-una-consulta-publica-federal-sobre-el-proyecto-de-ley-que-busca-establecer-el-marco-juridico-del-transporte-publico-colec\/#primaryimage\",\"url\":\"https:\/\/storage.mobilitas.lat\/uploads\/2022\/12\/MOBILITAS-MINISTERIO-DE-DESENVOLVIMENTO-REGIONAL-BRASIL-MARCO-LEGAL-TP-ILUSTRA-1.jpg\",\"contentUrl\":\"https:\/\/storage.mobilitas.lat\/uploads\/2022\/12\/MOBILITAS-MINISTERIO-DE-DESENVOLVIMENTO-REGIONAL-BRASIL-MARCO-LEGAL-TP-ILUSTRA-1.jpg\",\"width\":768,\"height\":421},{\"@type\":\"BreadcrumbList\",\"@id\":\"https:\/\/mobilitas.lat\/es\/2023\/01\/25\/gobierno-de-brasil-recibira-hasta-el-26-de-enero-de-2023-las-contribuciones-de-una-consulta-publica-federal-sobre-el-proyecto-de-ley-que-busca-establecer-el-marco-juridico-del-transporte-publico-colec\/#breadcrumb\",\"itemListElement\":[{\"@type\":\"ListItem\",\"position\":1,\"name\":\"In\u00edcio\",\"item\":\"https:\/\/mobilitas.lat\/es\/\"},{\"@type\":\"ListItem\",\"position\":2,\"name\":\"Gobierno de Brasil extiende hasta el 27 de febrero de 2023 el plazo para recibir aportes respecto al proyecto de ley que busca establecer el Marco Jur\u00eddico para el Transporte P\u00fablico Colectivo\"}]},{\"@type\":\"WebSite\",\"@id\":\"https:\/\/mobilitas.lat\/es\/#website\",\"url\":\"https:\/\/mobilitas.lat\/es\/\",\"name\":\"Mobilitas\",\"description\":\"Tecnologia e Mobilidade Urbana na Am\u00e9rica Latina\",\"publisher\":{\"@id\":\"https:\/\/mobilitas.lat\/es\/#organization\"},\"potentialAction\":[{\"@type\":\"SearchAction\",\"target\":{\"@type\":\"EntryPoint\",\"urlTemplate\":\"https:\/\/mobilitas.lat\/es\/?s={search_term_string}\"},\"query-input\":{\"@type\":\"PropertyValueSpecification\",\"valueRequired\":true,\"valueName\":\"search_term_string\"}}],\"inLanguage\":\"es-ES\"},{\"@type\":\"Organization\",\"@id\":\"https:\/\/mobilitas.lat\/es\/#organization\",\"name\":\"OTM Editora\",\"url\":\"https:\/\/mobilitas.lat\/es\/\",\"logo\":{\"@type\":\"ImageObject\",\"inLanguage\":\"es-ES\",\"@id\":\"https:\/\/mobilitas.lat\/es\/#\/schema\/logo\/image\/\",\"url\":\"https:\/\/mobilitas.lat\/wp-content\/uploads\/2024\/03\/opengraph.png\",\"contentUrl\":\"https:\/\/mobilitas.lat\/wp-content\/uploads\/2024\/03\/opengraph.png\",\"width\":1200,\"height\":630,\"caption\":\"OTM Editora\"},\"image\":{\"@id\":\"https:\/\/mobilitas.lat\/es\/#\/schema\/logo\/image\/\"}},{\"@type\":\"Person\",\"@id\":\"https:\/\/mobilitas.lat\/es\/#\/schema\/person\/cae0d01ccbe855d1858d146e4c4d582d\",\"name\":\"Alexandre Asquini\",\"image\":{\"@type\":\"ImageObject\",\"inLanguage\":\"es-ES\",\"@id\":\"https:\/\/mobilitas.lat\/es\/#\/schema\/person\/image\/\",\"url\":\"https:\/\/secure.gravatar.com\/avatar\/aac99dbef1420f75cc7d86913eb8a7cdfbe13e2509ad7a45649a61414f6d2785?s=96&d=mm&r=g\",\"contentUrl\":\"https:\/\/secure.gravatar.com\/avatar\/aac99dbef1420f75cc7d86913eb8a7cdfbe13e2509ad7a45649a61414f6d2785?s=96&d=mm&r=g\",\"caption\":\"Alexandre Asquini\"}}]}<\/script>\n<!-- \/ Yoast SEO plugin. -->","yoast_head_json":{"title":"Gobierno de Brasil extiende hasta el 27 de febrero de 2023 el plazo para recibir aportes respecto al proyecto de ley que busca establecer el Marco Jur\u00eddico para el Transporte P\u00fablico Colectivo | Mobilitas","robots":{"index":"index","follow":"follow","max-snippet":"max-snippet:-1","max-image-preview":"max-image-preview:large","max-video-preview":"max-video-preview:-1"},"canonical":"https:\/\/mobilitas.lat\/es\/2023\/01\/25\/gobierno-de-brasil-recibira-hasta-el-26-de-enero-de-2023-las-contribuciones-de-una-consulta-publica-federal-sobre-el-proyecto-de-ley-que-busca-establecer-el-marco-juridico-del-transporte-publico-colec\/","og_locale":"es_ES","og_type":"article","og_title":"Gobierno de Brasil extiende hasta el 27 de febrero de 2023 el plazo para recibir aportes respecto al proyecto de ley que busca establecer el Marco Jur\u00eddico para el Transporte P\u00fablico Colectivo | Mobilitas","og_description":"Un aviso en el sitio web ministerial del gobierno brasile\u00f1o informa que el plazo para la presentaci\u00f3n de contribuciones de la sociedad en relaci\u00f3n con el proyecto de ley referente al Marco Legal do Transporte P\u00fablico Colectivo se extendi\u00f3 del 26 de enero al 27 de febrero de 2023. La participaci\u00f3n est\u00e1 abierta a ciudadanos, [&hellip;]","og_url":"https:\/\/mobilitas.lat\/es\/2023\/01\/25\/gobierno-de-brasil-recibira-hasta-el-26-de-enero-de-2023-las-contribuciones-de-una-consulta-publica-federal-sobre-el-proyecto-de-ley-que-busca-establecer-el-marco-juridico-del-transporte-publico-colec\/","og_site_name":"Mobilitas","article_published_time":"2023-01-25T21:05:26+00:00","article_modified_time":"2023-01-25T21:55:59+00:00","og_image":[{"width":768,"height":421,"url":"https:\/\/storage.mobilitas.lat\/uploads\/2022\/12\/MOBILITAS-MINISTERIO-DE-DESENVOLVIMENTO-REGIONAL-BRASIL-MARCO-LEGAL-TP-ILUSTRA-1.jpg","type":"image\/jpeg"}],"author":"Alexandre Asquini","twitter_card":"summary_large_image","twitter_misc":{"Written by":"Alexandre Asquini","Est. reading time":"2 minutes"},"schema":{"@context":"https:\/\/schema.org","@graph":[{"@type":"Article","@id":"https:\/\/mobilitas.lat\/es\/2023\/01\/25\/gobierno-de-brasil-recibira-hasta-el-26-de-enero-de-2023-las-contribuciones-de-una-consulta-publica-federal-sobre-el-proyecto-de-ley-que-busca-establecer-el-marco-juridico-del-transporte-publico-colec\/#article","isPartOf":{"@id":"https:\/\/mobilitas.lat\/es\/2023\/01\/25\/gobierno-de-brasil-recibira-hasta-el-26-de-enero-de-2023-las-contribuciones-de-una-consulta-publica-federal-sobre-el-proyecto-de-ley-que-busca-establecer-el-marco-juridico-del-transporte-publico-colec\/"},"author":{"name":"Alexandre Asquini","@id":"https:\/\/mobilitas.lat\/es\/#\/schema\/person\/cae0d01ccbe855d1858d146e4c4d582d"},"headline":"Gobierno de Brasil extiende hasta el 27 de febrero de 2023 el plazo para recibir aportes respecto al proyecto de ley que busca establecer el Marco Jur\u00eddico para el Transporte P\u00fablico Colectivo","datePublished":"2023-01-25T21:05:26+00:00","dateModified":"2023-01-25T21:55:59+00:00","mainEntityOfPage":{"@id":"https:\/\/mobilitas.lat\/es\/2023\/01\/25\/gobierno-de-brasil-recibira-hasta-el-26-de-enero-de-2023-las-contribuciones-de-una-consulta-publica-federal-sobre-el-proyecto-de-ley-que-busca-establecer-el-marco-juridico-del-transporte-publico-colec\/"},"wordCount":377,"publisher":{"@id":"https:\/\/mobilitas.lat\/es\/#organization"},"image":{"@id":"https:\/\/mobilitas.lat\/es\/2023\/01\/25\/gobierno-de-brasil-recibira-hasta-el-26-de-enero-de-2023-las-contribuciones-de-una-consulta-publica-federal-sobre-el-proyecto-de-ley-que-busca-establecer-el-marco-juridico-del-transporte-publico-colec\/#primaryimage"},"thumbnailUrl":"https:\/\/storage.mobilitas.lat\/uploads\/2022\/12\/MOBILITAS-MINISTERIO-DE-DESENVOLVIMENTO-REGIONAL-BRASIL-MARCO-LEGAL-TP-ILUSTRA-1.jpg","keywords":["MINISTERIO DE DESARROLLO REGIONAL DE BRASIL","RADAR"],"articleSection":["Notas","Radar"],"inLanguage":"es-ES"},{"@type":"WebPage","@id":"https:\/\/mobilitas.lat\/es\/2023\/01\/25\/gobierno-de-brasil-recibira-hasta-el-26-de-enero-de-2023-las-contribuciones-de-una-consulta-publica-federal-sobre-el-proyecto-de-ley-que-busca-establecer-el-marco-juridico-del-transporte-publico-colec\/","url":"https:\/\/mobilitas.lat\/es\/2023\/01\/25\/gobierno-de-brasil-recibira-hasta-el-26-de-enero-de-2023-las-contribuciones-de-una-consulta-publica-federal-sobre-el-proyecto-de-ley-que-busca-establecer-el-marco-juridico-del-transporte-publico-colec\/","name":"Gobierno de Brasil extiende hasta el 27 de febrero de 2023 el plazo para recibir aportes respecto al proyecto de ley que busca establecer el Marco Jur\u00eddico para el Transporte P\u00fablico Colectivo | Mobilitas","isPartOf":{"@id":"https:\/\/mobilitas.lat\/es\/#website"},"primaryImageOfPage":{"@id":"https:\/\/mobilitas.lat\/es\/2023\/01\/25\/gobierno-de-brasil-recibira-hasta-el-26-de-enero-de-2023-las-contribuciones-de-una-consulta-publica-federal-sobre-el-proyecto-de-ley-que-busca-establecer-el-marco-juridico-del-transporte-publico-colec\/#primaryimage"},"image":{"@id":"https:\/\/mobilitas.lat\/es\/2023\/01\/25\/gobierno-de-brasil-recibira-hasta-el-26-de-enero-de-2023-las-contribuciones-de-una-consulta-publica-federal-sobre-el-proyecto-de-ley-que-busca-establecer-el-marco-juridico-del-transporte-publico-colec\/#primaryimage"},"thumbnailUrl":"https:\/\/storage.mobilitas.lat\/uploads\/2022\/12\/MOBILITAS-MINISTERIO-DE-DESENVOLVIMENTO-REGIONAL-BRASIL-MARCO-LEGAL-TP-ILUSTRA-1.jpg","datePublished":"2023-01-25T21:05:26+00:00","dateModified":"2023-01-25T21:55:59+00:00","breadcrumb":{"@id":"https:\/\/mobilitas.lat\/es\/2023\/01\/25\/gobierno-de-brasil-recibira-hasta-el-26-de-enero-de-2023-las-contribuciones-de-una-consulta-publica-federal-sobre-el-proyecto-de-ley-que-busca-establecer-el-marco-juridico-del-transporte-publico-colec\/#breadcrumb"},"inLanguage":"es-ES","potentialAction":[{"@type":"ReadAction","target":["https:\/\/mobilitas.lat\/es\/2023\/01\/25\/gobierno-de-brasil-recibira-hasta-el-26-de-enero-de-2023-las-contribuciones-de-una-consulta-publica-federal-sobre-el-proyecto-de-ley-que-busca-establecer-el-marco-juridico-del-transporte-publico-colec\/"]}]},{"@type":"ImageObject","inLanguage":"es-ES","@id":"https:\/\/mobilitas.lat\/es\/2023\/01\/25\/gobierno-de-brasil-recibira-hasta-el-26-de-enero-de-2023-las-contribuciones-de-una-consulta-publica-federal-sobre-el-proyecto-de-ley-que-busca-establecer-el-marco-juridico-del-transporte-publico-colec\/#primaryimage","url":"https:\/\/storage.mobilitas.lat\/uploads\/2022\/12\/MOBILITAS-MINISTERIO-DE-DESENVOLVIMENTO-REGIONAL-BRASIL-MARCO-LEGAL-TP-ILUSTRA-1.jpg","contentUrl":"https:\/\/storage.mobilitas.lat\/uploads\/2022\/12\/MOBILITAS-MINISTERIO-DE-DESENVOLVIMENTO-REGIONAL-BRASIL-MARCO-LEGAL-TP-ILUSTRA-1.jpg","width":768,"height":421},{"@type":"BreadcrumbList","@id":"https:\/\/mobilitas.lat\/es\/2023\/01\/25\/gobierno-de-brasil-recibira-hasta-el-26-de-enero-de-2023-las-contribuciones-de-una-consulta-publica-federal-sobre-el-proyecto-de-ley-que-busca-establecer-el-marco-juridico-del-transporte-publico-colec\/#breadcrumb","itemListElement":[{"@type":"ListItem","position":1,"name":"In\u00edcio","item":"https:\/\/mobilitas.lat\/es\/"},{"@type":"ListItem","position":2,"name":"Gobierno de Brasil extiende hasta el 27 de febrero de 2023 el plazo para recibir aportes respecto al proyecto de ley que busca establecer el Marco Jur\u00eddico para el Transporte P\u00fablico Colectivo"}]},{"@type":"WebSite","@id":"https:\/\/mobilitas.lat\/es\/#website","url":"https:\/\/mobilitas.lat\/es\/","name":"Mobilitas","description":"Tecnologia e Mobilidade Urbana na Am\u00e9rica Latina","publisher":{"@id":"https:\/\/mobilitas.lat\/es\/#organization"},"potentialAction":[{"@type":"SearchAction","target":{"@type":"EntryPoint","urlTemplate":"https:\/\/mobilitas.lat\/es\/?s={search_term_string}"},"query-input":{"@type":"PropertyValueSpecification","valueRequired":true,"valueName":"search_term_string"}}],"inLanguage":"es-ES"},{"@type":"Organization","@id":"https:\/\/mobilitas.lat\/es\/#organization","name":"OTM Editora","url":"https:\/\/mobilitas.lat\/es\/","logo":{"@type":"ImageObject","inLanguage":"es-ES","@id":"https:\/\/mobilitas.lat\/es\/#\/schema\/logo\/image\/","url":"https:\/\/mobilitas.lat\/wp-content\/uploads\/2024\/03\/opengraph.png","contentUrl":"https:\/\/mobilitas.lat\/wp-content\/uploads\/2024\/03\/opengraph.png","width":1200,"height":630,"caption":"OTM Editora"},"image":{"@id":"https:\/\/mobilitas.lat\/es\/#\/schema\/logo\/image\/"}},{"@type":"Person","@id":"https:\/\/mobilitas.lat\/es\/#\/schema\/person\/cae0d01ccbe855d1858d146e4c4d582d","name":"Alexandre Asquini","image":{"@type":"ImageObject","inLanguage":"es-ES","@id":"https:\/\/mobilitas.lat\/es\/#\/schema\/person\/image\/","url":"https:\/\/secure.gravatar.com\/avatar\/aac99dbef1420f75cc7d86913eb8a7cdfbe13e2509ad7a45649a61414f6d2785?s=96&d=mm&r=g","contentUrl":"https:\/\/secure.gravatar.com\/avatar\/aac99dbef1420f75cc7d86913eb8a7cdfbe13e2509ad7a45649a61414f6d2785?s=96&d=mm&r=g","caption":"Alexandre Asquini"}}]}},"_links":{"self":[{"href":"https:\/\/mobilitas.lat\/es\/wp-json\/wp\/v2\/posts\/16048","targetHints":{"allow":["GET"]}}],"collection":[{"href":"https:\/\/mobilitas.lat\/es\/wp-json\/wp\/v2\/posts"}],"about":[{"href":"https:\/\/mobilitas.lat\/es\/wp-json\/wp\/v2\/types\/post"}],"author":[{"embeddable":true,"href":"https:\/\/mobilitas.lat\/es\/wp-json\/wp\/v2\/users\/2"}],"replies":[{"embeddable":true,"href":"https:\/\/mobilitas.lat\/es\/wp-json\/wp\/v2\/comments?post=16048"}],"version-history":[{"count":7,"href":"https:\/\/mobilitas.lat\/es\/wp-json\/wp\/v2\/posts\/16048\/revisions"}],"predecessor-version":[{"id":16686,"href":"https:\/\/mobilitas.lat\/es\/wp-json\/wp\/v2\/posts\/16048\/revisions\/16686"}],"wp:featuredmedia":[{"embeddable":true,"href":"https:\/\/mobilitas.lat\/es\/wp-json\/wp\/v2\/media\/16059"}],"wp:attachment":[{"href":"https:\/\/mobilitas.lat\/es\/wp-json\/wp\/v2\/media?parent=16048"}],"wp:term":[{"taxonomy":"category","embeddable":true,"href":"https:\/\/mobilitas.lat\/es\/wp-json\/wp\/v2\/categories?post=16048"},{"taxonomy":"post_tag","embeddable":true,"href":"https:\/\/mobilitas.lat\/es\/wp-json\/wp\/v2\/tags?post=16048"}],"curies":[{"name":"wp","href":"https:\/\/api.w.org\/{rel}","templated":true}]}}