{"id":16022,"date":"2022-12-09T23:36:49","date_gmt":"2022-12-10T02:36:49","guid":{"rendered":"https:\/\/mobilitas.lat\/?p=16022"},"modified":"2022-12-09T23:36:51","modified_gmt":"2022-12-10T02:36:51","slug":"andre-marques-es-el-nuevo-presidente-de-volvo-buses-en-america-latina-asumio-el-1-de-diciembre-con-la-mision-de-seguir-expandiendo-los-buses-de-la-marca-en-la-region-y-avanzar-con-el-proyecto-de-elec","status":"publish","type":"post","link":"https:\/\/mobilitas.lat\/es\/2022\/12\/09\/andre-marques-es-el-nuevo-presidente-de-volvo-buses-en-america-latina-asumio-el-1-de-diciembre-con-la-mision-de-seguir-expandiendo-los-buses-de-la-marca-en-la-region-y-avanzar-con-el-proyecto-de-elec\/","title":{"rendered":"Andr\u00e9 Marques es el nuevo presidente de Volvo Buses en Am\u00e9rica Latina. Asumi\u00f3 el 1 de diciembre con la misi\u00f3n de seguir expandiendo los buses de la marca en la regi\u00f3n y avanzar con el proyecto de electromovilidad en el continente"},"content":{"rendered":"\n<figure class=\"wp-block-image size-large\"><img loading=\"lazy\" decoding=\"async\" width=\"756\" height=\"414\" src=\"https:\/\/storage.mobilitas.lat\/uploads\/2022\/12\/MOBILITAS-VOLVO-ANDRE-MARQUES.jpg\" alt=\"\" class=\"wp-image-16019\" srcset=\"https:\/\/storage.mobilitas.lat\/uploads\/2022\/12\/MOBILITAS-VOLVO-ANDRE-MARQUES.jpg 756w, https:\/\/storage.mobilitas.lat\/uploads\/2022\/12\/MOBILITAS-VOLVO-ANDRE-MARQUES-300x164.jpg 300w\" sizes=\"auto, (max-width: 756px) 100vw, 756px\" \/><figcaption><strong><em>Andr\u00e9 Marques<\/em><\/strong><\/figcaption><\/figure>\n\n\n\n<p>El 1 de diciembre de 2022, Andr\u00e9 Marques asumi\u00f3 la presidencia de Volvo Buses en Am\u00e9rica Latina, siendo responsable de todo el negocio de autobuses de la marca en el continente, que es uno de los mercados de autobuses m\u00e1s grandes del mundo.<\/p>\n\n\n\n<p>Con una carrera de 25 a\u00f1os en Volvo Group, Marques fue director ejecutivo de Volvo en Colombia, pa\u00eds donde la marca tiene una fuerte presencia en sistemas BRT.<\/p>\n\n\n\n<p>Previamente, se desempe\u00f1\u00f3 en M\u00e9xico como director de desarrollo de productos y compras, as\u00ed como director de mercadeo y nuevos negocios.<\/p>\n\n\n\n<p>El ejecutivo inici\u00f3 su carrera en Volvo en 1997, como ingeniero de desarrollo de productos, y ya ha ocupado varios puestos de liderazgo, tanto en el segmento de autobuses como en el de camiones.<\/p>\n\n\n\n<p>Ingeniero mec\u00e1nico egresado de la Universidad Tecnol\u00f3gica Federal de Paran\u00e1, Andr\u00e9 Marques tambi\u00e9n tiene un MBA en Administraci\u00f3n y Negocios de la Universidad Federal de Paran\u00e1. Al frente de Volvo Buses Latinoam\u00e9rica, el ejecutivo asume la misi\u00f3n de seguir expandiendo los buses de los autobuses de la marca en la regi\u00f3n y avanzar con el proyecto de electromovilidad en el continente, manteniendo la empresa a la vanguardia en soluciones para la movilidad urbana y tambi\u00e9n en el segmento de autobuses para carretera.&nbsp;<\/p>\n\n\n\n<p>Otro punto destacado ser\u00e1 la expansi\u00f3n de las ofertas de servicios conectados a los transportistas, para aumentar la productividad y la seguridad de la flota.<\/p>\n\n\n\n<p>\u201cMe siento muy honrado con este nuevo desaf\u00edo en mi carrera. En los \u00faltimos a\u00f1os, el mercado de autobuses ha pasado por un per\u00edodo cr\u00edtico, debido a la pandemia. Pero la recuperaci\u00f3n se ha ido dando paulatinamente y se reprime la demanda de renovaci\u00f3n de flota, lo que traer\u00e1 oportunidades. Volvo es una de las marcas m\u00e1s importantes del continente, con una destacada participaci\u00f3n en los sistemas de transporte urbano de pasajeros. Tambi\u00e9n somos referencia en chasis de carretera de alta tecnolog\u00eda y conectividad, con alta seguridad y bajo consumo. Nuestro enfoque, en Brasil y en toda Am\u00e9rica Latina, seguir\u00e1 siendo el \u00e9xito de nuestros clientes, manteniendo y construyendo alianzas a largo plazo\u201d, dice Marques.<\/p>\n\n\n\n<p>Fabiano Todeschini, quien ocup\u00f3 la presidencia de Volvo Buses Latinoam\u00e9rica durante los \u00faltimos seis a\u00f1os, asumi\u00f3 como director ejecutivo de Dipesul, una red de concesionarios Volvo en Rio Grande do Sul. <strong>(Technibus)<\/strong><\/p>\n","protected":false},"excerpt":{"rendered":"<p>El 1 de diciembre de 2022, Andr\u00e9 Marques asumi\u00f3 la presidencia de Volvo Buses en Am\u00e9rica Latina, siendo responsable de todo el negocio de autobuses de la marca en el continente, que es uno de los mercados de autobuses m\u00e1s grandes del mundo. Con una carrera de 25 a\u00f1os en Volvo Group, Marques fue director [&hellip;]<\/p>\n","protected":false},"author":2,"featured_media":16019,"comment_status":"closed","ping_status":"closed","sticky":false,"template":"","format":"standard","meta":{"footnotes":""},"categories":[287],"tags":[1963,471,1964],"class_list":["post-16022","post","type-post","status-publish","format-standard","has-post-thumbnail","hentry","category-notas","tag-andre-marques","tag-en-foco","tag-volvo-buses-america-latina"],"yoast_head":"<!-- This site is optimized with the Yoast SEO plugin v26.9 - https:\/\/yoast.com\/product\/yoast-seo-wordpress\/ -->\n<title>Andr\u00e9 Marques es el nuevo presidente de Volvo Buses en Am\u00e9rica Latina. Asumi\u00f3 el 1 de diciembre con la misi\u00f3n de seguir expandiendo los buses de la marca en la regi\u00f3n y avanzar con el proyecto de electromovilidad en el continente | Mobilitas<\/title>\n<meta name=\"robots\" content=\"index, follow, max-snippet:-1, max-image-preview:large, max-video-preview:-1\" \/>\n<link rel=\"canonical\" href=\"https:\/\/mobilitas.lat\/es\/2022\/12\/09\/andre-marques-es-el-nuevo-presidente-de-volvo-buses-en-america-latina-asumio-el-1-de-diciembre-con-la-mision-de-seguir-expandiendo-los-buses-de-la-marca-en-la-region-y-avanzar-con-el-proyecto-de-elec\/\" \/>\n<meta property=\"og:locale\" content=\"es_ES\" \/>\n<meta property=\"og:type\" content=\"article\" \/>\n<meta property=\"og:title\" content=\"Andr\u00e9 Marques es el nuevo presidente de Volvo Buses en Am\u00e9rica Latina. Asumi\u00f3 el 1 de diciembre con la misi\u00f3n de seguir expandiendo los buses de la marca en la regi\u00f3n y avanzar con el proyecto de electromovilidad en el continente | Mobilitas\" \/>\n<meta property=\"og:description\" content=\"El 1 de diciembre de 2022, Andr\u00e9 Marques asumi\u00f3 la presidencia de Volvo Buses en Am\u00e9rica Latina, siendo responsable de todo el negocio de autobuses de la marca en el continente, que es uno de los mercados de autobuses m\u00e1s grandes del mundo. Con una carrera de 25 a\u00f1os en Volvo Group, Marques fue director [&hellip;]\" \/>\n<meta property=\"og:url\" content=\"https:\/\/mobilitas.lat\/es\/2022\/12\/09\/andre-marques-es-el-nuevo-presidente-de-volvo-buses-en-america-latina-asumio-el-1-de-diciembre-con-la-mision-de-seguir-expandiendo-los-buses-de-la-marca-en-la-region-y-avanzar-con-el-proyecto-de-elec\/\" \/>\n<meta property=\"og:site_name\" content=\"Mobilitas\" \/>\n<meta property=\"article:published_time\" content=\"2022-12-10T02:36:49+00:00\" \/>\n<meta property=\"article:modified_time\" content=\"2022-12-10T02:36:51+00:00\" \/>\n<meta property=\"og:image\" content=\"https:\/\/storage.mobilitas.lat\/uploads\/2022\/12\/MOBILITAS-VOLVO-ANDRE-MARQUES.jpg\" \/>\n\t<meta property=\"og:image:width\" content=\"756\" \/>\n\t<meta property=\"og:image:height\" content=\"414\" \/>\n\t<meta property=\"og:image:type\" content=\"image\/jpeg\" \/>\n<meta name=\"author\" content=\"Alexandre Asquini\" \/>\n<meta name=\"twitter:card\" content=\"summary_large_image\" \/>\n<meta name=\"twitter:label1\" content=\"Written by\" \/>\n\t<meta name=\"twitter:data1\" content=\"Alexandre Asquini\" \/>\n\t<meta name=\"twitter:label2\" content=\"Est. reading time\" \/>\n\t<meta name=\"twitter:data2\" content=\"2 minutes\" \/>\n<script type=\"application\/ld+json\" class=\"yoast-schema-graph\">{\"@context\":\"https:\/\/schema.org\",\"@graph\":[{\"@type\":\"Article\",\"@id\":\"https:\/\/mobilitas.lat\/es\/2022\/12\/09\/andre-marques-es-el-nuevo-presidente-de-volvo-buses-en-america-latina-asumio-el-1-de-diciembre-con-la-mision-de-seguir-expandiendo-los-buses-de-la-marca-en-la-region-y-avanzar-con-el-proyecto-de-elec\/#article\",\"isPartOf\":{\"@id\":\"https:\/\/mobilitas.lat\/es\/2022\/12\/09\/andre-marques-es-el-nuevo-presidente-de-volvo-buses-en-america-latina-asumio-el-1-de-diciembre-con-la-mision-de-seguir-expandiendo-los-buses-de-la-marca-en-la-region-y-avanzar-con-el-proyecto-de-elec\/\"},\"author\":{\"name\":\"Alexandre Asquini\",\"@id\":\"https:\/\/mobilitas.lat\/es\/#\/schema\/person\/cae0d01ccbe855d1858d146e4c4d582d\"},\"headline\":\"Andr\u00e9 Marques es el nuevo presidente de Volvo Buses en Am\u00e9rica Latina. Asumi\u00f3 el 1 de diciembre con la misi\u00f3n de seguir expandiendo los buses de la marca en la regi\u00f3n y avanzar con el proyecto de electromovilidad en el continente\",\"datePublished\":\"2022-12-10T02:36:49+00:00\",\"dateModified\":\"2022-12-10T02:36:51+00:00\",\"mainEntityOfPage\":{\"@id\":\"https:\/\/mobilitas.lat\/es\/2022\/12\/09\/andre-marques-es-el-nuevo-presidente-de-volvo-buses-en-america-latina-asumio-el-1-de-diciembre-con-la-mision-de-seguir-expandiendo-los-buses-de-la-marca-en-la-region-y-avanzar-con-el-proyecto-de-elec\/\"},\"wordCount\":449,\"publisher\":{\"@id\":\"https:\/\/mobilitas.lat\/es\/#organization\"},\"image\":{\"@id\":\"https:\/\/mobilitas.lat\/es\/2022\/12\/09\/andre-marques-es-el-nuevo-presidente-de-volvo-buses-en-america-latina-asumio-el-1-de-diciembre-con-la-mision-de-seguir-expandiendo-los-buses-de-la-marca-en-la-region-y-avanzar-con-el-proyecto-de-elec\/#primaryimage\"},\"thumbnailUrl\":\"https:\/\/storage.mobilitas.lat\/uploads\/2022\/12\/MOBILITAS-VOLVO-ANDRE-MARQUES.jpg\",\"keywords\":[\"ANDR\u00c9 MARQUES\",\"En Foco\",\"VOLVO BUSES AM\u00c9RICA LATINA\"],\"articleSection\":[\"Notas\"],\"inLanguage\":\"es-ES\"},{\"@type\":\"WebPage\",\"@id\":\"https:\/\/mobilitas.lat\/es\/2022\/12\/09\/andre-marques-es-el-nuevo-presidente-de-volvo-buses-en-america-latina-asumio-el-1-de-diciembre-con-la-mision-de-seguir-expandiendo-los-buses-de-la-marca-en-la-region-y-avanzar-con-el-proyecto-de-elec\/\",\"url\":\"https:\/\/mobilitas.lat\/es\/2022\/12\/09\/andre-marques-es-el-nuevo-presidente-de-volvo-buses-en-america-latina-asumio-el-1-de-diciembre-con-la-mision-de-seguir-expandiendo-los-buses-de-la-marca-en-la-region-y-avanzar-con-el-proyecto-de-elec\/\",\"name\":\"Andr\u00e9 Marques es el nuevo presidente de Volvo Buses en Am\u00e9rica Latina. Asumi\u00f3 el 1 de diciembre con la misi\u00f3n de seguir expandiendo los buses de la marca en la regi\u00f3n y avanzar con el proyecto de electromovilidad en el continente | Mobilitas\",\"isPartOf\":{\"@id\":\"https:\/\/mobilitas.lat\/es\/#website\"},\"primaryImageOfPage\":{\"@id\":\"https:\/\/mobilitas.lat\/es\/2022\/12\/09\/andre-marques-es-el-nuevo-presidente-de-volvo-buses-en-america-latina-asumio-el-1-de-diciembre-con-la-mision-de-seguir-expandiendo-los-buses-de-la-marca-en-la-region-y-avanzar-con-el-proyecto-de-elec\/#primaryimage\"},\"image\":{\"@id\":\"https:\/\/mobilitas.lat\/es\/2022\/12\/09\/andre-marques-es-el-nuevo-presidente-de-volvo-buses-en-america-latina-asumio-el-1-de-diciembre-con-la-mision-de-seguir-expandiendo-los-buses-de-la-marca-en-la-region-y-avanzar-con-el-proyecto-de-elec\/#primaryimage\"},\"thumbnailUrl\":\"https:\/\/storage.mobilitas.lat\/uploads\/2022\/12\/MOBILITAS-VOLVO-ANDRE-MARQUES.jpg\",\"datePublished\":\"2022-12-10T02:36:49+00:00\",\"dateModified\":\"2022-12-10T02:36:51+00:00\",\"breadcrumb\":{\"@id\":\"https:\/\/mobilitas.lat\/es\/2022\/12\/09\/andre-marques-es-el-nuevo-presidente-de-volvo-buses-en-america-latina-asumio-el-1-de-diciembre-con-la-mision-de-seguir-expandiendo-los-buses-de-la-marca-en-la-region-y-avanzar-con-el-proyecto-de-elec\/#breadcrumb\"},\"inLanguage\":\"es-ES\",\"potentialAction\":[{\"@type\":\"ReadAction\",\"target\":[\"https:\/\/mobilitas.lat\/es\/2022\/12\/09\/andre-marques-es-el-nuevo-presidente-de-volvo-buses-en-america-latina-asumio-el-1-de-diciembre-con-la-mision-de-seguir-expandiendo-los-buses-de-la-marca-en-la-region-y-avanzar-con-el-proyecto-de-elec\/\"]}]},{\"@type\":\"ImageObject\",\"inLanguage\":\"es-ES\",\"@id\":\"https:\/\/mobilitas.lat\/es\/2022\/12\/09\/andre-marques-es-el-nuevo-presidente-de-volvo-buses-en-america-latina-asumio-el-1-de-diciembre-con-la-mision-de-seguir-expandiendo-los-buses-de-la-marca-en-la-region-y-avanzar-con-el-proyecto-de-elec\/#primaryimage\",\"url\":\"https:\/\/storage.mobilitas.lat\/uploads\/2022\/12\/MOBILITAS-VOLVO-ANDRE-MARQUES.jpg\",\"contentUrl\":\"https:\/\/storage.mobilitas.lat\/uploads\/2022\/12\/MOBILITAS-VOLVO-ANDRE-MARQUES.jpg\",\"width\":756,\"height\":414},{\"@type\":\"BreadcrumbList\",\"@id\":\"https:\/\/mobilitas.lat\/es\/2022\/12\/09\/andre-marques-es-el-nuevo-presidente-de-volvo-buses-en-america-latina-asumio-el-1-de-diciembre-con-la-mision-de-seguir-expandiendo-los-buses-de-la-marca-en-la-region-y-avanzar-con-el-proyecto-de-elec\/#breadcrumb\",\"itemListElement\":[{\"@type\":\"ListItem\",\"position\":1,\"name\":\"In\u00edcio\",\"item\":\"https:\/\/mobilitas.lat\/es\/\"},{\"@type\":\"ListItem\",\"position\":2,\"name\":\"Andr\u00e9 Marques es el nuevo presidente de Volvo Buses en Am\u00e9rica Latina. Asumi\u00f3 el 1 de diciembre con la misi\u00f3n de seguir expandiendo los buses de la marca en la regi\u00f3n y avanzar con el proyecto de electromovilidad en el continente\"}]},{\"@type\":\"WebSite\",\"@id\":\"https:\/\/mobilitas.lat\/es\/#website\",\"url\":\"https:\/\/mobilitas.lat\/es\/\",\"name\":\"Mobilitas\",\"description\":\"Tecnologia e Mobilidade Urbana na Am\u00e9rica Latina\",\"publisher\":{\"@id\":\"https:\/\/mobilitas.lat\/es\/#organization\"},\"potentialAction\":[{\"@type\":\"SearchAction\",\"target\":{\"@type\":\"EntryPoint\",\"urlTemplate\":\"https:\/\/mobilitas.lat\/es\/?s={search_term_string}\"},\"query-input\":{\"@type\":\"PropertyValueSpecification\",\"valueRequired\":true,\"valueName\":\"search_term_string\"}}],\"inLanguage\":\"es-ES\"},{\"@type\":\"Organization\",\"@id\":\"https:\/\/mobilitas.lat\/es\/#organization\",\"name\":\"OTM Editora\",\"url\":\"https:\/\/mobilitas.lat\/es\/\",\"logo\":{\"@type\":\"ImageObject\",\"inLanguage\":\"es-ES\",\"@id\":\"https:\/\/mobilitas.lat\/es\/#\/schema\/logo\/image\/\",\"url\":\"https:\/\/mobilitas.lat\/wp-content\/uploads\/2024\/03\/opengraph.png\",\"contentUrl\":\"https:\/\/mobilitas.lat\/wp-content\/uploads\/2024\/03\/opengraph.png\",\"width\":1200,\"height\":630,\"caption\":\"OTM Editora\"},\"image\":{\"@id\":\"https:\/\/mobilitas.lat\/es\/#\/schema\/logo\/image\/\"}},{\"@type\":\"Person\",\"@id\":\"https:\/\/mobilitas.lat\/es\/#\/schema\/person\/cae0d01ccbe855d1858d146e4c4d582d\",\"name\":\"Alexandre Asquini\",\"image\":{\"@type\":\"ImageObject\",\"inLanguage\":\"es-ES\",\"@id\":\"https:\/\/mobilitas.lat\/es\/#\/schema\/person\/image\/\",\"url\":\"https:\/\/secure.gravatar.com\/avatar\/aac99dbef1420f75cc7d86913eb8a7cdfbe13e2509ad7a45649a61414f6d2785?s=96&d=mm&r=g\",\"contentUrl\":\"https:\/\/secure.gravatar.com\/avatar\/aac99dbef1420f75cc7d86913eb8a7cdfbe13e2509ad7a45649a61414f6d2785?s=96&d=mm&r=g\",\"caption\":\"Alexandre Asquini\"}}]}<\/script>\n<!-- \/ Yoast SEO plugin. -->","yoast_head_json":{"title":"Andr\u00e9 Marques es el nuevo presidente de Volvo Buses en Am\u00e9rica Latina. Asumi\u00f3 el 1 de diciembre con la misi\u00f3n de seguir expandiendo los buses de la marca en la regi\u00f3n y avanzar con el proyecto de electromovilidad en el continente | Mobilitas","robots":{"index":"index","follow":"follow","max-snippet":"max-snippet:-1","max-image-preview":"max-image-preview:large","max-video-preview":"max-video-preview:-1"},"canonical":"https:\/\/mobilitas.lat\/es\/2022\/12\/09\/andre-marques-es-el-nuevo-presidente-de-volvo-buses-en-america-latina-asumio-el-1-de-diciembre-con-la-mision-de-seguir-expandiendo-los-buses-de-la-marca-en-la-region-y-avanzar-con-el-proyecto-de-elec\/","og_locale":"es_ES","og_type":"article","og_title":"Andr\u00e9 Marques es el nuevo presidente de Volvo Buses en Am\u00e9rica Latina. Asumi\u00f3 el 1 de diciembre con la misi\u00f3n de seguir expandiendo los buses de la marca en la regi\u00f3n y avanzar con el proyecto de electromovilidad en el continente | Mobilitas","og_description":"El 1 de diciembre de 2022, Andr\u00e9 Marques asumi\u00f3 la presidencia de Volvo Buses en Am\u00e9rica Latina, siendo responsable de todo el negocio de autobuses de la marca en el continente, que es uno de los mercados de autobuses m\u00e1s grandes del mundo. Con una carrera de 25 a\u00f1os en Volvo Group, Marques fue director [&hellip;]","og_url":"https:\/\/mobilitas.lat\/es\/2022\/12\/09\/andre-marques-es-el-nuevo-presidente-de-volvo-buses-en-america-latina-asumio-el-1-de-diciembre-con-la-mision-de-seguir-expandiendo-los-buses-de-la-marca-en-la-region-y-avanzar-con-el-proyecto-de-elec\/","og_site_name":"Mobilitas","article_published_time":"2022-12-10T02:36:49+00:00","article_modified_time":"2022-12-10T02:36:51+00:00","og_image":[{"width":756,"height":414,"url":"https:\/\/storage.mobilitas.lat\/uploads\/2022\/12\/MOBILITAS-VOLVO-ANDRE-MARQUES.jpg","type":"image\/jpeg"}],"author":"Alexandre Asquini","twitter_card":"summary_large_image","twitter_misc":{"Written by":"Alexandre Asquini","Est. reading time":"2 minutes"},"schema":{"@context":"https:\/\/schema.org","@graph":[{"@type":"Article","@id":"https:\/\/mobilitas.lat\/es\/2022\/12\/09\/andre-marques-es-el-nuevo-presidente-de-volvo-buses-en-america-latina-asumio-el-1-de-diciembre-con-la-mision-de-seguir-expandiendo-los-buses-de-la-marca-en-la-region-y-avanzar-con-el-proyecto-de-elec\/#article","isPartOf":{"@id":"https:\/\/mobilitas.lat\/es\/2022\/12\/09\/andre-marques-es-el-nuevo-presidente-de-volvo-buses-en-america-latina-asumio-el-1-de-diciembre-con-la-mision-de-seguir-expandiendo-los-buses-de-la-marca-en-la-region-y-avanzar-con-el-proyecto-de-elec\/"},"author":{"name":"Alexandre Asquini","@id":"https:\/\/mobilitas.lat\/es\/#\/schema\/person\/cae0d01ccbe855d1858d146e4c4d582d"},"headline":"Andr\u00e9 Marques es el nuevo presidente de Volvo Buses en Am\u00e9rica Latina. Asumi\u00f3 el 1 de diciembre con la misi\u00f3n de seguir expandiendo los buses de la marca en la regi\u00f3n y avanzar con el proyecto de electromovilidad en el continente","datePublished":"2022-12-10T02:36:49+00:00","dateModified":"2022-12-10T02:36:51+00:00","mainEntityOfPage":{"@id":"https:\/\/mobilitas.lat\/es\/2022\/12\/09\/andre-marques-es-el-nuevo-presidente-de-volvo-buses-en-america-latina-asumio-el-1-de-diciembre-con-la-mision-de-seguir-expandiendo-los-buses-de-la-marca-en-la-region-y-avanzar-con-el-proyecto-de-elec\/"},"wordCount":449,"publisher":{"@id":"https:\/\/mobilitas.lat\/es\/#organization"},"image":{"@id":"https:\/\/mobilitas.lat\/es\/2022\/12\/09\/andre-marques-es-el-nuevo-presidente-de-volvo-buses-en-america-latina-asumio-el-1-de-diciembre-con-la-mision-de-seguir-expandiendo-los-buses-de-la-marca-en-la-region-y-avanzar-con-el-proyecto-de-elec\/#primaryimage"},"thumbnailUrl":"https:\/\/storage.mobilitas.lat\/uploads\/2022\/12\/MOBILITAS-VOLVO-ANDRE-MARQUES.jpg","keywords":["ANDR\u00c9 MARQUES","En Foco","VOLVO BUSES AM\u00c9RICA LATINA"],"articleSection":["Notas"],"inLanguage":"es-ES"},{"@type":"WebPage","@id":"https:\/\/mobilitas.lat\/es\/2022\/12\/09\/andre-marques-es-el-nuevo-presidente-de-volvo-buses-en-america-latina-asumio-el-1-de-diciembre-con-la-mision-de-seguir-expandiendo-los-buses-de-la-marca-en-la-region-y-avanzar-con-el-proyecto-de-elec\/","url":"https:\/\/mobilitas.lat\/es\/2022\/12\/09\/andre-marques-es-el-nuevo-presidente-de-volvo-buses-en-america-latina-asumio-el-1-de-diciembre-con-la-mision-de-seguir-expandiendo-los-buses-de-la-marca-en-la-region-y-avanzar-con-el-proyecto-de-elec\/","name":"Andr\u00e9 Marques es el nuevo presidente de Volvo Buses en Am\u00e9rica Latina. Asumi\u00f3 el 1 de diciembre con la misi\u00f3n de seguir expandiendo los buses de la marca en la regi\u00f3n y avanzar con el proyecto de electromovilidad en el continente | Mobilitas","isPartOf":{"@id":"https:\/\/mobilitas.lat\/es\/#website"},"primaryImageOfPage":{"@id":"https:\/\/mobilitas.lat\/es\/2022\/12\/09\/andre-marques-es-el-nuevo-presidente-de-volvo-buses-en-america-latina-asumio-el-1-de-diciembre-con-la-mision-de-seguir-expandiendo-los-buses-de-la-marca-en-la-region-y-avanzar-con-el-proyecto-de-elec\/#primaryimage"},"image":{"@id":"https:\/\/mobilitas.lat\/es\/2022\/12\/09\/andre-marques-es-el-nuevo-presidente-de-volvo-buses-en-america-latina-asumio-el-1-de-diciembre-con-la-mision-de-seguir-expandiendo-los-buses-de-la-marca-en-la-region-y-avanzar-con-el-proyecto-de-elec\/#primaryimage"},"thumbnailUrl":"https:\/\/storage.mobilitas.lat\/uploads\/2022\/12\/MOBILITAS-VOLVO-ANDRE-MARQUES.jpg","datePublished":"2022-12-10T02:36:49+00:00","dateModified":"2022-12-10T02:36:51+00:00","breadcrumb":{"@id":"https:\/\/mobilitas.lat\/es\/2022\/12\/09\/andre-marques-es-el-nuevo-presidente-de-volvo-buses-en-america-latina-asumio-el-1-de-diciembre-con-la-mision-de-seguir-expandiendo-los-buses-de-la-marca-en-la-region-y-avanzar-con-el-proyecto-de-elec\/#breadcrumb"},"inLanguage":"es-ES","potentialAction":[{"@type":"ReadAction","target":["https:\/\/mobilitas.lat\/es\/2022\/12\/09\/andre-marques-es-el-nuevo-presidente-de-volvo-buses-en-america-latina-asumio-el-1-de-diciembre-con-la-mision-de-seguir-expandiendo-los-buses-de-la-marca-en-la-region-y-avanzar-con-el-proyecto-de-elec\/"]}]},{"@type":"ImageObject","inLanguage":"es-ES","@id":"https:\/\/mobilitas.lat\/es\/2022\/12\/09\/andre-marques-es-el-nuevo-presidente-de-volvo-buses-en-america-latina-asumio-el-1-de-diciembre-con-la-mision-de-seguir-expandiendo-los-buses-de-la-marca-en-la-region-y-avanzar-con-el-proyecto-de-elec\/#primaryimage","url":"https:\/\/storage.mobilitas.lat\/uploads\/2022\/12\/MOBILITAS-VOLVO-ANDRE-MARQUES.jpg","contentUrl":"https:\/\/storage.mobilitas.lat\/uploads\/2022\/12\/MOBILITAS-VOLVO-ANDRE-MARQUES.jpg","width":756,"height":414},{"@type":"BreadcrumbList","@id":"https:\/\/mobilitas.lat\/es\/2022\/12\/09\/andre-marques-es-el-nuevo-presidente-de-volvo-buses-en-america-latina-asumio-el-1-de-diciembre-con-la-mision-de-seguir-expandiendo-los-buses-de-la-marca-en-la-region-y-avanzar-con-el-proyecto-de-elec\/#breadcrumb","itemListElement":[{"@type":"ListItem","position":1,"name":"In\u00edcio","item":"https:\/\/mobilitas.lat\/es\/"},{"@type":"ListItem","position":2,"name":"Andr\u00e9 Marques es el nuevo presidente de Volvo Buses en Am\u00e9rica Latina. Asumi\u00f3 el 1 de diciembre con la misi\u00f3n de seguir expandiendo los buses de la marca en la regi\u00f3n y avanzar con el proyecto de electromovilidad en el continente"}]},{"@type":"WebSite","@id":"https:\/\/mobilitas.lat\/es\/#website","url":"https:\/\/mobilitas.lat\/es\/","name":"Mobilitas","description":"Tecnologia e Mobilidade Urbana na Am\u00e9rica Latina","publisher":{"@id":"https:\/\/mobilitas.lat\/es\/#organization"},"potentialAction":[{"@type":"SearchAction","target":{"@type":"EntryPoint","urlTemplate":"https:\/\/mobilitas.lat\/es\/?s={search_term_string}"},"query-input":{"@type":"PropertyValueSpecification","valueRequired":true,"valueName":"search_term_string"}}],"inLanguage":"es-ES"},{"@type":"Organization","@id":"https:\/\/mobilitas.lat\/es\/#organization","name":"OTM Editora","url":"https:\/\/mobilitas.lat\/es\/","logo":{"@type":"ImageObject","inLanguage":"es-ES","@id":"https:\/\/mobilitas.lat\/es\/#\/schema\/logo\/image\/","url":"https:\/\/mobilitas.lat\/wp-content\/uploads\/2024\/03\/opengraph.png","contentUrl":"https:\/\/mobilitas.lat\/wp-content\/uploads\/2024\/03\/opengraph.png","width":1200,"height":630,"caption":"OTM Editora"},"image":{"@id":"https:\/\/mobilitas.lat\/es\/#\/schema\/logo\/image\/"}},{"@type":"Person","@id":"https:\/\/mobilitas.lat\/es\/#\/schema\/person\/cae0d01ccbe855d1858d146e4c4d582d","name":"Alexandre Asquini","image":{"@type":"ImageObject","inLanguage":"es-ES","@id":"https:\/\/mobilitas.lat\/es\/#\/schema\/person\/image\/","url":"https:\/\/secure.gravatar.com\/avatar\/aac99dbef1420f75cc7d86913eb8a7cdfbe13e2509ad7a45649a61414f6d2785?s=96&d=mm&r=g","contentUrl":"https:\/\/secure.gravatar.com\/avatar\/aac99dbef1420f75cc7d86913eb8a7cdfbe13e2509ad7a45649a61414f6d2785?s=96&d=mm&r=g","caption":"Alexandre Asquini"}}]}},"_links":{"self":[{"href":"https:\/\/mobilitas.lat\/es\/wp-json\/wp\/v2\/posts\/16022","targetHints":{"allow":["GET"]}}],"collection":[{"href":"https:\/\/mobilitas.lat\/es\/wp-json\/wp\/v2\/posts"}],"about":[{"href":"https:\/\/mobilitas.lat\/es\/wp-json\/wp\/v2\/types\/post"}],"author":[{"embeddable":true,"href":"https:\/\/mobilitas.lat\/es\/wp-json\/wp\/v2\/users\/2"}],"replies":[{"embeddable":true,"href":"https:\/\/mobilitas.lat\/es\/wp-json\/wp\/v2\/comments?post=16022"}],"version-history":[{"count":2,"href":"https:\/\/mobilitas.lat\/es\/wp-json\/wp\/v2\/posts\/16022\/revisions"}],"predecessor-version":[{"id":16024,"href":"https:\/\/mobilitas.lat\/es\/wp-json\/wp\/v2\/posts\/16022\/revisions\/16024"}],"wp:featuredmedia":[{"embeddable":true,"href":"https:\/\/mobilitas.lat\/es\/wp-json\/wp\/v2\/media\/16019"}],"wp:attachment":[{"href":"https:\/\/mobilitas.lat\/es\/wp-json\/wp\/v2\/media?parent=16022"}],"wp:term":[{"taxonomy":"category","embeddable":true,"href":"https:\/\/mobilitas.lat\/es\/wp-json\/wp\/v2\/categories?post=16022"},{"taxonomy":"post_tag","embeddable":true,"href":"https:\/\/mobilitas.lat\/es\/wp-json\/wp\/v2\/tags?post=16022"}],"curies":[{"name":"wp","href":"https:\/\/api.w.org\/{rel}","templated":true}]}}