{"id":15761,"date":"2022-11-14T00:16:43","date_gmt":"2022-11-14T03:16:43","guid":{"rendered":"https:\/\/mobilitas.lat\/?p=15761"},"modified":"2022-11-14T00:23:17","modified_gmt":"2022-11-14T03:23:17","slug":"la-municipalidad-de-rosario-y-el-ente-de-la-movilidad-de-la-ciudad-colocan-en-practica-del-11-al-20-de-noviembre-un-operativo-de-ordenamiento-de-la-movilidad-urbana-para-facilitar-los-desplazamientos","status":"publish","type":"post","link":"https:\/\/mobilitas.lat\/es\/2022\/11\/14\/la-municipalidad-de-rosario-y-el-ente-de-la-movilidad-de-la-ciudad-colocan-en-practica-del-11-al-20-de-noviembre-un-operativo-de-ordenamiento-de-la-movilidad-urbana-para-facilitar-los-desplazamientos\/","title":{"rendered":"La Municipalidad de Rosario y el Ente de la Movilidad de la ciudad colocan en pr\u00e1ctica hasta el 20 de noviembre un operativo especial de  movilidad urbana por motivo del Encuentro y Fiesta Nacional de Colectividades"},"content":{"rendered":"\n<figure class=\"wp-block-image size-large\"><img loading=\"lazy\" decoding=\"async\" width=\"950\" height=\"634\" src=\"https:\/\/storage.mobilitas.lat\/uploads\/2022\/11\/MOBILITAS-ROSARIO-RAPAZ-JOVEM-ENTRA-PELA-PORTA-CENTRAL-DO-ONIBUS-ILUSTRATIVA.jpg\" alt=\"\" class=\"wp-image-15758\" srcset=\"https:\/\/storage.mobilitas.lat\/uploads\/2022\/11\/MOBILITAS-ROSARIO-RAPAZ-JOVEM-ENTRA-PELA-PORTA-CENTRAL-DO-ONIBUS-ILUSTRATIVA.jpg 950w, https:\/\/storage.mobilitas.lat\/uploads\/2022\/11\/MOBILITAS-ROSARIO-RAPAZ-JOVEM-ENTRA-PELA-PORTA-CENTRAL-DO-ONIBUS-ILUSTRATIVA-300x200.jpg 300w, https:\/\/storage.mobilitas.lat\/uploads\/2022\/11\/MOBILITAS-ROSARIO-RAPAZ-JOVEM-ENTRA-PELA-PORTA-CENTRAL-DO-ONIBUS-ILUSTRATIVA-768x513.jpg 768w\" sizes=\"auto, (max-width: 950px) 100vw, 950px\" \/><\/figure>\n\n\n\n<p>Desde este viernes, 11 de noviembre, hasta el domingo, 20 de noviembre, en el marco de la celebraci\u00f3n del <em>Encuentro y Fiesta Nacional de Colectividades<\/em>, la Municipalidad de Rosario y el Ente de la Movilidad trazaron un nuevo ordenamiento para el transporte p\u00fablico para facilitar la concurrencia a la fiesta popular m\u00e1s importante de la ciudad, con el objetivo de que las personas pueden acceder al servicio de colectivos y taxis a pocos metros del ingreso del predio, durante los d\u00edas que se desarrolle el evento.<\/p>\n\n\n\n<p>El <em>Encuentro y Fiesta Nacional de Colectividades,<\/em> es una manifestaci\u00f3n multicultural celebrada todos los a\u00f1os desde 1985. El&nbsp;evento ocurrir\u00e1 en el predio de Parque a la Bandera.<\/p>\n\n\n\n<p>El inicio del operativo especial de movilidad ser\u00e1 a las 20:30 hs y la finalizaci\u00f3n ser\u00e1, de domingo a jueves a la 1:30 hs; viernes y s\u00e1bados a las 02 hs; y el domingo 20 (d\u00eda de cierre) a las 02 hs.<\/p>\n\n\n\n<p>Adem\u00e1s, se suma al sistema de bicicletas p\u00fablicas la nueva estaci\u00f3n nombrada Monumento Nacional a la Bandera, y se establece la gratuidad del sistema de &#8216;Mi bici tu bici&#8217; durante los fines de semana. Tambi\u00e9n funcionar\u00e1 un puesto de venta y carga de Tarjeta Movi.<\/p>\n\n\n\n<p><strong>FACILIDADES<\/strong><\/p>\n\n\n\n<p>Seg\u00fan el gobierno de Rosario, el objetivo de esta propuesta es que las y los vecinos cuenten con la facilidad de ascender y descender de los colectivos a pocos metros del ingreso principal, en un entorno m\u00e1s seguro y contenido, dada la proximidad al operativo que conlleva el <em>38\u00b0 Encuentro y Fiesta de Colectividades.<\/em><\/p>\n\n\n\n<p>Tambi\u00e9n busca favorecer el acceso a aquellas personas con movilidad reducida, adultos mayores, evitando caminar y desplazarse desde las paradas de a\u00f1os anteriores hasta el predio ubicado en el Parque Nacional a la Bandera.<\/p>\n\n\n\n<p>El gobierno rosarino informa que este ordenamiento de la movilidad es una experiencia que se realizar\u00e1 por primera vez en el marco de la celebraci\u00f3n popular, ya que a\u00f1os anteriores las y los visitantes deb\u00edan desplazarse m\u00e1s de 500 metros hasta las paradas m\u00e1s cercanas en la zona de C\u00f3rdoba y Maip\u00fa.<\/p>\n\n\n\n<p>Se propicia concentrar la movilidad en un mismo lugar, priorizando puntos estrat\u00e9gicos, contando con la oferta disponible de servicios en un entorno cercano, evitando caminar o desplazarse para acceder a las paradas.<\/p>\n","protected":false},"excerpt":{"rendered":"<p>Desde este viernes, 11 de noviembre, hasta el domingo, 20 de noviembre, en el marco de la celebraci\u00f3n del Encuentro y Fiesta Nacional de Colectividades, la Municipalidad de Rosario y el Ente de la Movilidad trazaron un nuevo ordenamiento para el transporte p\u00fablico para facilitar la concurrencia a la fiesta popular m\u00e1s importante de la [&hellip;]<\/p>\n","protected":false},"author":2,"featured_media":15758,"comment_status":"closed","ping_status":"closed","sticky":false,"template":"","format":"standard","meta":{"footnotes":""},"categories":[287,298],"tags":[1627],"class_list":["post-15761","post","type-post","status-publish","format-standard","has-post-thumbnail","hentry","category-notas","category-radar-es","tag-municipalidad-de-rosario"],"yoast_head":"<!-- This site is optimized with the Yoast SEO plugin v26.9 - https:\/\/yoast.com\/product\/yoast-seo-wordpress\/ -->\n<title>La Municipalidad de Rosario y el Ente de la Movilidad de la ciudad colocan en pr\u00e1ctica hasta el 20 de noviembre un operativo especial de movilidad urbana por motivo del Encuentro y Fiesta Nacional de Colectividades | Mobilitas<\/title>\n<meta name=\"robots\" content=\"index, follow, max-snippet:-1, max-image-preview:large, max-video-preview:-1\" \/>\n<link rel=\"canonical\" href=\"https:\/\/mobilitas.lat\/es\/2022\/11\/14\/la-municipalidad-de-rosario-y-el-ente-de-la-movilidad-de-la-ciudad-colocan-en-practica-del-11-al-20-de-noviembre-un-operativo-de-ordenamiento-de-la-movilidad-urbana-para-facilitar-los-desplazamientos\/\" \/>\n<meta property=\"og:locale\" content=\"es_ES\" \/>\n<meta property=\"og:type\" content=\"article\" \/>\n<meta property=\"og:title\" content=\"La Municipalidad de Rosario y el Ente de la Movilidad de la ciudad colocan en pr\u00e1ctica hasta el 20 de noviembre un operativo especial de movilidad urbana por motivo del Encuentro y Fiesta Nacional de Colectividades | Mobilitas\" \/>\n<meta property=\"og:description\" content=\"Desde este viernes, 11 de noviembre, hasta el domingo, 20 de noviembre, en el marco de la celebraci\u00f3n del Encuentro y Fiesta Nacional de Colectividades, la Municipalidad de Rosario y el Ente de la Movilidad trazaron un nuevo ordenamiento para el transporte p\u00fablico para facilitar la concurrencia a la fiesta popular m\u00e1s importante de la [&hellip;]\" \/>\n<meta property=\"og:url\" content=\"https:\/\/mobilitas.lat\/es\/2022\/11\/14\/la-municipalidad-de-rosario-y-el-ente-de-la-movilidad-de-la-ciudad-colocan-en-practica-del-11-al-20-de-noviembre-un-operativo-de-ordenamiento-de-la-movilidad-urbana-para-facilitar-los-desplazamientos\/\" \/>\n<meta property=\"og:site_name\" content=\"Mobilitas\" \/>\n<meta property=\"article:published_time\" content=\"2022-11-14T03:16:43+00:00\" \/>\n<meta property=\"article:modified_time\" content=\"2022-11-14T03:23:17+00:00\" \/>\n<meta property=\"og:image\" content=\"https:\/\/storage.mobilitas.lat\/uploads\/2022\/11\/MOBILITAS-ROSARIO-RAPAZ-JOVEM-ENTRA-PELA-PORTA-CENTRAL-DO-ONIBUS-ILUSTRATIVA.jpg\" \/>\n\t<meta property=\"og:image:width\" content=\"950\" \/>\n\t<meta property=\"og:image:height\" content=\"634\" \/>\n\t<meta property=\"og:image:type\" content=\"image\/jpeg\" \/>\n<meta name=\"author\" content=\"Alexandre Asquini\" \/>\n<meta name=\"twitter:card\" content=\"summary_large_image\" \/>\n<meta name=\"twitter:label1\" content=\"Written by\" \/>\n\t<meta name=\"twitter:data1\" content=\"Alexandre Asquini\" \/>\n\t<meta name=\"twitter:label2\" content=\"Est. reading time\" \/>\n\t<meta name=\"twitter:data2\" content=\"2 minutes\" \/>\n<script type=\"application\/ld+json\" class=\"yoast-schema-graph\">{\"@context\":\"https:\/\/schema.org\",\"@graph\":[{\"@type\":\"Article\",\"@id\":\"https:\/\/mobilitas.lat\/es\/2022\/11\/14\/la-municipalidad-de-rosario-y-el-ente-de-la-movilidad-de-la-ciudad-colocan-en-practica-del-11-al-20-de-noviembre-un-operativo-de-ordenamiento-de-la-movilidad-urbana-para-facilitar-los-desplazamientos\/#article\",\"isPartOf\":{\"@id\":\"https:\/\/mobilitas.lat\/es\/2022\/11\/14\/la-municipalidad-de-rosario-y-el-ente-de-la-movilidad-de-la-ciudad-colocan-en-practica-del-11-al-20-de-noviembre-un-operativo-de-ordenamiento-de-la-movilidad-urbana-para-facilitar-los-desplazamientos\/\"},\"author\":{\"name\":\"Alexandre Asquini\",\"@id\":\"https:\/\/mobilitas.lat\/es\/#\/schema\/person\/cae0d01ccbe855d1858d146e4c4d582d\"},\"headline\":\"La Municipalidad de Rosario y el Ente de la Movilidad de la ciudad colocan en pr\u00e1ctica hasta el 20 de noviembre un operativo especial de movilidad urbana por motivo del Encuentro y Fiesta Nacional de Colectividades\",\"datePublished\":\"2022-11-14T03:16:43+00:00\",\"dateModified\":\"2022-11-14T03:23:17+00:00\",\"mainEntityOfPage\":{\"@id\":\"https:\/\/mobilitas.lat\/es\/2022\/11\/14\/la-municipalidad-de-rosario-y-el-ente-de-la-movilidad-de-la-ciudad-colocan-en-practica-del-11-al-20-de-noviembre-un-operativo-de-ordenamiento-de-la-movilidad-urbana-para-facilitar-los-desplazamientos\/\"},\"wordCount\":425,\"publisher\":{\"@id\":\"https:\/\/mobilitas.lat\/es\/#organization\"},\"image\":{\"@id\":\"https:\/\/mobilitas.lat\/es\/2022\/11\/14\/la-municipalidad-de-rosario-y-el-ente-de-la-movilidad-de-la-ciudad-colocan-en-practica-del-11-al-20-de-noviembre-un-operativo-de-ordenamiento-de-la-movilidad-urbana-para-facilitar-los-desplazamientos\/#primaryimage\"},\"thumbnailUrl\":\"https:\/\/storage.mobilitas.lat\/uploads\/2022\/11\/MOBILITAS-ROSARIO-RAPAZ-JOVEM-ENTRA-PELA-PORTA-CENTRAL-DO-ONIBUS-ILUSTRATIVA.jpg\",\"keywords\":[\"MUNICIPALIDAD DE ROSARIO\"],\"articleSection\":[\"Notas\",\"Radar\"],\"inLanguage\":\"es-ES\"},{\"@type\":\"WebPage\",\"@id\":\"https:\/\/mobilitas.lat\/es\/2022\/11\/14\/la-municipalidad-de-rosario-y-el-ente-de-la-movilidad-de-la-ciudad-colocan-en-practica-del-11-al-20-de-noviembre-un-operativo-de-ordenamiento-de-la-movilidad-urbana-para-facilitar-los-desplazamientos\/\",\"url\":\"https:\/\/mobilitas.lat\/es\/2022\/11\/14\/la-municipalidad-de-rosario-y-el-ente-de-la-movilidad-de-la-ciudad-colocan-en-practica-del-11-al-20-de-noviembre-un-operativo-de-ordenamiento-de-la-movilidad-urbana-para-facilitar-los-desplazamientos\/\",\"name\":\"La Municipalidad de Rosario y el Ente de la Movilidad de la ciudad colocan en pr\u00e1ctica hasta el 20 de noviembre un operativo especial de movilidad urbana por motivo del Encuentro y Fiesta Nacional de Colectividades | Mobilitas\",\"isPartOf\":{\"@id\":\"https:\/\/mobilitas.lat\/es\/#website\"},\"primaryImageOfPage\":{\"@id\":\"https:\/\/mobilitas.lat\/es\/2022\/11\/14\/la-municipalidad-de-rosario-y-el-ente-de-la-movilidad-de-la-ciudad-colocan-en-practica-del-11-al-20-de-noviembre-un-operativo-de-ordenamiento-de-la-movilidad-urbana-para-facilitar-los-desplazamientos\/#primaryimage\"},\"image\":{\"@id\":\"https:\/\/mobilitas.lat\/es\/2022\/11\/14\/la-municipalidad-de-rosario-y-el-ente-de-la-movilidad-de-la-ciudad-colocan-en-practica-del-11-al-20-de-noviembre-un-operativo-de-ordenamiento-de-la-movilidad-urbana-para-facilitar-los-desplazamientos\/#primaryimage\"},\"thumbnailUrl\":\"https:\/\/storage.mobilitas.lat\/uploads\/2022\/11\/MOBILITAS-ROSARIO-RAPAZ-JOVEM-ENTRA-PELA-PORTA-CENTRAL-DO-ONIBUS-ILUSTRATIVA.jpg\",\"datePublished\":\"2022-11-14T03:16:43+00:00\",\"dateModified\":\"2022-11-14T03:23:17+00:00\",\"breadcrumb\":{\"@id\":\"https:\/\/mobilitas.lat\/es\/2022\/11\/14\/la-municipalidad-de-rosario-y-el-ente-de-la-movilidad-de-la-ciudad-colocan-en-practica-del-11-al-20-de-noviembre-un-operativo-de-ordenamiento-de-la-movilidad-urbana-para-facilitar-los-desplazamientos\/#breadcrumb\"},\"inLanguage\":\"es-ES\",\"potentialAction\":[{\"@type\":\"ReadAction\",\"target\":[\"https:\/\/mobilitas.lat\/es\/2022\/11\/14\/la-municipalidad-de-rosario-y-el-ente-de-la-movilidad-de-la-ciudad-colocan-en-practica-del-11-al-20-de-noviembre-un-operativo-de-ordenamiento-de-la-movilidad-urbana-para-facilitar-los-desplazamientos\/\"]}]},{\"@type\":\"ImageObject\",\"inLanguage\":\"es-ES\",\"@id\":\"https:\/\/mobilitas.lat\/es\/2022\/11\/14\/la-municipalidad-de-rosario-y-el-ente-de-la-movilidad-de-la-ciudad-colocan-en-practica-del-11-al-20-de-noviembre-un-operativo-de-ordenamiento-de-la-movilidad-urbana-para-facilitar-los-desplazamientos\/#primaryimage\",\"url\":\"https:\/\/storage.mobilitas.lat\/uploads\/2022\/11\/MOBILITAS-ROSARIO-RAPAZ-JOVEM-ENTRA-PELA-PORTA-CENTRAL-DO-ONIBUS-ILUSTRATIVA.jpg\",\"contentUrl\":\"https:\/\/storage.mobilitas.lat\/uploads\/2022\/11\/MOBILITAS-ROSARIO-RAPAZ-JOVEM-ENTRA-PELA-PORTA-CENTRAL-DO-ONIBUS-ILUSTRATIVA.jpg\",\"width\":950,\"height\":634},{\"@type\":\"BreadcrumbList\",\"@id\":\"https:\/\/mobilitas.lat\/es\/2022\/11\/14\/la-municipalidad-de-rosario-y-el-ente-de-la-movilidad-de-la-ciudad-colocan-en-practica-del-11-al-20-de-noviembre-un-operativo-de-ordenamiento-de-la-movilidad-urbana-para-facilitar-los-desplazamientos\/#breadcrumb\",\"itemListElement\":[{\"@type\":\"ListItem\",\"position\":1,\"name\":\"In\u00edcio\",\"item\":\"https:\/\/mobilitas.lat\/es\/\"},{\"@type\":\"ListItem\",\"position\":2,\"name\":\"La Municipalidad de Rosario y el Ente de la Movilidad de la ciudad colocan en pr\u00e1ctica hasta el 20 de noviembre un operativo especial de movilidad urbana por motivo del Encuentro y Fiesta Nacional de Colectividades\"}]},{\"@type\":\"WebSite\",\"@id\":\"https:\/\/mobilitas.lat\/es\/#website\",\"url\":\"https:\/\/mobilitas.lat\/es\/\",\"name\":\"Mobilitas\",\"description\":\"Tecnologia e Mobilidade Urbana na Am\u00e9rica Latina\",\"publisher\":{\"@id\":\"https:\/\/mobilitas.lat\/es\/#organization\"},\"potentialAction\":[{\"@type\":\"SearchAction\",\"target\":{\"@type\":\"EntryPoint\",\"urlTemplate\":\"https:\/\/mobilitas.lat\/es\/?s={search_term_string}\"},\"query-input\":{\"@type\":\"PropertyValueSpecification\",\"valueRequired\":true,\"valueName\":\"search_term_string\"}}],\"inLanguage\":\"es-ES\"},{\"@type\":\"Organization\",\"@id\":\"https:\/\/mobilitas.lat\/es\/#organization\",\"name\":\"OTM Editora\",\"url\":\"https:\/\/mobilitas.lat\/es\/\",\"logo\":{\"@type\":\"ImageObject\",\"inLanguage\":\"es-ES\",\"@id\":\"https:\/\/mobilitas.lat\/es\/#\/schema\/logo\/image\/\",\"url\":\"https:\/\/mobilitas.lat\/wp-content\/uploads\/2024\/03\/opengraph.png\",\"contentUrl\":\"https:\/\/mobilitas.lat\/wp-content\/uploads\/2024\/03\/opengraph.png\",\"width\":1200,\"height\":630,\"caption\":\"OTM Editora\"},\"image\":{\"@id\":\"https:\/\/mobilitas.lat\/es\/#\/schema\/logo\/image\/\"}},{\"@type\":\"Person\",\"@id\":\"https:\/\/mobilitas.lat\/es\/#\/schema\/person\/cae0d01ccbe855d1858d146e4c4d582d\",\"name\":\"Alexandre Asquini\",\"image\":{\"@type\":\"ImageObject\",\"inLanguage\":\"es-ES\",\"@id\":\"https:\/\/mobilitas.lat\/es\/#\/schema\/person\/image\/\",\"url\":\"https:\/\/secure.gravatar.com\/avatar\/aac99dbef1420f75cc7d86913eb8a7cdfbe13e2509ad7a45649a61414f6d2785?s=96&d=mm&r=g\",\"contentUrl\":\"https:\/\/secure.gravatar.com\/avatar\/aac99dbef1420f75cc7d86913eb8a7cdfbe13e2509ad7a45649a61414f6d2785?s=96&d=mm&r=g\",\"caption\":\"Alexandre Asquini\"}}]}<\/script>\n<!-- \/ Yoast SEO plugin. -->","yoast_head_json":{"title":"La Municipalidad de Rosario y el Ente de la Movilidad de la ciudad colocan en pr\u00e1ctica hasta el 20 de noviembre un operativo especial de movilidad urbana por motivo del Encuentro y Fiesta Nacional de Colectividades | Mobilitas","robots":{"index":"index","follow":"follow","max-snippet":"max-snippet:-1","max-image-preview":"max-image-preview:large","max-video-preview":"max-video-preview:-1"},"canonical":"https:\/\/mobilitas.lat\/es\/2022\/11\/14\/la-municipalidad-de-rosario-y-el-ente-de-la-movilidad-de-la-ciudad-colocan-en-practica-del-11-al-20-de-noviembre-un-operativo-de-ordenamiento-de-la-movilidad-urbana-para-facilitar-los-desplazamientos\/","og_locale":"es_ES","og_type":"article","og_title":"La Municipalidad de Rosario y el Ente de la Movilidad de la ciudad colocan en pr\u00e1ctica hasta el 20 de noviembre un operativo especial de movilidad urbana por motivo del Encuentro y Fiesta Nacional de Colectividades | Mobilitas","og_description":"Desde este viernes, 11 de noviembre, hasta el domingo, 20 de noviembre, en el marco de la celebraci\u00f3n del Encuentro y Fiesta Nacional de Colectividades, la Municipalidad de Rosario y el Ente de la Movilidad trazaron un nuevo ordenamiento para el transporte p\u00fablico para facilitar la concurrencia a la fiesta popular m\u00e1s importante de la [&hellip;]","og_url":"https:\/\/mobilitas.lat\/es\/2022\/11\/14\/la-municipalidad-de-rosario-y-el-ente-de-la-movilidad-de-la-ciudad-colocan-en-practica-del-11-al-20-de-noviembre-un-operativo-de-ordenamiento-de-la-movilidad-urbana-para-facilitar-los-desplazamientos\/","og_site_name":"Mobilitas","article_published_time":"2022-11-14T03:16:43+00:00","article_modified_time":"2022-11-14T03:23:17+00:00","og_image":[{"width":950,"height":634,"url":"https:\/\/storage.mobilitas.lat\/uploads\/2022\/11\/MOBILITAS-ROSARIO-RAPAZ-JOVEM-ENTRA-PELA-PORTA-CENTRAL-DO-ONIBUS-ILUSTRATIVA.jpg","type":"image\/jpeg"}],"author":"Alexandre Asquini","twitter_card":"summary_large_image","twitter_misc":{"Written by":"Alexandre Asquini","Est. reading time":"2 minutes"},"schema":{"@context":"https:\/\/schema.org","@graph":[{"@type":"Article","@id":"https:\/\/mobilitas.lat\/es\/2022\/11\/14\/la-municipalidad-de-rosario-y-el-ente-de-la-movilidad-de-la-ciudad-colocan-en-practica-del-11-al-20-de-noviembre-un-operativo-de-ordenamiento-de-la-movilidad-urbana-para-facilitar-los-desplazamientos\/#article","isPartOf":{"@id":"https:\/\/mobilitas.lat\/es\/2022\/11\/14\/la-municipalidad-de-rosario-y-el-ente-de-la-movilidad-de-la-ciudad-colocan-en-practica-del-11-al-20-de-noviembre-un-operativo-de-ordenamiento-de-la-movilidad-urbana-para-facilitar-los-desplazamientos\/"},"author":{"name":"Alexandre Asquini","@id":"https:\/\/mobilitas.lat\/es\/#\/schema\/person\/cae0d01ccbe855d1858d146e4c4d582d"},"headline":"La Municipalidad de Rosario y el Ente de la Movilidad de la ciudad colocan en pr\u00e1ctica hasta el 20 de noviembre un operativo especial de movilidad urbana por motivo del Encuentro y Fiesta Nacional de Colectividades","datePublished":"2022-11-14T03:16:43+00:00","dateModified":"2022-11-14T03:23:17+00:00","mainEntityOfPage":{"@id":"https:\/\/mobilitas.lat\/es\/2022\/11\/14\/la-municipalidad-de-rosario-y-el-ente-de-la-movilidad-de-la-ciudad-colocan-en-practica-del-11-al-20-de-noviembre-un-operativo-de-ordenamiento-de-la-movilidad-urbana-para-facilitar-los-desplazamientos\/"},"wordCount":425,"publisher":{"@id":"https:\/\/mobilitas.lat\/es\/#organization"},"image":{"@id":"https:\/\/mobilitas.lat\/es\/2022\/11\/14\/la-municipalidad-de-rosario-y-el-ente-de-la-movilidad-de-la-ciudad-colocan-en-practica-del-11-al-20-de-noviembre-un-operativo-de-ordenamiento-de-la-movilidad-urbana-para-facilitar-los-desplazamientos\/#primaryimage"},"thumbnailUrl":"https:\/\/storage.mobilitas.lat\/uploads\/2022\/11\/MOBILITAS-ROSARIO-RAPAZ-JOVEM-ENTRA-PELA-PORTA-CENTRAL-DO-ONIBUS-ILUSTRATIVA.jpg","keywords":["MUNICIPALIDAD DE ROSARIO"],"articleSection":["Notas","Radar"],"inLanguage":"es-ES"},{"@type":"WebPage","@id":"https:\/\/mobilitas.lat\/es\/2022\/11\/14\/la-municipalidad-de-rosario-y-el-ente-de-la-movilidad-de-la-ciudad-colocan-en-practica-del-11-al-20-de-noviembre-un-operativo-de-ordenamiento-de-la-movilidad-urbana-para-facilitar-los-desplazamientos\/","url":"https:\/\/mobilitas.lat\/es\/2022\/11\/14\/la-municipalidad-de-rosario-y-el-ente-de-la-movilidad-de-la-ciudad-colocan-en-practica-del-11-al-20-de-noviembre-un-operativo-de-ordenamiento-de-la-movilidad-urbana-para-facilitar-los-desplazamientos\/","name":"La Municipalidad de Rosario y el Ente de la Movilidad de la ciudad colocan en pr\u00e1ctica hasta el 20 de noviembre un operativo especial de movilidad urbana por motivo del Encuentro y Fiesta Nacional de Colectividades | Mobilitas","isPartOf":{"@id":"https:\/\/mobilitas.lat\/es\/#website"},"primaryImageOfPage":{"@id":"https:\/\/mobilitas.lat\/es\/2022\/11\/14\/la-municipalidad-de-rosario-y-el-ente-de-la-movilidad-de-la-ciudad-colocan-en-practica-del-11-al-20-de-noviembre-un-operativo-de-ordenamiento-de-la-movilidad-urbana-para-facilitar-los-desplazamientos\/#primaryimage"},"image":{"@id":"https:\/\/mobilitas.lat\/es\/2022\/11\/14\/la-municipalidad-de-rosario-y-el-ente-de-la-movilidad-de-la-ciudad-colocan-en-practica-del-11-al-20-de-noviembre-un-operativo-de-ordenamiento-de-la-movilidad-urbana-para-facilitar-los-desplazamientos\/#primaryimage"},"thumbnailUrl":"https:\/\/storage.mobilitas.lat\/uploads\/2022\/11\/MOBILITAS-ROSARIO-RAPAZ-JOVEM-ENTRA-PELA-PORTA-CENTRAL-DO-ONIBUS-ILUSTRATIVA.jpg","datePublished":"2022-11-14T03:16:43+00:00","dateModified":"2022-11-14T03:23:17+00:00","breadcrumb":{"@id":"https:\/\/mobilitas.lat\/es\/2022\/11\/14\/la-municipalidad-de-rosario-y-el-ente-de-la-movilidad-de-la-ciudad-colocan-en-practica-del-11-al-20-de-noviembre-un-operativo-de-ordenamiento-de-la-movilidad-urbana-para-facilitar-los-desplazamientos\/#breadcrumb"},"inLanguage":"es-ES","potentialAction":[{"@type":"ReadAction","target":["https:\/\/mobilitas.lat\/es\/2022\/11\/14\/la-municipalidad-de-rosario-y-el-ente-de-la-movilidad-de-la-ciudad-colocan-en-practica-del-11-al-20-de-noviembre-un-operativo-de-ordenamiento-de-la-movilidad-urbana-para-facilitar-los-desplazamientos\/"]}]},{"@type":"ImageObject","inLanguage":"es-ES","@id":"https:\/\/mobilitas.lat\/es\/2022\/11\/14\/la-municipalidad-de-rosario-y-el-ente-de-la-movilidad-de-la-ciudad-colocan-en-practica-del-11-al-20-de-noviembre-un-operativo-de-ordenamiento-de-la-movilidad-urbana-para-facilitar-los-desplazamientos\/#primaryimage","url":"https:\/\/storage.mobilitas.lat\/uploads\/2022\/11\/MOBILITAS-ROSARIO-RAPAZ-JOVEM-ENTRA-PELA-PORTA-CENTRAL-DO-ONIBUS-ILUSTRATIVA.jpg","contentUrl":"https:\/\/storage.mobilitas.lat\/uploads\/2022\/11\/MOBILITAS-ROSARIO-RAPAZ-JOVEM-ENTRA-PELA-PORTA-CENTRAL-DO-ONIBUS-ILUSTRATIVA.jpg","width":950,"height":634},{"@type":"BreadcrumbList","@id":"https:\/\/mobilitas.lat\/es\/2022\/11\/14\/la-municipalidad-de-rosario-y-el-ente-de-la-movilidad-de-la-ciudad-colocan-en-practica-del-11-al-20-de-noviembre-un-operativo-de-ordenamiento-de-la-movilidad-urbana-para-facilitar-los-desplazamientos\/#breadcrumb","itemListElement":[{"@type":"ListItem","position":1,"name":"In\u00edcio","item":"https:\/\/mobilitas.lat\/es\/"},{"@type":"ListItem","position":2,"name":"La Municipalidad de Rosario y el Ente de la Movilidad de la ciudad colocan en pr\u00e1ctica hasta el 20 de noviembre un operativo especial de movilidad urbana por motivo del Encuentro y Fiesta Nacional de Colectividades"}]},{"@type":"WebSite","@id":"https:\/\/mobilitas.lat\/es\/#website","url":"https:\/\/mobilitas.lat\/es\/","name":"Mobilitas","description":"Tecnologia e Mobilidade Urbana na Am\u00e9rica Latina","publisher":{"@id":"https:\/\/mobilitas.lat\/es\/#organization"},"potentialAction":[{"@type":"SearchAction","target":{"@type":"EntryPoint","urlTemplate":"https:\/\/mobilitas.lat\/es\/?s={search_term_string}"},"query-input":{"@type":"PropertyValueSpecification","valueRequired":true,"valueName":"search_term_string"}}],"inLanguage":"es-ES"},{"@type":"Organization","@id":"https:\/\/mobilitas.lat\/es\/#organization","name":"OTM Editora","url":"https:\/\/mobilitas.lat\/es\/","logo":{"@type":"ImageObject","inLanguage":"es-ES","@id":"https:\/\/mobilitas.lat\/es\/#\/schema\/logo\/image\/","url":"https:\/\/mobilitas.lat\/wp-content\/uploads\/2024\/03\/opengraph.png","contentUrl":"https:\/\/mobilitas.lat\/wp-content\/uploads\/2024\/03\/opengraph.png","width":1200,"height":630,"caption":"OTM Editora"},"image":{"@id":"https:\/\/mobilitas.lat\/es\/#\/schema\/logo\/image\/"}},{"@type":"Person","@id":"https:\/\/mobilitas.lat\/es\/#\/schema\/person\/cae0d01ccbe855d1858d146e4c4d582d","name":"Alexandre Asquini","image":{"@type":"ImageObject","inLanguage":"es-ES","@id":"https:\/\/mobilitas.lat\/es\/#\/schema\/person\/image\/","url":"https:\/\/secure.gravatar.com\/avatar\/aac99dbef1420f75cc7d86913eb8a7cdfbe13e2509ad7a45649a61414f6d2785?s=96&d=mm&r=g","contentUrl":"https:\/\/secure.gravatar.com\/avatar\/aac99dbef1420f75cc7d86913eb8a7cdfbe13e2509ad7a45649a61414f6d2785?s=96&d=mm&r=g","caption":"Alexandre Asquini"}}]}},"_links":{"self":[{"href":"https:\/\/mobilitas.lat\/es\/wp-json\/wp\/v2\/posts\/15761","targetHints":{"allow":["GET"]}}],"collection":[{"href":"https:\/\/mobilitas.lat\/es\/wp-json\/wp\/v2\/posts"}],"about":[{"href":"https:\/\/mobilitas.lat\/es\/wp-json\/wp\/v2\/types\/post"}],"author":[{"embeddable":true,"href":"https:\/\/mobilitas.lat\/es\/wp-json\/wp\/v2\/users\/2"}],"replies":[{"embeddable":true,"href":"https:\/\/mobilitas.lat\/es\/wp-json\/wp\/v2\/comments?post=15761"}],"version-history":[{"count":5,"href":"https:\/\/mobilitas.lat\/es\/wp-json\/wp\/v2\/posts\/15761\/revisions"}],"predecessor-version":[{"id":15785,"href":"https:\/\/mobilitas.lat\/es\/wp-json\/wp\/v2\/posts\/15761\/revisions\/15785"}],"wp:featuredmedia":[{"embeddable":true,"href":"https:\/\/mobilitas.lat\/es\/wp-json\/wp\/v2\/media\/15758"}],"wp:attachment":[{"href":"https:\/\/mobilitas.lat\/es\/wp-json\/wp\/v2\/media?parent=15761"}],"wp:term":[{"taxonomy":"category","embeddable":true,"href":"https:\/\/mobilitas.lat\/es\/wp-json\/wp\/v2\/categories?post=15761"},{"taxonomy":"post_tag","embeddable":true,"href":"https:\/\/mobilitas.lat\/es\/wp-json\/wp\/v2\/tags?post=15761"}],"curies":[{"name":"wp","href":"https:\/\/api.w.org\/{rel}","templated":true}]}}