{"id":1568,"date":"2018-06-21T13:04:29","date_gmt":"2018-06-21T16:04:29","guid":{"rendered":"http:\/\/mobilitas.lat\/2018\/06\/21\/movilidad-escolar-con-bicicletas\/"},"modified":"2018-06-22T18:26:19","modified_gmt":"2018-06-22T21:26:19","slug":"movilidad-escolar-con-bicicletas","status":"publish","type":"post","link":"https:\/\/mobilitas.lat\/es\/2018\/06\/21\/movilidad-escolar-con-bicicletas\/","title":{"rendered":"Movilidad escolar con bicicletas"},"content":{"rendered":"<p><em><strong>Bogot\u00e1 ampl\u00eda el programa Al Colegio en Bici, que ha beneficiado a m\u00e1s de 1200 ni\u00f1os y ya hizo m\u00e1s de un mill\u00f3n de viajes.<\/strong><\/em><\/p>\n<p>La alcald\u00eda de Bogot\u00e1 informa que, con 74 nuevas rutas de confianza, un mayor uso de ciclorutas y carriles exclusivos durante los viajes al colegio, m\u00e1s de 1200 ni\u00f1os participan del programa<em> Al Colegio en Bici<\/em>. Se trata de una iniciativa de movilidad sostenible que re\u00fane a las secretar\u00edas municipales de Educaci\u00f3n y Movilidad.<\/p>\n<p>El alcalde Enrique Pe\u00f1alosa afirm\u00f3 que el programa ya contabiliza m\u00e1s de un mill\u00f3n de viajes para ir y volver del colegio con utilizaci\u00f3n de la bicicleta. &#8220;Este hecho ratifica a Bogot\u00e1 como ciudad pionera en movilidad escolar sostenible y en el uso masivo de bicicletas. Por eso, queremos seguir fortaleciendo esta iniciativa para que nuestros hijos, adem\u00e1s de transitar seguros en bicicleta, crezcan felices y se apropien de todos los escenarios que les ofrece la ciudad&#8221;.<\/p>\n<p>Juan Pablo Bocarejo, secretario de Movilidad, afirm\u00f3 que el proyecto sigue &#8220;de una manera muy entusiasta&#8221;, gracias a las innovaciones en el dise\u00f1o de nuevas rutas de confianza con los criterios de seguridad vial. Este a\u00f1o se han hecho 160 intervenciones de infraestructura en los entornos escolares, con el fin de garantizar la disminuci\u00f3n de los riesgos de accidentes para los menores y los gu\u00edas del programa.<\/p>\n<p><strong>La seguridad como corresponsabilidad.<\/strong> La secretaria de Educaci\u00f3n, Mar\u00eda Victoria Angulo, asegura que una iniciativa que se suma al programa <em>Al Colegio en Bici<\/em> es la creaci\u00f3n de la Red Protectora y un nuevo protocolo de seguridad entre padres e hijos. &#8220;Este programa promueve la corresponsabilidad en la protecci\u00f3n y el bienestar de los estudiantes de <em>Al Colegio en Bici<\/em> por parte de los padres y de la comunidad vecina, tanto en el trayecto de las rutas de confianza, donde los estudiantes son acompa\u00f1ados por los gu\u00edas, como en los puntos de encuentro, donde son recogidos por sus acudientes&#8221;.<\/p>\n<p>Para brindar mayor seguridad a los estudiantes, se crearon <em>12 centros de fortalecimiento Local<\/em>, que son colegios oficiales donde gu\u00edas pedagogos del programa realizan talleres de seguridad vial, destrezas con la bici y mec\u00e1nica b\u00e1sica mientras sus padres los recogen. Son ciento noventa gu\u00edas, diez l\u00edderes locales, ocho pedagogos, nueve gestores territoriales y diez t\u00e9cnicos mec\u00e1nicos. Seg\u00fan la secretaria Mar\u00eda Victoria Angulo, en este programa la bicicleta se transforma en una herramienta pedag\u00f3gica para que las ni\u00f1as, ni\u00f1os y j\u00f3venes de Bogot\u00e1 recorran y se apropien de su ciudad.<\/p>\n<p>&nbsp;<\/p>\n<p><a href=\"http:\/\/www.educacionbogota.edu.co\/es\/temas-estrategicos\/movilidad-escolar\/4207\" target=\"_blank\" rel=\"noopener\"><em><strong>Vea otras informaciones en la p\u00e1gina del programa Al Colegio en Bici<\/strong><\/em><\/a><\/p>\n","protected":false},"excerpt":{"rendered":"<p>Bogot\u00e1 ampl\u00eda el programa Al Colegio en Bici, que ha beneficiado a m\u00e1s de 1200 ni\u00f1os y ya hizo m\u00e1s de un mill\u00f3n de viajes. La alcald\u00eda de Bogot\u00e1 informa que, con 74 nuevas rutas de confianza, un mayor uso de ciclorutas y carriles exclusivos durante los viajes al colegio, m\u00e1s de 1200 ni\u00f1os participan [&hellip;]<\/p>\n","protected":false},"author":2,"featured_media":0,"comment_status":"closed","ping_status":"closed","sticky":false,"template":"","format":"standard","meta":{"footnotes":""},"categories":[287],"tags":[311,312],"class_list":["post-1568","post","type-post","status-publish","format-standard","hentry","category-notas","tag-colombia-es","tag-movilidad-escolar"],"yoast_head":"<!-- This site is optimized with the Yoast SEO plugin v26.9 - https:\/\/yoast.com\/product\/yoast-seo-wordpress\/ -->\n<title>Movilidad escolar con bicicletas | Mobilitas<\/title>\n<meta name=\"robots\" content=\"index, follow, max-snippet:-1, max-image-preview:large, max-video-preview:-1\" \/>\n<link rel=\"canonical\" href=\"https:\/\/mobilitas.lat\/es\/2018\/06\/21\/movilidad-escolar-con-bicicletas\/\" \/>\n<meta property=\"og:locale\" content=\"es_ES\" \/>\n<meta property=\"og:type\" content=\"article\" \/>\n<meta property=\"og:title\" content=\"Movilidad escolar con bicicletas | Mobilitas\" \/>\n<meta property=\"og:description\" content=\"Bogot\u00e1 ampl\u00eda el programa Al Colegio en Bici, que ha beneficiado a m\u00e1s de 1200 ni\u00f1os y ya hizo m\u00e1s de un mill\u00f3n de viajes. La alcald\u00eda de Bogot\u00e1 informa que, con 74 nuevas rutas de confianza, un mayor uso de ciclorutas y carriles exclusivos durante los viajes al colegio, m\u00e1s de 1200 ni\u00f1os participan [&hellip;]\" \/>\n<meta property=\"og:url\" content=\"https:\/\/mobilitas.lat\/es\/2018\/06\/21\/movilidad-escolar-con-bicicletas\/\" \/>\n<meta property=\"og:site_name\" content=\"Mobilitas\" \/>\n<meta property=\"article:published_time\" content=\"2018-06-21T16:04:29+00:00\" \/>\n<meta property=\"article:modified_time\" content=\"2018-06-22T21:26:19+00:00\" \/>\n<meta name=\"author\" content=\"Alexandre Asquini\" \/>\n<meta name=\"twitter:card\" content=\"summary_large_image\" \/>\n<meta name=\"twitter:label1\" content=\"Written by\" \/>\n\t<meta name=\"twitter:data1\" content=\"Alexandre Asquini\" \/>\n\t<meta name=\"twitter:label2\" content=\"Est. reading time\" \/>\n\t<meta name=\"twitter:data2\" content=\"2 minutes\" \/>\n<script type=\"application\/ld+json\" class=\"yoast-schema-graph\">{\"@context\":\"https:\/\/schema.org\",\"@graph\":[{\"@type\":\"Article\",\"@id\":\"https:\/\/mobilitas.lat\/es\/2018\/06\/21\/movilidad-escolar-con-bicicletas\/#article\",\"isPartOf\":{\"@id\":\"https:\/\/mobilitas.lat\/es\/2018\/06\/21\/movilidad-escolar-con-bicicletas\/\"},\"author\":{\"name\":\"Alexandre Asquini\",\"@id\":\"https:\/\/mobilitas.lat\/es\/#\/schema\/person\/cae0d01ccbe855d1858d146e4c4d582d\"},\"headline\":\"Movilidad escolar con bicicletas\",\"datePublished\":\"2018-06-21T16:04:29+00:00\",\"dateModified\":\"2018-06-22T21:26:19+00:00\",\"mainEntityOfPage\":{\"@id\":\"https:\/\/mobilitas.lat\/es\/2018\/06\/21\/movilidad-escolar-con-bicicletas\/\"},\"wordCount\":463,\"publisher\":{\"@id\":\"https:\/\/mobilitas.lat\/es\/#organization\"},\"keywords\":[\"Colombia\",\"Movilidad escolar\"],\"articleSection\":[\"Notas\"],\"inLanguage\":\"es-ES\"},{\"@type\":\"WebPage\",\"@id\":\"https:\/\/mobilitas.lat\/es\/2018\/06\/21\/movilidad-escolar-con-bicicletas\/\",\"url\":\"https:\/\/mobilitas.lat\/es\/2018\/06\/21\/movilidad-escolar-con-bicicletas\/\",\"name\":\"Movilidad escolar con bicicletas | Mobilitas\",\"isPartOf\":{\"@id\":\"https:\/\/mobilitas.lat\/es\/#website\"},\"datePublished\":\"2018-06-21T16:04:29+00:00\",\"dateModified\":\"2018-06-22T21:26:19+00:00\",\"breadcrumb\":{\"@id\":\"https:\/\/mobilitas.lat\/es\/2018\/06\/21\/movilidad-escolar-con-bicicletas\/#breadcrumb\"},\"inLanguage\":\"es-ES\",\"potentialAction\":[{\"@type\":\"ReadAction\",\"target\":[\"https:\/\/mobilitas.lat\/es\/2018\/06\/21\/movilidad-escolar-con-bicicletas\/\"]}]},{\"@type\":\"BreadcrumbList\",\"@id\":\"https:\/\/mobilitas.lat\/es\/2018\/06\/21\/movilidad-escolar-con-bicicletas\/#breadcrumb\",\"itemListElement\":[{\"@type\":\"ListItem\",\"position\":1,\"name\":\"In\u00edcio\",\"item\":\"https:\/\/mobilitas.lat\/es\/\"},{\"@type\":\"ListItem\",\"position\":2,\"name\":\"Movilidad escolar con bicicletas\"}]},{\"@type\":\"WebSite\",\"@id\":\"https:\/\/mobilitas.lat\/es\/#website\",\"url\":\"https:\/\/mobilitas.lat\/es\/\",\"name\":\"Mobilitas\",\"description\":\"Tecnologia e Mobilidade Urbana na Am\u00e9rica Latina\",\"publisher\":{\"@id\":\"https:\/\/mobilitas.lat\/es\/#organization\"},\"potentialAction\":[{\"@type\":\"SearchAction\",\"target\":{\"@type\":\"EntryPoint\",\"urlTemplate\":\"https:\/\/mobilitas.lat\/es\/?s={search_term_string}\"},\"query-input\":{\"@type\":\"PropertyValueSpecification\",\"valueRequired\":true,\"valueName\":\"search_term_string\"}}],\"inLanguage\":\"es-ES\"},{\"@type\":\"Organization\",\"@id\":\"https:\/\/mobilitas.lat\/es\/#organization\",\"name\":\"OTM Editora\",\"url\":\"https:\/\/mobilitas.lat\/es\/\",\"logo\":{\"@type\":\"ImageObject\",\"inLanguage\":\"es-ES\",\"@id\":\"https:\/\/mobilitas.lat\/es\/#\/schema\/logo\/image\/\",\"url\":\"https:\/\/mobilitas.lat\/wp-content\/uploads\/2024\/03\/opengraph.png\",\"contentUrl\":\"https:\/\/mobilitas.lat\/wp-content\/uploads\/2024\/03\/opengraph.png\",\"width\":1200,\"height\":630,\"caption\":\"OTM Editora\"},\"image\":{\"@id\":\"https:\/\/mobilitas.lat\/es\/#\/schema\/logo\/image\/\"}},{\"@type\":\"Person\",\"@id\":\"https:\/\/mobilitas.lat\/es\/#\/schema\/person\/cae0d01ccbe855d1858d146e4c4d582d\",\"name\":\"Alexandre Asquini\",\"image\":{\"@type\":\"ImageObject\",\"inLanguage\":\"es-ES\",\"@id\":\"https:\/\/mobilitas.lat\/es\/#\/schema\/person\/image\/\",\"url\":\"https:\/\/secure.gravatar.com\/avatar\/aac99dbef1420f75cc7d86913eb8a7cdfbe13e2509ad7a45649a61414f6d2785?s=96&d=mm&r=g\",\"contentUrl\":\"https:\/\/secure.gravatar.com\/avatar\/aac99dbef1420f75cc7d86913eb8a7cdfbe13e2509ad7a45649a61414f6d2785?s=96&d=mm&r=g\",\"caption\":\"Alexandre Asquini\"}}]}<\/script>\n<!-- \/ Yoast SEO plugin. -->","yoast_head_json":{"title":"Movilidad escolar con bicicletas | Mobilitas","robots":{"index":"index","follow":"follow","max-snippet":"max-snippet:-1","max-image-preview":"max-image-preview:large","max-video-preview":"max-video-preview:-1"},"canonical":"https:\/\/mobilitas.lat\/es\/2018\/06\/21\/movilidad-escolar-con-bicicletas\/","og_locale":"es_ES","og_type":"article","og_title":"Movilidad escolar con bicicletas | Mobilitas","og_description":"Bogot\u00e1 ampl\u00eda el programa Al Colegio en Bici, que ha beneficiado a m\u00e1s de 1200 ni\u00f1os y ya hizo m\u00e1s de un mill\u00f3n de viajes. La alcald\u00eda de Bogot\u00e1 informa que, con 74 nuevas rutas de confianza, un mayor uso de ciclorutas y carriles exclusivos durante los viajes al colegio, m\u00e1s de 1200 ni\u00f1os participan [&hellip;]","og_url":"https:\/\/mobilitas.lat\/es\/2018\/06\/21\/movilidad-escolar-con-bicicletas\/","og_site_name":"Mobilitas","article_published_time":"2018-06-21T16:04:29+00:00","article_modified_time":"2018-06-22T21:26:19+00:00","author":"Alexandre Asquini","twitter_card":"summary_large_image","twitter_misc":{"Written by":"Alexandre Asquini","Est. reading time":"2 minutes"},"schema":{"@context":"https:\/\/schema.org","@graph":[{"@type":"Article","@id":"https:\/\/mobilitas.lat\/es\/2018\/06\/21\/movilidad-escolar-con-bicicletas\/#article","isPartOf":{"@id":"https:\/\/mobilitas.lat\/es\/2018\/06\/21\/movilidad-escolar-con-bicicletas\/"},"author":{"name":"Alexandre Asquini","@id":"https:\/\/mobilitas.lat\/es\/#\/schema\/person\/cae0d01ccbe855d1858d146e4c4d582d"},"headline":"Movilidad escolar con bicicletas","datePublished":"2018-06-21T16:04:29+00:00","dateModified":"2018-06-22T21:26:19+00:00","mainEntityOfPage":{"@id":"https:\/\/mobilitas.lat\/es\/2018\/06\/21\/movilidad-escolar-con-bicicletas\/"},"wordCount":463,"publisher":{"@id":"https:\/\/mobilitas.lat\/es\/#organization"},"keywords":["Colombia","Movilidad escolar"],"articleSection":["Notas"],"inLanguage":"es-ES"},{"@type":"WebPage","@id":"https:\/\/mobilitas.lat\/es\/2018\/06\/21\/movilidad-escolar-con-bicicletas\/","url":"https:\/\/mobilitas.lat\/es\/2018\/06\/21\/movilidad-escolar-con-bicicletas\/","name":"Movilidad escolar con bicicletas | Mobilitas","isPartOf":{"@id":"https:\/\/mobilitas.lat\/es\/#website"},"datePublished":"2018-06-21T16:04:29+00:00","dateModified":"2018-06-22T21:26:19+00:00","breadcrumb":{"@id":"https:\/\/mobilitas.lat\/es\/2018\/06\/21\/movilidad-escolar-con-bicicletas\/#breadcrumb"},"inLanguage":"es-ES","potentialAction":[{"@type":"ReadAction","target":["https:\/\/mobilitas.lat\/es\/2018\/06\/21\/movilidad-escolar-con-bicicletas\/"]}]},{"@type":"BreadcrumbList","@id":"https:\/\/mobilitas.lat\/es\/2018\/06\/21\/movilidad-escolar-con-bicicletas\/#breadcrumb","itemListElement":[{"@type":"ListItem","position":1,"name":"In\u00edcio","item":"https:\/\/mobilitas.lat\/es\/"},{"@type":"ListItem","position":2,"name":"Movilidad escolar con bicicletas"}]},{"@type":"WebSite","@id":"https:\/\/mobilitas.lat\/es\/#website","url":"https:\/\/mobilitas.lat\/es\/","name":"Mobilitas","description":"Tecnologia e Mobilidade Urbana na Am\u00e9rica Latina","publisher":{"@id":"https:\/\/mobilitas.lat\/es\/#organization"},"potentialAction":[{"@type":"SearchAction","target":{"@type":"EntryPoint","urlTemplate":"https:\/\/mobilitas.lat\/es\/?s={search_term_string}"},"query-input":{"@type":"PropertyValueSpecification","valueRequired":true,"valueName":"search_term_string"}}],"inLanguage":"es-ES"},{"@type":"Organization","@id":"https:\/\/mobilitas.lat\/es\/#organization","name":"OTM Editora","url":"https:\/\/mobilitas.lat\/es\/","logo":{"@type":"ImageObject","inLanguage":"es-ES","@id":"https:\/\/mobilitas.lat\/es\/#\/schema\/logo\/image\/","url":"https:\/\/mobilitas.lat\/wp-content\/uploads\/2024\/03\/opengraph.png","contentUrl":"https:\/\/mobilitas.lat\/wp-content\/uploads\/2024\/03\/opengraph.png","width":1200,"height":630,"caption":"OTM Editora"},"image":{"@id":"https:\/\/mobilitas.lat\/es\/#\/schema\/logo\/image\/"}},{"@type":"Person","@id":"https:\/\/mobilitas.lat\/es\/#\/schema\/person\/cae0d01ccbe855d1858d146e4c4d582d","name":"Alexandre Asquini","image":{"@type":"ImageObject","inLanguage":"es-ES","@id":"https:\/\/mobilitas.lat\/es\/#\/schema\/person\/image\/","url":"https:\/\/secure.gravatar.com\/avatar\/aac99dbef1420f75cc7d86913eb8a7cdfbe13e2509ad7a45649a61414f6d2785?s=96&d=mm&r=g","contentUrl":"https:\/\/secure.gravatar.com\/avatar\/aac99dbef1420f75cc7d86913eb8a7cdfbe13e2509ad7a45649a61414f6d2785?s=96&d=mm&r=g","caption":"Alexandre Asquini"}}]}},"_links":{"self":[{"href":"https:\/\/mobilitas.lat\/es\/wp-json\/wp\/v2\/posts\/1568","targetHints":{"allow":["GET"]}}],"collection":[{"href":"https:\/\/mobilitas.lat\/es\/wp-json\/wp\/v2\/posts"}],"about":[{"href":"https:\/\/mobilitas.lat\/es\/wp-json\/wp\/v2\/types\/post"}],"author":[{"embeddable":true,"href":"https:\/\/mobilitas.lat\/es\/wp-json\/wp\/v2\/users\/2"}],"replies":[{"embeddable":true,"href":"https:\/\/mobilitas.lat\/es\/wp-json\/wp\/v2\/comments?post=1568"}],"version-history":[{"count":2,"href":"https:\/\/mobilitas.lat\/es\/wp-json\/wp\/v2\/posts\/1568\/revisions"}],"predecessor-version":[{"id":1610,"href":"https:\/\/mobilitas.lat\/es\/wp-json\/wp\/v2\/posts\/1568\/revisions\/1610"}],"wp:attachment":[{"href":"https:\/\/mobilitas.lat\/es\/wp-json\/wp\/v2\/media?parent=1568"}],"wp:term":[{"taxonomy":"category","embeddable":true,"href":"https:\/\/mobilitas.lat\/es\/wp-json\/wp\/v2\/categories?post=1568"},{"taxonomy":"post_tag","embeddable":true,"href":"https:\/\/mobilitas.lat\/es\/wp-json\/wp\/v2\/tags?post=1568"}],"curies":[{"name":"wp","href":"https:\/\/api.w.org\/{rel}","templated":true}]}}