{"id":15224,"date":"2022-09-26T23:00:42","date_gmt":"2022-09-27T02:00:42","guid":{"rendered":"https:\/\/mobilitas.lat\/?p=15224"},"modified":"2022-09-26T23:01:06","modified_gmt":"2022-09-27T02:01:06","slug":"dado-a-conocer-el-anuncio-publico-de-concesion-del-metro-de-belo-horizonte-brasil-estructurado-por-el-banco-nacional-de-desarrollo-economico-y-social-bndes-se-espera-que-las-inversiones-alcancen","status":"publish","type":"post","link":"https:\/\/mobilitas.lat\/es\/2022\/09\/26\/dado-a-conocer-el-anuncio-publico-de-concesion-del-metro-de-belo-horizonte-brasil-estructurado-por-el-banco-nacional-de-desarrollo-economico-y-social-bndes-se-espera-que-las-inversiones-alcancen\/","title":{"rendered":"Dado a conocer el anuncio p\u00fablico de concesi\u00f3n del metro de Belo Horizonte, Brasil, estructurado por el Banco Nacional de Desarrollo Econ\u00f3mico y Social (BNDES). Se espera que las inversiones alcancen los 666,07 millones de d\u00f3lares en 30 a\u00f1os"},"content":{"rendered":"\n<figure class=\"wp-block-image size-large\"><img loading=\"lazy\" decoding=\"async\" width=\"749\" height=\"400\" src=\"https:\/\/storage.mobilitas.lat\/uploads\/2022\/09\/220922-COMPOSIAACAO-METRO-BH-NA-PLATAFORMA-FOTO-CMBH.jpg\" alt=\"\" class=\"wp-image-15221\" srcset=\"https:\/\/storage.mobilitas.lat\/uploads\/2022\/09\/220922-COMPOSIAACAO-METRO-BH-NA-PLATAFORMA-FOTO-CMBH.jpg 749w, https:\/\/storage.mobilitas.lat\/uploads\/2022\/09\/220922-COMPOSIAACAO-METRO-BH-NA-PLATAFORMA-FOTO-CMBH-300x160.jpg 300w\" sizes=\"auto, (max-width: 749px) 100vw, 749px\" \/><figcaption><strong><em>Composici\u00f3n de Metro BH en el and\u00e9n. Foto: Camara Municipal de Belo Horizonte<\/em><\/strong><\/figcaption><\/figure>\n\n\n\n<p>El Banco Nacional de Desarrollo Econ\u00f3mico y Social (BNDES) de Brasil public\u00f3 el viernes, 23 de septiembre de 2022, el aviso p\u00fablico para la concesi\u00f3n del metro en Belo Horizonte, en el Estado de Minas Gerais &#8211; una de las mayores y m\u00e1s importantes ciudades del pa\u00eds.<\/p>\n\n\n\n<p>En la actualidad, este sistema es operado por la empresa estatal federal Companhia Brasileira de Trens Urbanos (CBTU).<\/p>\n\n\n\n<p>El BNDES es una empresa p\u00fablica federal vinculada al Ministerio de Econom\u00eda y es el principal instrumento del Gobierno Federal, \u00fanico accionista del banco, para la financiaci\u00f3n e inversiones a largo plazo en diversos segmentos de la econom\u00eda brasile\u00f1a.<\/p>\n\n\n\n<p>La subasta est\u00e1 prevista para el 22 de diciembre de 2022 y tendr\u00e1 lugar en B3 &#8211; la bolsa oficial de Brasil, con sede en la ciudad de S\u00e3o Paulo.<\/p>\n\n\n\n<p>La inversi\u00f3n total estimada para la concesi\u00f3n es de 3.500 millones de reales (666,07 millones de d\u00f3lares) en 30 a\u00f1os.<\/p>\n\n\n\n<p>Los recursos se invertir\u00e1n en la recalificaci\u00f3n de los 28,1 km de la l\u00ednea existente y en la construcci\u00f3n de una nueva l\u00ednea, que tendr\u00e1 10,5 km.<\/p>\n\n\n\n<p>El ganador de la subasta ser\u00e1 el postor que ofrezca el mayor valor por la adquisici\u00f3n de acciones. El valor m\u00ednimo es de R$ 19.324.304,67 &#8211; diecinueve millones, trescientos veinticuatro mil, trescientos cuatro reales y sesenta y siete centavos (aproximadamente 3,67 millones de d\u00f3lares).<\/p>\n\n\n\n<p><strong>CARACTER\u00cdSTICAS<\/strong><\/p>\n\n\n\n<p>En la actualidad, la red de transporte metro-ferroviario de la regi\u00f3n metropolitana de la capital del Estado de Minas Gerais cuenta con una l\u00ednea (L\u00ednea 1), que da servicio a las ciudades de Belo Horizonte y Contagem, con 19 estaciones y 28,1 km de longitud.<\/p>\n\n\n\n<p>Las inversiones previstas en el proyecto incluyen la recalificaci\u00f3n y ampliaci\u00f3n de la l\u00ednea existente en una estaci\u00f3n m\u00e1s (Novo Eldorado, en el municipio de Contagem), as\u00ed como la construcci\u00f3n de la L\u00ednea 2, que tendr\u00e1 siete nuevas estaciones y una extensi\u00f3n de 10,5 km.<\/p>\n\n\n\n<p>Seg\u00fan el BNDES, los estudios indican que, tras las inversiones, el sistema deber\u00e1 atender a unos 270 mil pasajeros diarios, de los cuales 50 mil deber\u00e1n utilizar la nueva L\u00ednea 2.<\/p>\n\n\n\n<p>La previsi\u00f3n es que las nuevas estaciones empiecen a inaugurarse en el cuarto a\u00f1o de la concesi\u00f3n y que todas est\u00e9n operativas en el sexto.<\/p>\n\n\n\n<p><strong>CBTU OPERA EN OTRAS REGIONES<\/strong><\/p>\n\n\n\n<p>La CBTU es una empresa p\u00fablica y el Gobierno Federal posee el 100% de sus acciones.<\/p>\n\n\n\n<p>Adem\u00e1s de Belo Horizonte, a trav\u00e9s de su filial CBTU-MG, la CBTU tambi\u00e9n explota servicios p\u00fablicos de transporte urbano de pasajeros en las regiones metropolitanas de Recife, Macei\u00f3, Jo\u00e3o Pessoa y Natal, todas ellas ciudades del nordeste brasile\u00f1o. El anuncio de licitaci\u00f3n, sus anexos, as\u00ed como toda la informaci\u00f3n sobre la privatizaci\u00f3n pueden obtenerse en el sitio web y en el Hub de Proyectos del BNDES.<\/p>\n","protected":false},"excerpt":{"rendered":"<p>El Banco Nacional de Desarrollo Econ\u00f3mico y Social (BNDES) de Brasil public\u00f3 el viernes, 23 de septiembre de 2022, el aviso p\u00fablico para la concesi\u00f3n del metro en Belo Horizonte, en el Estado de Minas Gerais &#8211; una de las mayores y m\u00e1s importantes ciudades del pa\u00eds. En la actualidad, este sistema es operado por [&hellip;]<\/p>\n","protected":false},"author":2,"featured_media":15221,"comment_status":"closed","ping_status":"closed","sticky":false,"template":"","format":"standard","meta":{"footnotes":""},"categories":[287],"tags":[1923,1925,1361],"class_list":["post-15224","post","type-post","status-publish","format-standard","has-post-thumbnail","hentry","category-notas","tag-cbtu","tag-metro-bh-2","tag-movilidad"],"yoast_head":"<!-- This site is optimized with the Yoast SEO plugin v26.9 - https:\/\/yoast.com\/product\/yoast-seo-wordpress\/ -->\n<title>Dado a conocer el anuncio p\u00fablico de concesi\u00f3n del metro de Belo Horizonte, Brasil, estructurado por el Banco Nacional de Desarrollo Econ\u00f3mico y Social (BNDES). Se espera que las inversiones alcancen los 666,07 millones de d\u00f3lares en 30 a\u00f1os | Mobilitas<\/title>\n<meta name=\"robots\" content=\"index, follow, max-snippet:-1, max-image-preview:large, max-video-preview:-1\" \/>\n<link rel=\"canonical\" href=\"https:\/\/mobilitas.lat\/es\/2022\/09\/26\/dado-a-conocer-el-anuncio-publico-de-concesion-del-metro-de-belo-horizonte-brasil-estructurado-por-el-banco-nacional-de-desarrollo-economico-y-social-bndes-se-espera-que-las-inversiones-alcancen\/\" \/>\n<meta property=\"og:locale\" content=\"es_ES\" \/>\n<meta property=\"og:type\" content=\"article\" \/>\n<meta property=\"og:title\" content=\"Dado a conocer el anuncio p\u00fablico de concesi\u00f3n del metro de Belo Horizonte, Brasil, estructurado por el Banco Nacional de Desarrollo Econ\u00f3mico y Social (BNDES). Se espera que las inversiones alcancen los 666,07 millones de d\u00f3lares en 30 a\u00f1os | Mobilitas\" \/>\n<meta property=\"og:description\" content=\"El Banco Nacional de Desarrollo Econ\u00f3mico y Social (BNDES) de Brasil public\u00f3 el viernes, 23 de septiembre de 2022, el aviso p\u00fablico para la concesi\u00f3n del metro en Belo Horizonte, en el Estado de Minas Gerais &#8211; una de las mayores y m\u00e1s importantes ciudades del pa\u00eds. En la actualidad, este sistema es operado por [&hellip;]\" \/>\n<meta property=\"og:url\" content=\"https:\/\/mobilitas.lat\/es\/2022\/09\/26\/dado-a-conocer-el-anuncio-publico-de-concesion-del-metro-de-belo-horizonte-brasil-estructurado-por-el-banco-nacional-de-desarrollo-economico-y-social-bndes-se-espera-que-las-inversiones-alcancen\/\" \/>\n<meta property=\"og:site_name\" content=\"Mobilitas\" \/>\n<meta property=\"article:published_time\" content=\"2022-09-27T02:00:42+00:00\" \/>\n<meta property=\"article:modified_time\" content=\"2022-09-27T02:01:06+00:00\" \/>\n<meta property=\"og:image\" content=\"https:\/\/storage.mobilitas.lat\/uploads\/2022\/09\/220922-COMPOSIAACAO-METRO-BH-NA-PLATAFORMA-FOTO-CMBH.jpg\" \/>\n\t<meta property=\"og:image:width\" content=\"749\" \/>\n\t<meta property=\"og:image:height\" content=\"400\" \/>\n\t<meta property=\"og:image:type\" content=\"image\/jpeg\" \/>\n<meta name=\"author\" content=\"Alexandre Asquini\" \/>\n<meta name=\"twitter:card\" content=\"summary_large_image\" \/>\n<meta name=\"twitter:label1\" content=\"Written by\" \/>\n\t<meta name=\"twitter:data1\" content=\"Alexandre Asquini\" \/>\n\t<meta name=\"twitter:label2\" content=\"Est. reading time\" \/>\n\t<meta name=\"twitter:data2\" content=\"3 minutes\" \/>\n<script type=\"application\/ld+json\" class=\"yoast-schema-graph\">{\"@context\":\"https:\/\/schema.org\",\"@graph\":[{\"@type\":\"Article\",\"@id\":\"https:\/\/mobilitas.lat\/es\/2022\/09\/26\/dado-a-conocer-el-anuncio-publico-de-concesion-del-metro-de-belo-horizonte-brasil-estructurado-por-el-banco-nacional-de-desarrollo-economico-y-social-bndes-se-espera-que-las-inversiones-alcancen\/#article\",\"isPartOf\":{\"@id\":\"https:\/\/mobilitas.lat\/es\/2022\/09\/26\/dado-a-conocer-el-anuncio-publico-de-concesion-del-metro-de-belo-horizonte-brasil-estructurado-por-el-banco-nacional-de-desarrollo-economico-y-social-bndes-se-espera-que-las-inversiones-alcancen\/\"},\"author\":{\"name\":\"Alexandre Asquini\",\"@id\":\"https:\/\/mobilitas.lat\/es\/#\/schema\/person\/cae0d01ccbe855d1858d146e4c4d582d\"},\"headline\":\"Dado a conocer el anuncio p\u00fablico de concesi\u00f3n del metro de Belo Horizonte, Brasil, estructurado por el Banco Nacional de Desarrollo Econ\u00f3mico y Social (BNDES). Se espera que las inversiones alcancen los 666,07 millones de d\u00f3lares en 30 a\u00f1os\",\"datePublished\":\"2022-09-27T02:00:42+00:00\",\"dateModified\":\"2022-09-27T02:01:06+00:00\",\"mainEntityOfPage\":{\"@id\":\"https:\/\/mobilitas.lat\/es\/2022\/09\/26\/dado-a-conocer-el-anuncio-publico-de-concesion-del-metro-de-belo-horizonte-brasil-estructurado-por-el-banco-nacional-de-desarrollo-economico-y-social-bndes-se-espera-que-las-inversiones-alcancen\/\"},\"wordCount\":548,\"publisher\":{\"@id\":\"https:\/\/mobilitas.lat\/es\/#organization\"},\"image\":{\"@id\":\"https:\/\/mobilitas.lat\/es\/2022\/09\/26\/dado-a-conocer-el-anuncio-publico-de-concesion-del-metro-de-belo-horizonte-brasil-estructurado-por-el-banco-nacional-de-desarrollo-economico-y-social-bndes-se-espera-que-las-inversiones-alcancen\/#primaryimage\"},\"thumbnailUrl\":\"https:\/\/storage.mobilitas.lat\/uploads\/2022\/09\/220922-COMPOSIAACAO-METRO-BH-NA-PLATAFORMA-FOTO-CMBH.jpg\",\"keywords\":[\"CBTU\",\"METRO BH\",\"MOVILIDAD\"],\"articleSection\":[\"Notas\"],\"inLanguage\":\"es-ES\"},{\"@type\":\"WebPage\",\"@id\":\"https:\/\/mobilitas.lat\/es\/2022\/09\/26\/dado-a-conocer-el-anuncio-publico-de-concesion-del-metro-de-belo-horizonte-brasil-estructurado-por-el-banco-nacional-de-desarrollo-economico-y-social-bndes-se-espera-que-las-inversiones-alcancen\/\",\"url\":\"https:\/\/mobilitas.lat\/es\/2022\/09\/26\/dado-a-conocer-el-anuncio-publico-de-concesion-del-metro-de-belo-horizonte-brasil-estructurado-por-el-banco-nacional-de-desarrollo-economico-y-social-bndes-se-espera-que-las-inversiones-alcancen\/\",\"name\":\"Dado a conocer el anuncio p\u00fablico de concesi\u00f3n del metro de Belo Horizonte, Brasil, estructurado por el Banco Nacional de Desarrollo Econ\u00f3mico y Social (BNDES). Se espera que las inversiones alcancen los 666,07 millones de d\u00f3lares en 30 a\u00f1os | Mobilitas\",\"isPartOf\":{\"@id\":\"https:\/\/mobilitas.lat\/es\/#website\"},\"primaryImageOfPage\":{\"@id\":\"https:\/\/mobilitas.lat\/es\/2022\/09\/26\/dado-a-conocer-el-anuncio-publico-de-concesion-del-metro-de-belo-horizonte-brasil-estructurado-por-el-banco-nacional-de-desarrollo-economico-y-social-bndes-se-espera-que-las-inversiones-alcancen\/#primaryimage\"},\"image\":{\"@id\":\"https:\/\/mobilitas.lat\/es\/2022\/09\/26\/dado-a-conocer-el-anuncio-publico-de-concesion-del-metro-de-belo-horizonte-brasil-estructurado-por-el-banco-nacional-de-desarrollo-economico-y-social-bndes-se-espera-que-las-inversiones-alcancen\/#primaryimage\"},\"thumbnailUrl\":\"https:\/\/storage.mobilitas.lat\/uploads\/2022\/09\/220922-COMPOSIAACAO-METRO-BH-NA-PLATAFORMA-FOTO-CMBH.jpg\",\"datePublished\":\"2022-09-27T02:00:42+00:00\",\"dateModified\":\"2022-09-27T02:01:06+00:00\",\"breadcrumb\":{\"@id\":\"https:\/\/mobilitas.lat\/es\/2022\/09\/26\/dado-a-conocer-el-anuncio-publico-de-concesion-del-metro-de-belo-horizonte-brasil-estructurado-por-el-banco-nacional-de-desarrollo-economico-y-social-bndes-se-espera-que-las-inversiones-alcancen\/#breadcrumb\"},\"inLanguage\":\"es-ES\",\"potentialAction\":[{\"@type\":\"ReadAction\",\"target\":[\"https:\/\/mobilitas.lat\/es\/2022\/09\/26\/dado-a-conocer-el-anuncio-publico-de-concesion-del-metro-de-belo-horizonte-brasil-estructurado-por-el-banco-nacional-de-desarrollo-economico-y-social-bndes-se-espera-que-las-inversiones-alcancen\/\"]}]},{\"@type\":\"ImageObject\",\"inLanguage\":\"es-ES\",\"@id\":\"https:\/\/mobilitas.lat\/es\/2022\/09\/26\/dado-a-conocer-el-anuncio-publico-de-concesion-del-metro-de-belo-horizonte-brasil-estructurado-por-el-banco-nacional-de-desarrollo-economico-y-social-bndes-se-espera-que-las-inversiones-alcancen\/#primaryimage\",\"url\":\"https:\/\/storage.mobilitas.lat\/uploads\/2022\/09\/220922-COMPOSIAACAO-METRO-BH-NA-PLATAFORMA-FOTO-CMBH.jpg\",\"contentUrl\":\"https:\/\/storage.mobilitas.lat\/uploads\/2022\/09\/220922-COMPOSIAACAO-METRO-BH-NA-PLATAFORMA-FOTO-CMBH.jpg\",\"width\":749,\"height\":400},{\"@type\":\"BreadcrumbList\",\"@id\":\"https:\/\/mobilitas.lat\/es\/2022\/09\/26\/dado-a-conocer-el-anuncio-publico-de-concesion-del-metro-de-belo-horizonte-brasil-estructurado-por-el-banco-nacional-de-desarrollo-economico-y-social-bndes-se-espera-que-las-inversiones-alcancen\/#breadcrumb\",\"itemListElement\":[{\"@type\":\"ListItem\",\"position\":1,\"name\":\"In\u00edcio\",\"item\":\"https:\/\/mobilitas.lat\/es\/\"},{\"@type\":\"ListItem\",\"position\":2,\"name\":\"Dado a conocer el anuncio p\u00fablico de concesi\u00f3n del metro de Belo Horizonte, Brasil, estructurado por el Banco Nacional de Desarrollo Econ\u00f3mico y Social (BNDES). Se espera que las inversiones alcancen los 666,07 millones de d\u00f3lares en 30 a\u00f1os\"}]},{\"@type\":\"WebSite\",\"@id\":\"https:\/\/mobilitas.lat\/es\/#website\",\"url\":\"https:\/\/mobilitas.lat\/es\/\",\"name\":\"Mobilitas\",\"description\":\"Tecnologia e Mobilidade Urbana na Am\u00e9rica Latina\",\"publisher\":{\"@id\":\"https:\/\/mobilitas.lat\/es\/#organization\"},\"potentialAction\":[{\"@type\":\"SearchAction\",\"target\":{\"@type\":\"EntryPoint\",\"urlTemplate\":\"https:\/\/mobilitas.lat\/es\/?s={search_term_string}\"},\"query-input\":{\"@type\":\"PropertyValueSpecification\",\"valueRequired\":true,\"valueName\":\"search_term_string\"}}],\"inLanguage\":\"es-ES\"},{\"@type\":\"Organization\",\"@id\":\"https:\/\/mobilitas.lat\/es\/#organization\",\"name\":\"OTM Editora\",\"url\":\"https:\/\/mobilitas.lat\/es\/\",\"logo\":{\"@type\":\"ImageObject\",\"inLanguage\":\"es-ES\",\"@id\":\"https:\/\/mobilitas.lat\/es\/#\/schema\/logo\/image\/\",\"url\":\"https:\/\/mobilitas.lat\/wp-content\/uploads\/2024\/03\/opengraph.png\",\"contentUrl\":\"https:\/\/mobilitas.lat\/wp-content\/uploads\/2024\/03\/opengraph.png\",\"width\":1200,\"height\":630,\"caption\":\"OTM Editora\"},\"image\":{\"@id\":\"https:\/\/mobilitas.lat\/es\/#\/schema\/logo\/image\/\"}},{\"@type\":\"Person\",\"@id\":\"https:\/\/mobilitas.lat\/es\/#\/schema\/person\/cae0d01ccbe855d1858d146e4c4d582d\",\"name\":\"Alexandre Asquini\",\"image\":{\"@type\":\"ImageObject\",\"inLanguage\":\"es-ES\",\"@id\":\"https:\/\/mobilitas.lat\/es\/#\/schema\/person\/image\/\",\"url\":\"https:\/\/secure.gravatar.com\/avatar\/aac99dbef1420f75cc7d86913eb8a7cdfbe13e2509ad7a45649a61414f6d2785?s=96&d=mm&r=g\",\"contentUrl\":\"https:\/\/secure.gravatar.com\/avatar\/aac99dbef1420f75cc7d86913eb8a7cdfbe13e2509ad7a45649a61414f6d2785?s=96&d=mm&r=g\",\"caption\":\"Alexandre Asquini\"}}]}<\/script>\n<!-- \/ Yoast SEO plugin. -->","yoast_head_json":{"title":"Dado a conocer el anuncio p\u00fablico de concesi\u00f3n del metro de Belo Horizonte, Brasil, estructurado por el Banco Nacional de Desarrollo Econ\u00f3mico y Social (BNDES). Se espera que las inversiones alcancen los 666,07 millones de d\u00f3lares en 30 a\u00f1os | Mobilitas","robots":{"index":"index","follow":"follow","max-snippet":"max-snippet:-1","max-image-preview":"max-image-preview:large","max-video-preview":"max-video-preview:-1"},"canonical":"https:\/\/mobilitas.lat\/es\/2022\/09\/26\/dado-a-conocer-el-anuncio-publico-de-concesion-del-metro-de-belo-horizonte-brasil-estructurado-por-el-banco-nacional-de-desarrollo-economico-y-social-bndes-se-espera-que-las-inversiones-alcancen\/","og_locale":"es_ES","og_type":"article","og_title":"Dado a conocer el anuncio p\u00fablico de concesi\u00f3n del metro de Belo Horizonte, Brasil, estructurado por el Banco Nacional de Desarrollo Econ\u00f3mico y Social (BNDES). Se espera que las inversiones alcancen los 666,07 millones de d\u00f3lares en 30 a\u00f1os | Mobilitas","og_description":"El Banco Nacional de Desarrollo Econ\u00f3mico y Social (BNDES) de Brasil public\u00f3 el viernes, 23 de septiembre de 2022, el aviso p\u00fablico para la concesi\u00f3n del metro en Belo Horizonte, en el Estado de Minas Gerais &#8211; una de las mayores y m\u00e1s importantes ciudades del pa\u00eds. En la actualidad, este sistema es operado por [&hellip;]","og_url":"https:\/\/mobilitas.lat\/es\/2022\/09\/26\/dado-a-conocer-el-anuncio-publico-de-concesion-del-metro-de-belo-horizonte-brasil-estructurado-por-el-banco-nacional-de-desarrollo-economico-y-social-bndes-se-espera-que-las-inversiones-alcancen\/","og_site_name":"Mobilitas","article_published_time":"2022-09-27T02:00:42+00:00","article_modified_time":"2022-09-27T02:01:06+00:00","og_image":[{"width":749,"height":400,"url":"https:\/\/storage.mobilitas.lat\/uploads\/2022\/09\/220922-COMPOSIAACAO-METRO-BH-NA-PLATAFORMA-FOTO-CMBH.jpg","type":"image\/jpeg"}],"author":"Alexandre Asquini","twitter_card":"summary_large_image","twitter_misc":{"Written by":"Alexandre Asquini","Est. reading time":"3 minutes"},"schema":{"@context":"https:\/\/schema.org","@graph":[{"@type":"Article","@id":"https:\/\/mobilitas.lat\/es\/2022\/09\/26\/dado-a-conocer-el-anuncio-publico-de-concesion-del-metro-de-belo-horizonte-brasil-estructurado-por-el-banco-nacional-de-desarrollo-economico-y-social-bndes-se-espera-que-las-inversiones-alcancen\/#article","isPartOf":{"@id":"https:\/\/mobilitas.lat\/es\/2022\/09\/26\/dado-a-conocer-el-anuncio-publico-de-concesion-del-metro-de-belo-horizonte-brasil-estructurado-por-el-banco-nacional-de-desarrollo-economico-y-social-bndes-se-espera-que-las-inversiones-alcancen\/"},"author":{"name":"Alexandre Asquini","@id":"https:\/\/mobilitas.lat\/es\/#\/schema\/person\/cae0d01ccbe855d1858d146e4c4d582d"},"headline":"Dado a conocer el anuncio p\u00fablico de concesi\u00f3n del metro de Belo Horizonte, Brasil, estructurado por el Banco Nacional de Desarrollo Econ\u00f3mico y Social (BNDES). Se espera que las inversiones alcancen los 666,07 millones de d\u00f3lares en 30 a\u00f1os","datePublished":"2022-09-27T02:00:42+00:00","dateModified":"2022-09-27T02:01:06+00:00","mainEntityOfPage":{"@id":"https:\/\/mobilitas.lat\/es\/2022\/09\/26\/dado-a-conocer-el-anuncio-publico-de-concesion-del-metro-de-belo-horizonte-brasil-estructurado-por-el-banco-nacional-de-desarrollo-economico-y-social-bndes-se-espera-que-las-inversiones-alcancen\/"},"wordCount":548,"publisher":{"@id":"https:\/\/mobilitas.lat\/es\/#organization"},"image":{"@id":"https:\/\/mobilitas.lat\/es\/2022\/09\/26\/dado-a-conocer-el-anuncio-publico-de-concesion-del-metro-de-belo-horizonte-brasil-estructurado-por-el-banco-nacional-de-desarrollo-economico-y-social-bndes-se-espera-que-las-inversiones-alcancen\/#primaryimage"},"thumbnailUrl":"https:\/\/storage.mobilitas.lat\/uploads\/2022\/09\/220922-COMPOSIAACAO-METRO-BH-NA-PLATAFORMA-FOTO-CMBH.jpg","keywords":["CBTU","METRO BH","MOVILIDAD"],"articleSection":["Notas"],"inLanguage":"es-ES"},{"@type":"WebPage","@id":"https:\/\/mobilitas.lat\/es\/2022\/09\/26\/dado-a-conocer-el-anuncio-publico-de-concesion-del-metro-de-belo-horizonte-brasil-estructurado-por-el-banco-nacional-de-desarrollo-economico-y-social-bndes-se-espera-que-las-inversiones-alcancen\/","url":"https:\/\/mobilitas.lat\/es\/2022\/09\/26\/dado-a-conocer-el-anuncio-publico-de-concesion-del-metro-de-belo-horizonte-brasil-estructurado-por-el-banco-nacional-de-desarrollo-economico-y-social-bndes-se-espera-que-las-inversiones-alcancen\/","name":"Dado a conocer el anuncio p\u00fablico de concesi\u00f3n del metro de Belo Horizonte, Brasil, estructurado por el Banco Nacional de Desarrollo Econ\u00f3mico y Social (BNDES). Se espera que las inversiones alcancen los 666,07 millones de d\u00f3lares en 30 a\u00f1os | Mobilitas","isPartOf":{"@id":"https:\/\/mobilitas.lat\/es\/#website"},"primaryImageOfPage":{"@id":"https:\/\/mobilitas.lat\/es\/2022\/09\/26\/dado-a-conocer-el-anuncio-publico-de-concesion-del-metro-de-belo-horizonte-brasil-estructurado-por-el-banco-nacional-de-desarrollo-economico-y-social-bndes-se-espera-que-las-inversiones-alcancen\/#primaryimage"},"image":{"@id":"https:\/\/mobilitas.lat\/es\/2022\/09\/26\/dado-a-conocer-el-anuncio-publico-de-concesion-del-metro-de-belo-horizonte-brasil-estructurado-por-el-banco-nacional-de-desarrollo-economico-y-social-bndes-se-espera-que-las-inversiones-alcancen\/#primaryimage"},"thumbnailUrl":"https:\/\/storage.mobilitas.lat\/uploads\/2022\/09\/220922-COMPOSIAACAO-METRO-BH-NA-PLATAFORMA-FOTO-CMBH.jpg","datePublished":"2022-09-27T02:00:42+00:00","dateModified":"2022-09-27T02:01:06+00:00","breadcrumb":{"@id":"https:\/\/mobilitas.lat\/es\/2022\/09\/26\/dado-a-conocer-el-anuncio-publico-de-concesion-del-metro-de-belo-horizonte-brasil-estructurado-por-el-banco-nacional-de-desarrollo-economico-y-social-bndes-se-espera-que-las-inversiones-alcancen\/#breadcrumb"},"inLanguage":"es-ES","potentialAction":[{"@type":"ReadAction","target":["https:\/\/mobilitas.lat\/es\/2022\/09\/26\/dado-a-conocer-el-anuncio-publico-de-concesion-del-metro-de-belo-horizonte-brasil-estructurado-por-el-banco-nacional-de-desarrollo-economico-y-social-bndes-se-espera-que-las-inversiones-alcancen\/"]}]},{"@type":"ImageObject","inLanguage":"es-ES","@id":"https:\/\/mobilitas.lat\/es\/2022\/09\/26\/dado-a-conocer-el-anuncio-publico-de-concesion-del-metro-de-belo-horizonte-brasil-estructurado-por-el-banco-nacional-de-desarrollo-economico-y-social-bndes-se-espera-que-las-inversiones-alcancen\/#primaryimage","url":"https:\/\/storage.mobilitas.lat\/uploads\/2022\/09\/220922-COMPOSIAACAO-METRO-BH-NA-PLATAFORMA-FOTO-CMBH.jpg","contentUrl":"https:\/\/storage.mobilitas.lat\/uploads\/2022\/09\/220922-COMPOSIAACAO-METRO-BH-NA-PLATAFORMA-FOTO-CMBH.jpg","width":749,"height":400},{"@type":"BreadcrumbList","@id":"https:\/\/mobilitas.lat\/es\/2022\/09\/26\/dado-a-conocer-el-anuncio-publico-de-concesion-del-metro-de-belo-horizonte-brasil-estructurado-por-el-banco-nacional-de-desarrollo-economico-y-social-bndes-se-espera-que-las-inversiones-alcancen\/#breadcrumb","itemListElement":[{"@type":"ListItem","position":1,"name":"In\u00edcio","item":"https:\/\/mobilitas.lat\/es\/"},{"@type":"ListItem","position":2,"name":"Dado a conocer el anuncio p\u00fablico de concesi\u00f3n del metro de Belo Horizonte, Brasil, estructurado por el Banco Nacional de Desarrollo Econ\u00f3mico y Social (BNDES). Se espera que las inversiones alcancen los 666,07 millones de d\u00f3lares en 30 a\u00f1os"}]},{"@type":"WebSite","@id":"https:\/\/mobilitas.lat\/es\/#website","url":"https:\/\/mobilitas.lat\/es\/","name":"Mobilitas","description":"Tecnologia e Mobilidade Urbana na Am\u00e9rica Latina","publisher":{"@id":"https:\/\/mobilitas.lat\/es\/#organization"},"potentialAction":[{"@type":"SearchAction","target":{"@type":"EntryPoint","urlTemplate":"https:\/\/mobilitas.lat\/es\/?s={search_term_string}"},"query-input":{"@type":"PropertyValueSpecification","valueRequired":true,"valueName":"search_term_string"}}],"inLanguage":"es-ES"},{"@type":"Organization","@id":"https:\/\/mobilitas.lat\/es\/#organization","name":"OTM Editora","url":"https:\/\/mobilitas.lat\/es\/","logo":{"@type":"ImageObject","inLanguage":"es-ES","@id":"https:\/\/mobilitas.lat\/es\/#\/schema\/logo\/image\/","url":"https:\/\/mobilitas.lat\/wp-content\/uploads\/2024\/03\/opengraph.png","contentUrl":"https:\/\/mobilitas.lat\/wp-content\/uploads\/2024\/03\/opengraph.png","width":1200,"height":630,"caption":"OTM Editora"},"image":{"@id":"https:\/\/mobilitas.lat\/es\/#\/schema\/logo\/image\/"}},{"@type":"Person","@id":"https:\/\/mobilitas.lat\/es\/#\/schema\/person\/cae0d01ccbe855d1858d146e4c4d582d","name":"Alexandre Asquini","image":{"@type":"ImageObject","inLanguage":"es-ES","@id":"https:\/\/mobilitas.lat\/es\/#\/schema\/person\/image\/","url":"https:\/\/secure.gravatar.com\/avatar\/aac99dbef1420f75cc7d86913eb8a7cdfbe13e2509ad7a45649a61414f6d2785?s=96&d=mm&r=g","contentUrl":"https:\/\/secure.gravatar.com\/avatar\/aac99dbef1420f75cc7d86913eb8a7cdfbe13e2509ad7a45649a61414f6d2785?s=96&d=mm&r=g","caption":"Alexandre Asquini"}}]}},"_links":{"self":[{"href":"https:\/\/mobilitas.lat\/es\/wp-json\/wp\/v2\/posts\/15224","targetHints":{"allow":["GET"]}}],"collection":[{"href":"https:\/\/mobilitas.lat\/es\/wp-json\/wp\/v2\/posts"}],"about":[{"href":"https:\/\/mobilitas.lat\/es\/wp-json\/wp\/v2\/types\/post"}],"author":[{"embeddable":true,"href":"https:\/\/mobilitas.lat\/es\/wp-json\/wp\/v2\/users\/2"}],"replies":[{"embeddable":true,"href":"https:\/\/mobilitas.lat\/es\/wp-json\/wp\/v2\/comments?post=15224"}],"version-history":[{"count":2,"href":"https:\/\/mobilitas.lat\/es\/wp-json\/wp\/v2\/posts\/15224\/revisions"}],"predecessor-version":[{"id":15226,"href":"https:\/\/mobilitas.lat\/es\/wp-json\/wp\/v2\/posts\/15224\/revisions\/15226"}],"wp:featuredmedia":[{"embeddable":true,"href":"https:\/\/mobilitas.lat\/es\/wp-json\/wp\/v2\/media\/15221"}],"wp:attachment":[{"href":"https:\/\/mobilitas.lat\/es\/wp-json\/wp\/v2\/media?parent=15224"}],"wp:term":[{"taxonomy":"category","embeddable":true,"href":"https:\/\/mobilitas.lat\/es\/wp-json\/wp\/v2\/categories?post=15224"},{"taxonomy":"post_tag","embeddable":true,"href":"https:\/\/mobilitas.lat\/es\/wp-json\/wp\/v2\/tags?post=15224"}],"curies":[{"name":"wp","href":"https:\/\/api.w.org\/{rel}","templated":true}]}}