{"id":14231,"date":"2022-06-21T14:50:39","date_gmt":"2022-06-21T17:50:39","guid":{"rendered":"https:\/\/mobilitas.lat\/?p=14231"},"modified":"2022-06-21T14:51:41","modified_gmt":"2022-06-21T17:51:41","slug":"metrobus-17-anos","status":"publish","type":"post","link":"https:\/\/mobilitas.lat\/es\/2022\/06\/21\/metrobus-17-anos\/","title":{"rendered":"Metrob\u00fas, 17 a\u00f1os"},"content":{"rendered":"\n<figure class=\"wp-block-image size-large\"><img loading=\"lazy\" decoding=\"async\" width=\"858\" height=\"394\" src=\"https:\/\/storage.mobilitas.lat\/uploads\/2022\/06\/MOBILITAS-METROBUS-CDMX-FOTO-DE-ONIBUS-NO-PONTO-MELHOR-AINDA.jpg\" alt=\"\" class=\"wp-image-14228\" srcset=\"https:\/\/storage.mobilitas.lat\/uploads\/2022\/06\/MOBILITAS-METROBUS-CDMX-FOTO-DE-ONIBUS-NO-PONTO-MELHOR-AINDA.jpg 858w, https:\/\/storage.mobilitas.lat\/uploads\/2022\/06\/MOBILITAS-METROBUS-CDMX-FOTO-DE-ONIBUS-NO-PONTO-MELHOR-AINDA-300x138.jpg 300w, https:\/\/storage.mobilitas.lat\/uploads\/2022\/06\/MOBILITAS-METROBUS-CDMX-FOTO-DE-ONIBUS-NO-PONTO-MELHOR-AINDA-768x353.jpg 768w\" sizes=\"auto, (max-width: 858px) 100vw, 858px\" \/><\/figure>\n\n\n\n<p>El 19 de junio de 2022 el sistema Metrob\u00fas de la Ciudad de M\u00e9xico cumpli\u00f3 17 a\u00f1os de operaci\u00f3n.<\/p>\n\n\n\n<p>El gobierno capitalino remarca que los 20 kil\u00f3metros iniciales en su primera l\u00ednea se han ampliado a 148 kil\u00f3metros de ruta, m\u00e1s 15 kil\u00f3metros de la ruta emergente de Tl\u00e1huac, lo que equivale a viajar de la capital de M\u00e9xico a la ciudad de Puebla.<\/p>\n\n\n\n<p>Desde 2019, se han ampliado las l\u00edneas 3, 4 y 5, se reconstruy\u00f3 el carril para la l\u00ednea 2 y se han incorporado 10 autobuses el\u00e9ctricos para la l\u00ednea 3. Las l\u00edneas 1, 2, 3 y 4 operan con tecnolog\u00eda de pago electr\u00f3nico y \u201csin contacto\u201d.<\/p>\n\n\n\n<p>Se integraron 228 unidades con puertas corredizas, que evitan golpes y dan m\u00e1s espacio en unidades.<\/p>\n\n\n\n<p>La flota del Metrob\u00fas cuenta con 806 unidades, entre las que se encuentran 10 autobuses el\u00e9ctricos \u201ccero emisiones\u201d y recibe, en promedio, a 1.45 millones de pasajeros al d\u00eda, siendo la L\u00ednea 1 la de mayor demanda, con un promedio de 401 mil pasajeros por d\u00eda.<\/p>\n\n\n\n<p>En este sentido, los m\u00e1s de 30 millones de pasajeros a la semana que transporta el organismo equivalen a tres veces la cantidad de habitantes de la capital, que son poco m\u00e1s de 9 millones de personas, de acuerdo al \u00faltimo censo realizado por el Instituto Nacional de Estad\u00edstica y Geograf\u00eda (INEGI) de 2020.<\/p>\n\n\n\n<p class=\"has-light-green-cyan-background-color has-background\" style=\"font-size:26px\"><strong>Bien calificado<\/strong><\/p>\n\n\n\n<p>Un d\u00eda antes de Metrob\u00fas cumplir 17 a\u00f1os, la empresa emiti\u00f3 un informe respecto la m\u00e1s reciente encuesta efectuada para conocer la percepci\u00f3n sobre la calidad en el servicio, datada de 2021.<\/p>\n\n\n\n<p>Seg\u00fan esa encuesta, el 91.56 por ciento de los usuarios consideran que la calidad de servicio que ofrece el organismo es \u201cexcelente\u201d.<\/p>\n\n\n\n<p>El informe resalta que en los primeros 6 a\u00f1os en que se realiz\u00f3 esta evaluaci\u00f3n, el promedio de usuarios que calificaron el servicio como \u201cexcelente\u201d no super\u00f3 el 70 por ciento, sin embargo, del 2019 al 2021 este rubro aument\u00f3 un 20 por ciento<\/p>\n\n\n\n<p>La administraci\u00f3n de Metrob\u00fas pondera que el cambio en el modo como los usuarios conciben el sistema coincide con las ampliaciones de las l\u00edneas 3 y 5, as\u00ed como con la implementaci\u00f3n de operativos de seguridad y la inclusi\u00f3n de nuevas tecnolog\u00edas para recibir pagos.<\/p>\n\n\n\n<p>La encuesta, que se ejecuta desde el 2013, permite no solo determinar la calidad en el sistema Metrob\u00fas, tambi\u00e9n aporta informaci\u00f3n relevante necesaria para modificar y mejorar procesos operativos, e incluso suspender o desarrollar nuevas acciones, con la finalidad de ofrecer un transporte p\u00fablico de primer nivel.<\/p>\n\n\n\n<p>En 2021, se aplic\u00f3 la encuesta a 4 mil 922 hombres, 3 mil 23 mujeres y a 119 personas descritas como \u201cde g\u00e9nero no binario\u201d, y tambi\u00e9n incluy\u00f3 a 830 personas con alg\u00fan tipo de discapacidad, y abarca a usuarios y usuarias de todas las l\u00edneas de Metrob\u00fas.<\/p>\n\n\n\n<p><strong>PUNTOS<\/strong><\/p>\n\n\n\n<p>Entre los datos recopilados se puede destacar que, de las 8 mil 64 personas encuestadas, el 80 por ciento (poco m\u00e1s de 6 mil usuarios) utilizan alguna l\u00ednea para llegar a sus lugares de trabajo, seguido de un 9.5 por ciento de personas que usan este medio para ir a alguna zona de entretenimiento y un 9.2 por ciento de personas que ocupan Metrob\u00fas para llegar a centros de estudios.<\/p>\n\n\n\n<p>Al respecto, es necesario se\u00f1alar que el 87 por ciento de las personas consultadas no cuentan con veh\u00edculo propio.<\/p>\n\n\n\n<p>En cuanto a situaciones relacionadas con infraestructura, servicios o unidades, la m\u00e1s com\u00fan es la referente a problemas de recarga o cobros con las tarjetas, sin embargo, la evaluaci\u00f3n de 2021 revela que durante el \u00faltimo mes solo el 19 por ciento de los encuestados ha tenido problemas con su tarjeta de Movilidad Integrada.<\/p>\n\n\n\n<p>En cuanto a la relaci\u00f3n calidad &#8211; precio del servicio, el 61 por ciento considera que el precio es aceptable, 23 por ciento considera que es barato y 6 por ciento considera que es caro; en cuanto a integridad f\u00edsica y moral, el 71 por ciento de las personas encuestadas se sienten seguras en el Metrob\u00fas; y finalmente, el 89 por ciento est\u00e1 de acuerdo con los espacios exclusivos para mujeres, ni\u00f1as y ni\u00f1os y personas con discapacidad.<\/p>\n","protected":false},"excerpt":{"rendered":"<p>El 19 de junio de 2022 el sistema Metrob\u00fas de la Ciudad de M\u00e9xico cumpli\u00f3 17 a\u00f1os de operaci\u00f3n. El gobierno capitalino remarca que los 20 kil\u00f3metros iniciales en su primera l\u00ednea se han ampliado a 148 kil\u00f3metros de ruta, m\u00e1s 15 kil\u00f3metros de la ruta emergente de Tl\u00e1huac, lo que equivale a viajar de [&hellip;]<\/p>\n","protected":false},"author":2,"featured_media":14228,"comment_status":"closed","ping_status":"closed","sticky":false,"template":"","format":"standard","meta":{"footnotes":""},"categories":[287],"tags":[775,1832],"class_list":["post-14231","post","type-post","status-publish","format-standard","has-post-thumbnail","hentry","category-notas","tag-destaque","tag-metrobus-cdmx"],"yoast_head":"<!-- This site is optimized with the Yoast SEO plugin v26.9 - https:\/\/yoast.com\/product\/yoast-seo-wordpress\/ -->\n<title>Metrob\u00fas, 17 a\u00f1os | Mobilitas<\/title>\n<meta name=\"robots\" content=\"index, follow, max-snippet:-1, max-image-preview:large, max-video-preview:-1\" \/>\n<link rel=\"canonical\" href=\"https:\/\/mobilitas.lat\/es\/2022\/06\/21\/metrobus-17-anos\/\" \/>\n<meta property=\"og:locale\" content=\"es_ES\" \/>\n<meta property=\"og:type\" content=\"article\" \/>\n<meta property=\"og:title\" content=\"Metrob\u00fas, 17 a\u00f1os | Mobilitas\" \/>\n<meta property=\"og:description\" content=\"El 19 de junio de 2022 el sistema Metrob\u00fas de la Ciudad de M\u00e9xico cumpli\u00f3 17 a\u00f1os de operaci\u00f3n. El gobierno capitalino remarca que los 20 kil\u00f3metros iniciales en su primera l\u00ednea se han ampliado a 148 kil\u00f3metros de ruta, m\u00e1s 15 kil\u00f3metros de la ruta emergente de Tl\u00e1huac, lo que equivale a viajar de [&hellip;]\" \/>\n<meta property=\"og:url\" content=\"https:\/\/mobilitas.lat\/es\/2022\/06\/21\/metrobus-17-anos\/\" \/>\n<meta property=\"og:site_name\" content=\"Mobilitas\" \/>\n<meta property=\"article:published_time\" content=\"2022-06-21T17:50:39+00:00\" \/>\n<meta property=\"article:modified_time\" content=\"2022-06-21T17:51:41+00:00\" \/>\n<meta property=\"og:image\" content=\"https:\/\/storage.mobilitas.lat\/uploads\/2022\/06\/MOBILITAS-METROBUS-CDMX-FOTO-DE-ONIBUS-NO-PONTO-MELHOR-AINDA.jpg\" \/>\n\t<meta property=\"og:image:width\" content=\"858\" \/>\n\t<meta property=\"og:image:height\" content=\"394\" \/>\n\t<meta property=\"og:image:type\" content=\"image\/jpeg\" \/>\n<meta name=\"author\" content=\"Alexandre Asquini\" \/>\n<meta name=\"twitter:card\" content=\"summary_large_image\" \/>\n<meta name=\"twitter:label1\" content=\"Written by\" \/>\n\t<meta name=\"twitter:data1\" content=\"Alexandre Asquini\" \/>\n\t<meta name=\"twitter:label2\" content=\"Est. reading time\" \/>\n\t<meta name=\"twitter:data2\" content=\"3 minutes\" \/>\n<script type=\"application\/ld+json\" class=\"yoast-schema-graph\">{\"@context\":\"https:\/\/schema.org\",\"@graph\":[{\"@type\":\"Article\",\"@id\":\"https:\/\/mobilitas.lat\/es\/2022\/06\/21\/metrobus-17-anos\/#article\",\"isPartOf\":{\"@id\":\"https:\/\/mobilitas.lat\/es\/2022\/06\/21\/metrobus-17-anos\/\"},\"author\":{\"name\":\"Alexandre Asquini\",\"@id\":\"https:\/\/mobilitas.lat\/es\/#\/schema\/person\/cae0d01ccbe855d1858d146e4c4d582d\"},\"headline\":\"Metrob\u00fas, 17 a\u00f1os\",\"datePublished\":\"2022-06-21T17:50:39+00:00\",\"dateModified\":\"2022-06-21T17:51:41+00:00\",\"mainEntityOfPage\":{\"@id\":\"https:\/\/mobilitas.lat\/es\/2022\/06\/21\/metrobus-17-anos\/\"},\"wordCount\":698,\"publisher\":{\"@id\":\"https:\/\/mobilitas.lat\/es\/#organization\"},\"image\":{\"@id\":\"https:\/\/mobilitas.lat\/es\/2022\/06\/21\/metrobus-17-anos\/#primaryimage\"},\"thumbnailUrl\":\"https:\/\/storage.mobilitas.lat\/uploads\/2022\/06\/MOBILITAS-METROBUS-CDMX-FOTO-DE-ONIBUS-NO-PONTO-MELHOR-AINDA.jpg\",\"keywords\":[\"destaque\",\"METROB\u00daS CDMX\"],\"articleSection\":[\"Notas\"],\"inLanguage\":\"es-ES\"},{\"@type\":\"WebPage\",\"@id\":\"https:\/\/mobilitas.lat\/es\/2022\/06\/21\/metrobus-17-anos\/\",\"url\":\"https:\/\/mobilitas.lat\/es\/2022\/06\/21\/metrobus-17-anos\/\",\"name\":\"Metrob\u00fas, 17 a\u00f1os | Mobilitas\",\"isPartOf\":{\"@id\":\"https:\/\/mobilitas.lat\/es\/#website\"},\"primaryImageOfPage\":{\"@id\":\"https:\/\/mobilitas.lat\/es\/2022\/06\/21\/metrobus-17-anos\/#primaryimage\"},\"image\":{\"@id\":\"https:\/\/mobilitas.lat\/es\/2022\/06\/21\/metrobus-17-anos\/#primaryimage\"},\"thumbnailUrl\":\"https:\/\/storage.mobilitas.lat\/uploads\/2022\/06\/MOBILITAS-METROBUS-CDMX-FOTO-DE-ONIBUS-NO-PONTO-MELHOR-AINDA.jpg\",\"datePublished\":\"2022-06-21T17:50:39+00:00\",\"dateModified\":\"2022-06-21T17:51:41+00:00\",\"breadcrumb\":{\"@id\":\"https:\/\/mobilitas.lat\/es\/2022\/06\/21\/metrobus-17-anos\/#breadcrumb\"},\"inLanguage\":\"es-ES\",\"potentialAction\":[{\"@type\":\"ReadAction\",\"target\":[\"https:\/\/mobilitas.lat\/es\/2022\/06\/21\/metrobus-17-anos\/\"]}]},{\"@type\":\"ImageObject\",\"inLanguage\":\"es-ES\",\"@id\":\"https:\/\/mobilitas.lat\/es\/2022\/06\/21\/metrobus-17-anos\/#primaryimage\",\"url\":\"https:\/\/storage.mobilitas.lat\/uploads\/2022\/06\/MOBILITAS-METROBUS-CDMX-FOTO-DE-ONIBUS-NO-PONTO-MELHOR-AINDA.jpg\",\"contentUrl\":\"https:\/\/storage.mobilitas.lat\/uploads\/2022\/06\/MOBILITAS-METROBUS-CDMX-FOTO-DE-ONIBUS-NO-PONTO-MELHOR-AINDA.jpg\",\"width\":858,\"height\":394},{\"@type\":\"BreadcrumbList\",\"@id\":\"https:\/\/mobilitas.lat\/es\/2022\/06\/21\/metrobus-17-anos\/#breadcrumb\",\"itemListElement\":[{\"@type\":\"ListItem\",\"position\":1,\"name\":\"In\u00edcio\",\"item\":\"https:\/\/mobilitas.lat\/es\/\"},{\"@type\":\"ListItem\",\"position\":2,\"name\":\"Metrob\u00fas, 17 a\u00f1os\"}]},{\"@type\":\"WebSite\",\"@id\":\"https:\/\/mobilitas.lat\/es\/#website\",\"url\":\"https:\/\/mobilitas.lat\/es\/\",\"name\":\"Mobilitas\",\"description\":\"Tecnologia e Mobilidade Urbana na Am\u00e9rica Latina\",\"publisher\":{\"@id\":\"https:\/\/mobilitas.lat\/es\/#organization\"},\"potentialAction\":[{\"@type\":\"SearchAction\",\"target\":{\"@type\":\"EntryPoint\",\"urlTemplate\":\"https:\/\/mobilitas.lat\/es\/?s={search_term_string}\"},\"query-input\":{\"@type\":\"PropertyValueSpecification\",\"valueRequired\":true,\"valueName\":\"search_term_string\"}}],\"inLanguage\":\"es-ES\"},{\"@type\":\"Organization\",\"@id\":\"https:\/\/mobilitas.lat\/es\/#organization\",\"name\":\"OTM Editora\",\"url\":\"https:\/\/mobilitas.lat\/es\/\",\"logo\":{\"@type\":\"ImageObject\",\"inLanguage\":\"es-ES\",\"@id\":\"https:\/\/mobilitas.lat\/es\/#\/schema\/logo\/image\/\",\"url\":\"https:\/\/mobilitas.lat\/wp-content\/uploads\/2024\/03\/opengraph.png\",\"contentUrl\":\"https:\/\/mobilitas.lat\/wp-content\/uploads\/2024\/03\/opengraph.png\",\"width\":1200,\"height\":630,\"caption\":\"OTM Editora\"},\"image\":{\"@id\":\"https:\/\/mobilitas.lat\/es\/#\/schema\/logo\/image\/\"}},{\"@type\":\"Person\",\"@id\":\"https:\/\/mobilitas.lat\/es\/#\/schema\/person\/cae0d01ccbe855d1858d146e4c4d582d\",\"name\":\"Alexandre Asquini\",\"image\":{\"@type\":\"ImageObject\",\"inLanguage\":\"es-ES\",\"@id\":\"https:\/\/mobilitas.lat\/es\/#\/schema\/person\/image\/\",\"url\":\"https:\/\/secure.gravatar.com\/avatar\/aac99dbef1420f75cc7d86913eb8a7cdfbe13e2509ad7a45649a61414f6d2785?s=96&d=mm&r=g\",\"contentUrl\":\"https:\/\/secure.gravatar.com\/avatar\/aac99dbef1420f75cc7d86913eb8a7cdfbe13e2509ad7a45649a61414f6d2785?s=96&d=mm&r=g\",\"caption\":\"Alexandre Asquini\"}}]}<\/script>\n<!-- \/ Yoast SEO plugin. -->","yoast_head_json":{"title":"Metrob\u00fas, 17 a\u00f1os | Mobilitas","robots":{"index":"index","follow":"follow","max-snippet":"max-snippet:-1","max-image-preview":"max-image-preview:large","max-video-preview":"max-video-preview:-1"},"canonical":"https:\/\/mobilitas.lat\/es\/2022\/06\/21\/metrobus-17-anos\/","og_locale":"es_ES","og_type":"article","og_title":"Metrob\u00fas, 17 a\u00f1os | Mobilitas","og_description":"El 19 de junio de 2022 el sistema Metrob\u00fas de la Ciudad de M\u00e9xico cumpli\u00f3 17 a\u00f1os de operaci\u00f3n. El gobierno capitalino remarca que los 20 kil\u00f3metros iniciales en su primera l\u00ednea se han ampliado a 148 kil\u00f3metros de ruta, m\u00e1s 15 kil\u00f3metros de la ruta emergente de Tl\u00e1huac, lo que equivale a viajar de [&hellip;]","og_url":"https:\/\/mobilitas.lat\/es\/2022\/06\/21\/metrobus-17-anos\/","og_site_name":"Mobilitas","article_published_time":"2022-06-21T17:50:39+00:00","article_modified_time":"2022-06-21T17:51:41+00:00","og_image":[{"width":858,"height":394,"url":"https:\/\/storage.mobilitas.lat\/uploads\/2022\/06\/MOBILITAS-METROBUS-CDMX-FOTO-DE-ONIBUS-NO-PONTO-MELHOR-AINDA.jpg","type":"image\/jpeg"}],"author":"Alexandre Asquini","twitter_card":"summary_large_image","twitter_misc":{"Written by":"Alexandre Asquini","Est. reading time":"3 minutes"},"schema":{"@context":"https:\/\/schema.org","@graph":[{"@type":"Article","@id":"https:\/\/mobilitas.lat\/es\/2022\/06\/21\/metrobus-17-anos\/#article","isPartOf":{"@id":"https:\/\/mobilitas.lat\/es\/2022\/06\/21\/metrobus-17-anos\/"},"author":{"name":"Alexandre Asquini","@id":"https:\/\/mobilitas.lat\/es\/#\/schema\/person\/cae0d01ccbe855d1858d146e4c4d582d"},"headline":"Metrob\u00fas, 17 a\u00f1os","datePublished":"2022-06-21T17:50:39+00:00","dateModified":"2022-06-21T17:51:41+00:00","mainEntityOfPage":{"@id":"https:\/\/mobilitas.lat\/es\/2022\/06\/21\/metrobus-17-anos\/"},"wordCount":698,"publisher":{"@id":"https:\/\/mobilitas.lat\/es\/#organization"},"image":{"@id":"https:\/\/mobilitas.lat\/es\/2022\/06\/21\/metrobus-17-anos\/#primaryimage"},"thumbnailUrl":"https:\/\/storage.mobilitas.lat\/uploads\/2022\/06\/MOBILITAS-METROBUS-CDMX-FOTO-DE-ONIBUS-NO-PONTO-MELHOR-AINDA.jpg","keywords":["destaque","METROB\u00daS CDMX"],"articleSection":["Notas"],"inLanguage":"es-ES"},{"@type":"WebPage","@id":"https:\/\/mobilitas.lat\/es\/2022\/06\/21\/metrobus-17-anos\/","url":"https:\/\/mobilitas.lat\/es\/2022\/06\/21\/metrobus-17-anos\/","name":"Metrob\u00fas, 17 a\u00f1os | Mobilitas","isPartOf":{"@id":"https:\/\/mobilitas.lat\/es\/#website"},"primaryImageOfPage":{"@id":"https:\/\/mobilitas.lat\/es\/2022\/06\/21\/metrobus-17-anos\/#primaryimage"},"image":{"@id":"https:\/\/mobilitas.lat\/es\/2022\/06\/21\/metrobus-17-anos\/#primaryimage"},"thumbnailUrl":"https:\/\/storage.mobilitas.lat\/uploads\/2022\/06\/MOBILITAS-METROBUS-CDMX-FOTO-DE-ONIBUS-NO-PONTO-MELHOR-AINDA.jpg","datePublished":"2022-06-21T17:50:39+00:00","dateModified":"2022-06-21T17:51:41+00:00","breadcrumb":{"@id":"https:\/\/mobilitas.lat\/es\/2022\/06\/21\/metrobus-17-anos\/#breadcrumb"},"inLanguage":"es-ES","potentialAction":[{"@type":"ReadAction","target":["https:\/\/mobilitas.lat\/es\/2022\/06\/21\/metrobus-17-anos\/"]}]},{"@type":"ImageObject","inLanguage":"es-ES","@id":"https:\/\/mobilitas.lat\/es\/2022\/06\/21\/metrobus-17-anos\/#primaryimage","url":"https:\/\/storage.mobilitas.lat\/uploads\/2022\/06\/MOBILITAS-METROBUS-CDMX-FOTO-DE-ONIBUS-NO-PONTO-MELHOR-AINDA.jpg","contentUrl":"https:\/\/storage.mobilitas.lat\/uploads\/2022\/06\/MOBILITAS-METROBUS-CDMX-FOTO-DE-ONIBUS-NO-PONTO-MELHOR-AINDA.jpg","width":858,"height":394},{"@type":"BreadcrumbList","@id":"https:\/\/mobilitas.lat\/es\/2022\/06\/21\/metrobus-17-anos\/#breadcrumb","itemListElement":[{"@type":"ListItem","position":1,"name":"In\u00edcio","item":"https:\/\/mobilitas.lat\/es\/"},{"@type":"ListItem","position":2,"name":"Metrob\u00fas, 17 a\u00f1os"}]},{"@type":"WebSite","@id":"https:\/\/mobilitas.lat\/es\/#website","url":"https:\/\/mobilitas.lat\/es\/","name":"Mobilitas","description":"Tecnologia e Mobilidade Urbana na Am\u00e9rica Latina","publisher":{"@id":"https:\/\/mobilitas.lat\/es\/#organization"},"potentialAction":[{"@type":"SearchAction","target":{"@type":"EntryPoint","urlTemplate":"https:\/\/mobilitas.lat\/es\/?s={search_term_string}"},"query-input":{"@type":"PropertyValueSpecification","valueRequired":true,"valueName":"search_term_string"}}],"inLanguage":"es-ES"},{"@type":"Organization","@id":"https:\/\/mobilitas.lat\/es\/#organization","name":"OTM Editora","url":"https:\/\/mobilitas.lat\/es\/","logo":{"@type":"ImageObject","inLanguage":"es-ES","@id":"https:\/\/mobilitas.lat\/es\/#\/schema\/logo\/image\/","url":"https:\/\/mobilitas.lat\/wp-content\/uploads\/2024\/03\/opengraph.png","contentUrl":"https:\/\/mobilitas.lat\/wp-content\/uploads\/2024\/03\/opengraph.png","width":1200,"height":630,"caption":"OTM Editora"},"image":{"@id":"https:\/\/mobilitas.lat\/es\/#\/schema\/logo\/image\/"}},{"@type":"Person","@id":"https:\/\/mobilitas.lat\/es\/#\/schema\/person\/cae0d01ccbe855d1858d146e4c4d582d","name":"Alexandre Asquini","image":{"@type":"ImageObject","inLanguage":"es-ES","@id":"https:\/\/mobilitas.lat\/es\/#\/schema\/person\/image\/","url":"https:\/\/secure.gravatar.com\/avatar\/aac99dbef1420f75cc7d86913eb8a7cdfbe13e2509ad7a45649a61414f6d2785?s=96&d=mm&r=g","contentUrl":"https:\/\/secure.gravatar.com\/avatar\/aac99dbef1420f75cc7d86913eb8a7cdfbe13e2509ad7a45649a61414f6d2785?s=96&d=mm&r=g","caption":"Alexandre Asquini"}}]}},"_links":{"self":[{"href":"https:\/\/mobilitas.lat\/es\/wp-json\/wp\/v2\/posts\/14231","targetHints":{"allow":["GET"]}}],"collection":[{"href":"https:\/\/mobilitas.lat\/es\/wp-json\/wp\/v2\/posts"}],"about":[{"href":"https:\/\/mobilitas.lat\/es\/wp-json\/wp\/v2\/types\/post"}],"author":[{"embeddable":true,"href":"https:\/\/mobilitas.lat\/es\/wp-json\/wp\/v2\/users\/2"}],"replies":[{"embeddable":true,"href":"https:\/\/mobilitas.lat\/es\/wp-json\/wp\/v2\/comments?post=14231"}],"version-history":[{"count":5,"href":"https:\/\/mobilitas.lat\/es\/wp-json\/wp\/v2\/posts\/14231\/revisions"}],"predecessor-version":[{"id":14238,"href":"https:\/\/mobilitas.lat\/es\/wp-json\/wp\/v2\/posts\/14231\/revisions\/14238"}],"wp:featuredmedia":[{"embeddable":true,"href":"https:\/\/mobilitas.lat\/es\/wp-json\/wp\/v2\/media\/14228"}],"wp:attachment":[{"href":"https:\/\/mobilitas.lat\/es\/wp-json\/wp\/v2\/media?parent=14231"}],"wp:term":[{"taxonomy":"category","embeddable":true,"href":"https:\/\/mobilitas.lat\/es\/wp-json\/wp\/v2\/categories?post=14231"},{"taxonomy":"post_tag","embeddable":true,"href":"https:\/\/mobilitas.lat\/es\/wp-json\/wp\/v2\/tags?post=14231"}],"curies":[{"name":"wp","href":"https:\/\/api.w.org\/{rel}","templated":true}]}}