{"id":13311,"date":"2022-03-02T15:33:19","date_gmt":"2022-03-02T18:33:19","guid":{"rendered":"https:\/\/mobilitas.lat\/?p=13311"},"modified":"2022-03-02T15:33:22","modified_gmt":"2022-03-02T18:33:22","slug":"bus-electrico-volvo-inicia-periodo-de-prueba-en-chile","status":"publish","type":"post","link":"https:\/\/mobilitas.lat\/es\/2022\/03\/02\/bus-electrico-volvo-inicia-periodo-de-prueba-en-chile\/","title":{"rendered":"Bus el\u00e9ctrico Volvo inicia per\u00edodo de prueba en Chile"},"content":{"rendered":"\n<figure class=\"wp-block-image size-large is-style-default\"><img loading=\"lazy\" decoding=\"async\" width=\"942\" height=\"426\" src=\"https:\/\/storage.mobilitas.lat\/uploads\/2022\/03\/MOBILITAS-BUS-VOLVO-ELECTRICO-EN-CHILE-01MAR22-VERSAO-2.jpg\" alt=\"\" class=\"wp-image-13308\" srcset=\"https:\/\/storage.mobilitas.lat\/uploads\/2022\/03\/MOBILITAS-BUS-VOLVO-ELECTRICO-EN-CHILE-01MAR22-VERSAO-2.jpg 942w, https:\/\/storage.mobilitas.lat\/uploads\/2022\/03\/MOBILITAS-BUS-VOLVO-ELECTRICO-EN-CHILE-01MAR22-VERSAO-2-300x136.jpg 300w, https:\/\/storage.mobilitas.lat\/uploads\/2022\/03\/MOBILITAS-BUS-VOLVO-ELECTRICO-EN-CHILE-01MAR22-VERSAO-2-768x347.jpg 768w\" sizes=\"auto, (max-width: 942px) 100vw, 942px\" \/><\/figure>\n\n\n\n<p>El 1 de marzo se present\u00f3 el bus el\u00e9ctrico modelo 7900 de la marca Volvo, el cual inicia un per\u00edodo de prueba en el servicio C06&nbsp; Vital Apoquindo \u2013 Ciudad Empresarial, de la empresa Redbus.&nbsp; Dicho recorrido presta servicios a los usuarios de las comunas de Huechuraba, Recoleta, Providencia y Las Condes, en la Regi\u00f3n Metropolitana de Santiago de Chile.<\/p>\n\n\n\n<p>La Ministra de Transportes y Telecomunicaciones, Gloria Hutt, particip\u00f3 de la presentaci\u00f3n. El actual gobierno chileno vive sus \u00faltimos d\u00edas, ya que el nuevo gobierno, que ha sido elegido en diciembre de 2021, asumir\u00e1 el 11 de marzo de 2022.<\/p>\n\n\n\n<p>En la instancia participaron ejecutivos de Volvo, representantes de Redbus y un grupo de bus\u00f3logos (seguidores de buses urbanos e interurbanos).<\/p>\n\n\n\n<p>Gloria Hutt sostuvo que la presencia de un nuevo bus el\u00e9ctrico en el mercado chileno \u201cva en l\u00ednea con el principio de modernizaci\u00f3n y nuestro desaf\u00edo de incorporar m\u00e1s y mejores tecnolog\u00edas no contaminantes, eficientes y seguras, lo cual que avanza en nuestro af\u00e1n de lograr un transporte m\u00e1s amable para las ciudades y las personas\u201d.<\/p>\n\n\n\n<p>La ministra record\u00f3 que menos de un mes antes el gobierno anunci\u00f3 que el proceso de adjudicaci\u00f3n que licit\u00f3 la concesi\u00f3n del uso de v\u00edas en la Regi\u00f3n Metropolitana incorporar\u00e1 1.637 nuevos buses de est\u00e1ndar Red, de los cuales 991 ser\u00e1n el\u00e9ctricos, lo cual posiciona a Chile como el pa\u00eds de mayor flota el\u00e9ctrica en todo Latinoam\u00e9rica en transporte p\u00fablico urbano.<\/p>\n\n\n\n<p>La fase de prueba de bus el\u00e9ctrico de Volvo, solicitada durante el \u00faltimo trimestre del 2021 por la compa\u00f1\u00eda Redbus Urbano a la Subsecretar\u00eda de Transportes, cont\u00f3 con la aprobaci\u00f3n de la autoridad con el fin de facilitar las condiciones para que los operadores de servicios puedan realizar propuestas de mejoramiento de los servicios.<\/p>\n\n\n\n<p><strong>EL BUS EL\u00c9CTRICO VOLVO<\/strong><\/p>\n\n\n\n<p>El bus Volvo Urbano el\u00e9ctrico \u2013 el primer bus el\u00e9ctrico con est\u00e1ndar europeo llevado al Chile \u2013&nbsp; tiene una longitud total de 12 metros, un ancho de 2,55 metros y una altura de 3,3 metros.<\/p>\n\n\n\n<p>Posee un motor el\u00e9ctrico de 200 kw de potencia m\u00e1xima, una caja automatizada Volvo I-Shift de 2 velocidades, un torque m\u00e1ximo de 19.000 nm (newton meter), sistema de almacenamiento de energ\u00eda con bater\u00edas de ion-litio, con una autonom\u00eda promedio esperada de operaci\u00f3n de 250 km., calefacci\u00f3n y aire acondicionado y control autom\u00e1tico de temperatura de bater\u00edas.<\/p>\n\n\n\n<p>El director comercial de Volvo Chile, Jos\u00e9 Antonio Margalet inform\u00f3 que el veh\u00edculo incorpora el concepto de \u201czonas cero\u201d, es decir, ayuda a las ciudades a convertirse en ciudades con cero emisiones y cero ruido, cumpliendo con las m\u00e1s estrictas restricciones en este \u00e1mbito.<\/p>\n\n\n\n<p>Tambi\u00e9n cuenta con tecnolog\u00edas automatizadas, como es el caso del control de velocidad remoto, que habilita \u201czonas de seguridad\u201d en las rutas para asegurar el paso del bus a una velocidad controlada frente a puntos de riesgos tales como escuelas y hospitales, adem\u00e1s de la detecci\u00f3n de peatones, lo que puede aumentar la seguridad global del tr\u00e1fico urbano.<\/p>\n","protected":false},"excerpt":{"rendered":"<p>El 1 de marzo se present\u00f3 el bus el\u00e9ctrico modelo 7900 de la marca Volvo, el cual inicia un per\u00edodo de prueba en el servicio C06&nbsp; Vital Apoquindo \u2013 Ciudad Empresarial, de la empresa Redbus.&nbsp; Dicho recorrido presta servicios a los usuarios de las comunas de Huechuraba, Recoleta, Providencia y Las Condes, en la Regi\u00f3n [&hellip;]<\/p>\n","protected":false},"author":2,"featured_media":13308,"comment_status":"closed","ping_status":"closed","sticky":false,"template":"","format":"standard","meta":{"footnotes":""},"categories":[287],"tags":[932,775,846,1073,1746],"class_list":["post-13311","post","type-post","status-publish","format-standard","has-post-thumbnail","hentry","category-notas","tag-buses-electricos","tag-destaque","tag-gloria-hutt","tag-ministerio-de-transportes-y-telecomunicaciones-de-chile","tag-volvo"],"yoast_head":"<!-- This site is optimized with the Yoast SEO plugin v26.9 - https:\/\/yoast.com\/product\/yoast-seo-wordpress\/ -->\n<title>Bus el\u00e9ctrico Volvo inicia per\u00edodo de prueba en Chile | Mobilitas<\/title>\n<meta name=\"robots\" content=\"index, follow, max-snippet:-1, max-image-preview:large, max-video-preview:-1\" \/>\n<link rel=\"canonical\" href=\"https:\/\/mobilitas.lat\/es\/2022\/03\/02\/bus-electrico-volvo-inicia-periodo-de-prueba-en-chile\/\" \/>\n<meta property=\"og:locale\" content=\"es_ES\" \/>\n<meta property=\"og:type\" content=\"article\" \/>\n<meta property=\"og:title\" content=\"Bus el\u00e9ctrico Volvo inicia per\u00edodo de prueba en Chile | Mobilitas\" \/>\n<meta property=\"og:description\" content=\"El 1 de marzo se present\u00f3 el bus el\u00e9ctrico modelo 7900 de la marca Volvo, el cual inicia un per\u00edodo de prueba en el servicio C06&nbsp; Vital Apoquindo \u2013 Ciudad Empresarial, de la empresa Redbus.&nbsp; Dicho recorrido presta servicios a los usuarios de las comunas de Huechuraba, Recoleta, Providencia y Las Condes, en la Regi\u00f3n [&hellip;]\" \/>\n<meta property=\"og:url\" content=\"https:\/\/mobilitas.lat\/es\/2022\/03\/02\/bus-electrico-volvo-inicia-periodo-de-prueba-en-chile\/\" \/>\n<meta property=\"og:site_name\" content=\"Mobilitas\" \/>\n<meta property=\"article:published_time\" content=\"2022-03-02T18:33:19+00:00\" \/>\n<meta property=\"article:modified_time\" content=\"2022-03-02T18:33:22+00:00\" \/>\n<meta property=\"og:image\" content=\"https:\/\/storage.mobilitas.lat\/uploads\/2022\/03\/MOBILITAS-BUS-VOLVO-ELECTRICO-EN-CHILE-01MAR22-VERSAO-2.jpg\" \/>\n\t<meta property=\"og:image:width\" content=\"942\" \/>\n\t<meta property=\"og:image:height\" content=\"426\" \/>\n\t<meta property=\"og:image:type\" content=\"image\/jpeg\" \/>\n<meta name=\"author\" content=\"Alexandre Asquini\" \/>\n<meta name=\"twitter:card\" content=\"summary_large_image\" \/>\n<meta name=\"twitter:label1\" content=\"Written by\" \/>\n\t<meta name=\"twitter:data1\" content=\"Alexandre Asquini\" \/>\n\t<meta name=\"twitter:label2\" content=\"Est. reading time\" \/>\n\t<meta name=\"twitter:data2\" content=\"3 minutes\" \/>\n<script type=\"application\/ld+json\" class=\"yoast-schema-graph\">{\"@context\":\"https:\/\/schema.org\",\"@graph\":[{\"@type\":\"Article\",\"@id\":\"https:\/\/mobilitas.lat\/es\/2022\/03\/02\/bus-electrico-volvo-inicia-periodo-de-prueba-en-chile\/#article\",\"isPartOf\":{\"@id\":\"https:\/\/mobilitas.lat\/es\/2022\/03\/02\/bus-electrico-volvo-inicia-periodo-de-prueba-en-chile\/\"},\"author\":{\"name\":\"Alexandre Asquini\",\"@id\":\"https:\/\/mobilitas.lat\/es\/#\/schema\/person\/cae0d01ccbe855d1858d146e4c4d582d\"},\"headline\":\"Bus el\u00e9ctrico Volvo inicia per\u00edodo de prueba en Chile\",\"datePublished\":\"2022-03-02T18:33:19+00:00\",\"dateModified\":\"2022-03-02T18:33:22+00:00\",\"mainEntityOfPage\":{\"@id\":\"https:\/\/mobilitas.lat\/es\/2022\/03\/02\/bus-electrico-volvo-inicia-periodo-de-prueba-en-chile\/\"},\"wordCount\":535,\"publisher\":{\"@id\":\"https:\/\/mobilitas.lat\/es\/#organization\"},\"image\":{\"@id\":\"https:\/\/mobilitas.lat\/es\/2022\/03\/02\/bus-electrico-volvo-inicia-periodo-de-prueba-en-chile\/#primaryimage\"},\"thumbnailUrl\":\"https:\/\/storage.mobilitas.lat\/uploads\/2022\/03\/MOBILITAS-BUS-VOLVO-ELECTRICO-EN-CHILE-01MAR22-VERSAO-2.jpg\",\"keywords\":[\"BUSES EL\u00c9CTRICOS\",\"destaque\",\"GLORIA HUTT\",\"MINISTERIO DE TRANSPORTES Y TELECOMUNICACIONES DE CHILE\",\"VOLVO\"],\"articleSection\":[\"Notas\"],\"inLanguage\":\"es-ES\"},{\"@type\":\"WebPage\",\"@id\":\"https:\/\/mobilitas.lat\/es\/2022\/03\/02\/bus-electrico-volvo-inicia-periodo-de-prueba-en-chile\/\",\"url\":\"https:\/\/mobilitas.lat\/es\/2022\/03\/02\/bus-electrico-volvo-inicia-periodo-de-prueba-en-chile\/\",\"name\":\"Bus el\u00e9ctrico Volvo inicia per\u00edodo de prueba en Chile | Mobilitas\",\"isPartOf\":{\"@id\":\"https:\/\/mobilitas.lat\/es\/#website\"},\"primaryImageOfPage\":{\"@id\":\"https:\/\/mobilitas.lat\/es\/2022\/03\/02\/bus-electrico-volvo-inicia-periodo-de-prueba-en-chile\/#primaryimage\"},\"image\":{\"@id\":\"https:\/\/mobilitas.lat\/es\/2022\/03\/02\/bus-electrico-volvo-inicia-periodo-de-prueba-en-chile\/#primaryimage\"},\"thumbnailUrl\":\"https:\/\/storage.mobilitas.lat\/uploads\/2022\/03\/MOBILITAS-BUS-VOLVO-ELECTRICO-EN-CHILE-01MAR22-VERSAO-2.jpg\",\"datePublished\":\"2022-03-02T18:33:19+00:00\",\"dateModified\":\"2022-03-02T18:33:22+00:00\",\"breadcrumb\":{\"@id\":\"https:\/\/mobilitas.lat\/es\/2022\/03\/02\/bus-electrico-volvo-inicia-periodo-de-prueba-en-chile\/#breadcrumb\"},\"inLanguage\":\"es-ES\",\"potentialAction\":[{\"@type\":\"ReadAction\",\"target\":[\"https:\/\/mobilitas.lat\/es\/2022\/03\/02\/bus-electrico-volvo-inicia-periodo-de-prueba-en-chile\/\"]}]},{\"@type\":\"ImageObject\",\"inLanguage\":\"es-ES\",\"@id\":\"https:\/\/mobilitas.lat\/es\/2022\/03\/02\/bus-electrico-volvo-inicia-periodo-de-prueba-en-chile\/#primaryimage\",\"url\":\"https:\/\/storage.mobilitas.lat\/uploads\/2022\/03\/MOBILITAS-BUS-VOLVO-ELECTRICO-EN-CHILE-01MAR22-VERSAO-2.jpg\",\"contentUrl\":\"https:\/\/storage.mobilitas.lat\/uploads\/2022\/03\/MOBILITAS-BUS-VOLVO-ELECTRICO-EN-CHILE-01MAR22-VERSAO-2.jpg\",\"width\":942,\"height\":426},{\"@type\":\"BreadcrumbList\",\"@id\":\"https:\/\/mobilitas.lat\/es\/2022\/03\/02\/bus-electrico-volvo-inicia-periodo-de-prueba-en-chile\/#breadcrumb\",\"itemListElement\":[{\"@type\":\"ListItem\",\"position\":1,\"name\":\"In\u00edcio\",\"item\":\"https:\/\/mobilitas.lat\/es\/\"},{\"@type\":\"ListItem\",\"position\":2,\"name\":\"Bus el\u00e9ctrico Volvo inicia per\u00edodo de prueba en Chile\"}]},{\"@type\":\"WebSite\",\"@id\":\"https:\/\/mobilitas.lat\/es\/#website\",\"url\":\"https:\/\/mobilitas.lat\/es\/\",\"name\":\"Mobilitas\",\"description\":\"Tecnologia e Mobilidade Urbana na Am\u00e9rica Latina\",\"publisher\":{\"@id\":\"https:\/\/mobilitas.lat\/es\/#organization\"},\"potentialAction\":[{\"@type\":\"SearchAction\",\"target\":{\"@type\":\"EntryPoint\",\"urlTemplate\":\"https:\/\/mobilitas.lat\/es\/?s={search_term_string}\"},\"query-input\":{\"@type\":\"PropertyValueSpecification\",\"valueRequired\":true,\"valueName\":\"search_term_string\"}}],\"inLanguage\":\"es-ES\"},{\"@type\":\"Organization\",\"@id\":\"https:\/\/mobilitas.lat\/es\/#organization\",\"name\":\"OTM Editora\",\"url\":\"https:\/\/mobilitas.lat\/es\/\",\"logo\":{\"@type\":\"ImageObject\",\"inLanguage\":\"es-ES\",\"@id\":\"https:\/\/mobilitas.lat\/es\/#\/schema\/logo\/image\/\",\"url\":\"https:\/\/mobilitas.lat\/wp-content\/uploads\/2024\/03\/opengraph.png\",\"contentUrl\":\"https:\/\/mobilitas.lat\/wp-content\/uploads\/2024\/03\/opengraph.png\",\"width\":1200,\"height\":630,\"caption\":\"OTM Editora\"},\"image\":{\"@id\":\"https:\/\/mobilitas.lat\/es\/#\/schema\/logo\/image\/\"}},{\"@type\":\"Person\",\"@id\":\"https:\/\/mobilitas.lat\/es\/#\/schema\/person\/cae0d01ccbe855d1858d146e4c4d582d\",\"name\":\"Alexandre Asquini\",\"image\":{\"@type\":\"ImageObject\",\"inLanguage\":\"es-ES\",\"@id\":\"https:\/\/mobilitas.lat\/es\/#\/schema\/person\/image\/\",\"url\":\"https:\/\/secure.gravatar.com\/avatar\/aac99dbef1420f75cc7d86913eb8a7cdfbe13e2509ad7a45649a61414f6d2785?s=96&d=mm&r=g\",\"contentUrl\":\"https:\/\/secure.gravatar.com\/avatar\/aac99dbef1420f75cc7d86913eb8a7cdfbe13e2509ad7a45649a61414f6d2785?s=96&d=mm&r=g\",\"caption\":\"Alexandre Asquini\"}}]}<\/script>\n<!-- \/ Yoast SEO plugin. -->","yoast_head_json":{"title":"Bus el\u00e9ctrico Volvo inicia per\u00edodo de prueba en Chile | Mobilitas","robots":{"index":"index","follow":"follow","max-snippet":"max-snippet:-1","max-image-preview":"max-image-preview:large","max-video-preview":"max-video-preview:-1"},"canonical":"https:\/\/mobilitas.lat\/es\/2022\/03\/02\/bus-electrico-volvo-inicia-periodo-de-prueba-en-chile\/","og_locale":"es_ES","og_type":"article","og_title":"Bus el\u00e9ctrico Volvo inicia per\u00edodo de prueba en Chile | Mobilitas","og_description":"El 1 de marzo se present\u00f3 el bus el\u00e9ctrico modelo 7900 de la marca Volvo, el cual inicia un per\u00edodo de prueba en el servicio C06&nbsp; Vital Apoquindo \u2013 Ciudad Empresarial, de la empresa Redbus.&nbsp; Dicho recorrido presta servicios a los usuarios de las comunas de Huechuraba, Recoleta, Providencia y Las Condes, en la Regi\u00f3n [&hellip;]","og_url":"https:\/\/mobilitas.lat\/es\/2022\/03\/02\/bus-electrico-volvo-inicia-periodo-de-prueba-en-chile\/","og_site_name":"Mobilitas","article_published_time":"2022-03-02T18:33:19+00:00","article_modified_time":"2022-03-02T18:33:22+00:00","og_image":[{"width":942,"height":426,"url":"https:\/\/storage.mobilitas.lat\/uploads\/2022\/03\/MOBILITAS-BUS-VOLVO-ELECTRICO-EN-CHILE-01MAR22-VERSAO-2.jpg","type":"image\/jpeg"}],"author":"Alexandre Asquini","twitter_card":"summary_large_image","twitter_misc":{"Written by":"Alexandre Asquini","Est. reading time":"3 minutes"},"schema":{"@context":"https:\/\/schema.org","@graph":[{"@type":"Article","@id":"https:\/\/mobilitas.lat\/es\/2022\/03\/02\/bus-electrico-volvo-inicia-periodo-de-prueba-en-chile\/#article","isPartOf":{"@id":"https:\/\/mobilitas.lat\/es\/2022\/03\/02\/bus-electrico-volvo-inicia-periodo-de-prueba-en-chile\/"},"author":{"name":"Alexandre Asquini","@id":"https:\/\/mobilitas.lat\/es\/#\/schema\/person\/cae0d01ccbe855d1858d146e4c4d582d"},"headline":"Bus el\u00e9ctrico Volvo inicia per\u00edodo de prueba en Chile","datePublished":"2022-03-02T18:33:19+00:00","dateModified":"2022-03-02T18:33:22+00:00","mainEntityOfPage":{"@id":"https:\/\/mobilitas.lat\/es\/2022\/03\/02\/bus-electrico-volvo-inicia-periodo-de-prueba-en-chile\/"},"wordCount":535,"publisher":{"@id":"https:\/\/mobilitas.lat\/es\/#organization"},"image":{"@id":"https:\/\/mobilitas.lat\/es\/2022\/03\/02\/bus-electrico-volvo-inicia-periodo-de-prueba-en-chile\/#primaryimage"},"thumbnailUrl":"https:\/\/storage.mobilitas.lat\/uploads\/2022\/03\/MOBILITAS-BUS-VOLVO-ELECTRICO-EN-CHILE-01MAR22-VERSAO-2.jpg","keywords":["BUSES EL\u00c9CTRICOS","destaque","GLORIA HUTT","MINISTERIO DE TRANSPORTES Y TELECOMUNICACIONES DE CHILE","VOLVO"],"articleSection":["Notas"],"inLanguage":"es-ES"},{"@type":"WebPage","@id":"https:\/\/mobilitas.lat\/es\/2022\/03\/02\/bus-electrico-volvo-inicia-periodo-de-prueba-en-chile\/","url":"https:\/\/mobilitas.lat\/es\/2022\/03\/02\/bus-electrico-volvo-inicia-periodo-de-prueba-en-chile\/","name":"Bus el\u00e9ctrico Volvo inicia per\u00edodo de prueba en Chile | Mobilitas","isPartOf":{"@id":"https:\/\/mobilitas.lat\/es\/#website"},"primaryImageOfPage":{"@id":"https:\/\/mobilitas.lat\/es\/2022\/03\/02\/bus-electrico-volvo-inicia-periodo-de-prueba-en-chile\/#primaryimage"},"image":{"@id":"https:\/\/mobilitas.lat\/es\/2022\/03\/02\/bus-electrico-volvo-inicia-periodo-de-prueba-en-chile\/#primaryimage"},"thumbnailUrl":"https:\/\/storage.mobilitas.lat\/uploads\/2022\/03\/MOBILITAS-BUS-VOLVO-ELECTRICO-EN-CHILE-01MAR22-VERSAO-2.jpg","datePublished":"2022-03-02T18:33:19+00:00","dateModified":"2022-03-02T18:33:22+00:00","breadcrumb":{"@id":"https:\/\/mobilitas.lat\/es\/2022\/03\/02\/bus-electrico-volvo-inicia-periodo-de-prueba-en-chile\/#breadcrumb"},"inLanguage":"es-ES","potentialAction":[{"@type":"ReadAction","target":["https:\/\/mobilitas.lat\/es\/2022\/03\/02\/bus-electrico-volvo-inicia-periodo-de-prueba-en-chile\/"]}]},{"@type":"ImageObject","inLanguage":"es-ES","@id":"https:\/\/mobilitas.lat\/es\/2022\/03\/02\/bus-electrico-volvo-inicia-periodo-de-prueba-en-chile\/#primaryimage","url":"https:\/\/storage.mobilitas.lat\/uploads\/2022\/03\/MOBILITAS-BUS-VOLVO-ELECTRICO-EN-CHILE-01MAR22-VERSAO-2.jpg","contentUrl":"https:\/\/storage.mobilitas.lat\/uploads\/2022\/03\/MOBILITAS-BUS-VOLVO-ELECTRICO-EN-CHILE-01MAR22-VERSAO-2.jpg","width":942,"height":426},{"@type":"BreadcrumbList","@id":"https:\/\/mobilitas.lat\/es\/2022\/03\/02\/bus-electrico-volvo-inicia-periodo-de-prueba-en-chile\/#breadcrumb","itemListElement":[{"@type":"ListItem","position":1,"name":"In\u00edcio","item":"https:\/\/mobilitas.lat\/es\/"},{"@type":"ListItem","position":2,"name":"Bus el\u00e9ctrico Volvo inicia per\u00edodo de prueba en Chile"}]},{"@type":"WebSite","@id":"https:\/\/mobilitas.lat\/es\/#website","url":"https:\/\/mobilitas.lat\/es\/","name":"Mobilitas","description":"Tecnologia e Mobilidade Urbana na Am\u00e9rica Latina","publisher":{"@id":"https:\/\/mobilitas.lat\/es\/#organization"},"potentialAction":[{"@type":"SearchAction","target":{"@type":"EntryPoint","urlTemplate":"https:\/\/mobilitas.lat\/es\/?s={search_term_string}"},"query-input":{"@type":"PropertyValueSpecification","valueRequired":true,"valueName":"search_term_string"}}],"inLanguage":"es-ES"},{"@type":"Organization","@id":"https:\/\/mobilitas.lat\/es\/#organization","name":"OTM Editora","url":"https:\/\/mobilitas.lat\/es\/","logo":{"@type":"ImageObject","inLanguage":"es-ES","@id":"https:\/\/mobilitas.lat\/es\/#\/schema\/logo\/image\/","url":"https:\/\/mobilitas.lat\/wp-content\/uploads\/2024\/03\/opengraph.png","contentUrl":"https:\/\/mobilitas.lat\/wp-content\/uploads\/2024\/03\/opengraph.png","width":1200,"height":630,"caption":"OTM Editora"},"image":{"@id":"https:\/\/mobilitas.lat\/es\/#\/schema\/logo\/image\/"}},{"@type":"Person","@id":"https:\/\/mobilitas.lat\/es\/#\/schema\/person\/cae0d01ccbe855d1858d146e4c4d582d","name":"Alexandre Asquini","image":{"@type":"ImageObject","inLanguage":"es-ES","@id":"https:\/\/mobilitas.lat\/es\/#\/schema\/person\/image\/","url":"https:\/\/secure.gravatar.com\/avatar\/aac99dbef1420f75cc7d86913eb8a7cdfbe13e2509ad7a45649a61414f6d2785?s=96&d=mm&r=g","contentUrl":"https:\/\/secure.gravatar.com\/avatar\/aac99dbef1420f75cc7d86913eb8a7cdfbe13e2509ad7a45649a61414f6d2785?s=96&d=mm&r=g","caption":"Alexandre Asquini"}}]}},"_links":{"self":[{"href":"https:\/\/mobilitas.lat\/es\/wp-json\/wp\/v2\/posts\/13311","targetHints":{"allow":["GET"]}}],"collection":[{"href":"https:\/\/mobilitas.lat\/es\/wp-json\/wp\/v2\/posts"}],"about":[{"href":"https:\/\/mobilitas.lat\/es\/wp-json\/wp\/v2\/types\/post"}],"author":[{"embeddable":true,"href":"https:\/\/mobilitas.lat\/es\/wp-json\/wp\/v2\/users\/2"}],"replies":[{"embeddable":true,"href":"https:\/\/mobilitas.lat\/es\/wp-json\/wp\/v2\/comments?post=13311"}],"version-history":[{"count":3,"href":"https:\/\/mobilitas.lat\/es\/wp-json\/wp\/v2\/posts\/13311\/revisions"}],"predecessor-version":[{"id":13315,"href":"https:\/\/mobilitas.lat\/es\/wp-json\/wp\/v2\/posts\/13311\/revisions\/13315"}],"wp:featuredmedia":[{"embeddable":true,"href":"https:\/\/mobilitas.lat\/es\/wp-json\/wp\/v2\/media\/13308"}],"wp:attachment":[{"href":"https:\/\/mobilitas.lat\/es\/wp-json\/wp\/v2\/media?parent=13311"}],"wp:term":[{"taxonomy":"category","embeddable":true,"href":"https:\/\/mobilitas.lat\/es\/wp-json\/wp\/v2\/categories?post=13311"},{"taxonomy":"post_tag","embeddable":true,"href":"https:\/\/mobilitas.lat\/es\/wp-json\/wp\/v2\/tags?post=13311"}],"curies":[{"name":"wp","href":"https:\/\/api.w.org\/{rel}","templated":true}]}}