{"id":13136,"date":"2022-02-17T14:55:33","date_gmt":"2022-02-17T17:55:33","guid":{"rendered":"https:\/\/mobilitas.lat\/?p=13136"},"modified":"2022-02-17T16:14:28","modified_gmt":"2022-02-17T19:14:28","slug":"ha-fallecido-otavio-vieira-da-cunha-filho-director-general-de-la-asociacion-nacional-de-empresas-de-transporte-urbano-ntu-de-brasil-y-lider-del-sector-en-el-pais","status":"publish","type":"post","link":"https:\/\/mobilitas.lat\/es\/2022\/02\/17\/ha-fallecido-otavio-vieira-da-cunha-filho-director-general-de-la-asociacion-nacional-de-empresas-de-transporte-urbano-ntu-de-brasil-y-lider-del-sector-en-el-pais\/","title":{"rendered":"Ha fallecido Ot\u00e1vio Vieira da Cunha Filho, director general de la Asociaci\u00f3n Nacional de Empresas de Transporte Urbano (NTU) de Brasil y l\u00edder del sector en el pa\u00eds"},"content":{"rendered":"\n<figure class=\"wp-block-image size-large is-style-default\"><img loading=\"lazy\" decoding=\"async\" width=\"687\" height=\"388\" src=\"https:\/\/storage.mobilitas.lat\/uploads\/2021\/10\/MOBILITAS-OTAVIO-CUNHA-CLOSE-1.jpg\" alt=\"\" class=\"wp-image-12203\" srcset=\"https:\/\/storage.mobilitas.lat\/uploads\/2021\/10\/MOBILITAS-OTAVIO-CUNHA-CLOSE-1.jpg 687w, https:\/\/storage.mobilitas.lat\/uploads\/2021\/10\/MOBILITAS-OTAVIO-CUNHA-CLOSE-1-300x169.jpg 300w\" sizes=\"auto, (max-width: 687px) 100vw, 687px\" \/><figcaption><strong><em>Ot\u00e1vio Vieira da Cunha Filho<\/em><\/strong><\/figcaption><\/figure>\n\n\n\n<p>Ot\u00e1vio Vieira da Cunha Filho, presidente de la Asociaci\u00f3n Nacional de Empresas de Transporte Urbano (NTU), de Brasil, falleci\u00f3 en la ma\u00f1ana del 17 de febrero de 2022, a la edad de 81 a\u00f1os.<\/p>\n\n\n\n<p>La entidad divulg\u00f3 una nota de pesar, en la que destaca: &#8220;Su fuerza y buena voluntad para transformar para mejor el transporte p\u00fablico brasile\u00f1o quedar\u00e1n como ejemplo para todos nosotros&#8221;.<\/p>\n\n\n\n<p>La Federaci\u00f3n de Empresas de Transporte de Pasajeros del Estado de S\u00e3o Paulo (FETPESP) se\u00f1al\u00f3 en su manifestaci\u00f3n que Ot\u00e1vio Cunha \u201cse destac\u00f3 por la defensa de un transporte p\u00fablico de calidad, que atienda las necesidades reales de la poblaci\u00f3n para viajar, especialmente aquella porci\u00f3n que depende en un servicio eficiente a precios asequibles\u201d.<\/p>\n\n\n\n<p><strong>LIDERAZGO<\/strong><\/p>\n\n\n\n<p>La Asociaci\u00f3n Nacional de Transportes P\u00fablicos (ANTP), entidad decana del sector, de la que Ot\u00e1vio Cunha era miembro de la junta directiva, dijo: &#8220;El sentimiento es de p\u00e9rdida irreparable, sobre todo por la fuerte proximidad que todos tuvimos con \u00e9l en los dos \u00faltimos a\u00f1os, cuando la crisis del sector se agrav\u00f3 por la pandemia del Covid-19&#8221;.<\/p>\n\n\n\n<p>La ANTP destac\u00f3 el papel que desempe\u00f1\u00f3 en favor de la aplicaci\u00f3n de un nuevo marco reglamentario, y sus esfuerzos por convencer a los miembros del Gobierno y del Parlamento de la importancia social del transporte urbano.<\/p>\n\n\n\n<p>Aun as\u00ed, seg\u00fan la ANTP, el &#8220;esfuerzo de convencimiento y negociaci\u00f3n&#8221; de Ot\u00e1vio Cunha fue importante para la aprobaci\u00f3n por parte del Senado Federal brasile\u00f1o, la v\u00edspera de su muerte, de un proyecto de ley que instituye el Programa Nacional de Asistencia a la Movilidad de las Personas Mayores para garantizar la gratuidad del transporte p\u00fablico en las zonas urbanas para las personas mayores de 65 a\u00f1os, mediante la transferencia de recursos federales. El proyecto de ley se enviar\u00e1 a la C\u00e1mara de Representantes.<\/p>\n\n\n\n<p>En l\u00ednea con lo defendido por Ot\u00e1vio Cunha, el senador Eduardo Braga, que inform\u00f3 el proyecto, argumenta que el transporte p\u00fablico ya estaba en una situaci\u00f3n financiera precaria y sufri\u00f3 un impacto agudo con la ca\u00edda de los ingresos a causa de la pandemia del Covid-19.<\/p>\n\n\n\n<p>Ante las m\u00e1s diversas instancias, Ot\u00e1vio Cunha fue efectivamente reconocido como el principal l\u00edder del sector empresarial del transporte p\u00fablico urbano y metropolitano por autob\u00fas, vocalizando insatisfacciones, reclamos y proposiciones.<\/p>\n\n\n\n<p>En septiembre de 2021, durante el Seminario Nacional de NTU y el Lat.Bus Transp\u00fablico \u2013 Feria Latinoamericana de Transporte 2021, se anunci\u00f3 la presentaci\u00f3n, por parte del senador Antonio Anastasia, del nuevo proyecto de ley que pretende modernizar la Pol\u00edtica Nacional de Movilidad Urbana en Brasil &#8211; una propuesta que se debe en gran medida a los esfuerzos de Ot\u00e1vio Cunha.<\/p>\n\n\n\n<p>El presidente de NTU &nbsp;tambi\u00e9n ha tratado siempre de destacar los buenos pasos dados hacia el fortalecimiento o al menos la mitigaci\u00f3n de los problemas experimentados por el sector.<\/p>\n\n\n\n<p>En un reciente art\u00edculo publicado en el peri\u00f3dico <em>Correio Braziliense<\/em>, de la capital federal, Ot\u00e1vio Cunha describi\u00f3 como una &#8220;luz al final del t\u00fanel&#8221; el hecho de que m\u00e1s de 50 municipios hayan adoptado medidas de apoyo de emergencia al transporte p\u00fablico, con subvenciones para reducir el desequilibrio econ\u00f3mico y financiero de los contratos que el gobierno tiene con los operadores privados de transporte p\u00fablico; iniciativas de exoneraci\u00f3n de tarifas que reducen los costes en el sector y la compra anticipada de cr\u00e9ditos electr\u00f3nicos por parte del gobierno para pagar el transporte de los empleados p\u00fablicos. Todas las medidas que el presidente ejecutivo de la NTU, en nombre de la entidad, recomend\u00f3 como paliativos adecuados mientras el marco regulatorio del sector no llega.<\/p>\n\n\n\n<p><strong>TRAYECTORIA<\/strong><\/p>\n\n\n\n<p>Ot\u00e1vio Vieira da Cunha Filho entr\u00f3 en el sector a\u00fan joven, con 25 a\u00f1os, y trabaj\u00f3 como empresario del transporte urbano de pasajeros durante m\u00e1s de cuatro d\u00e9cadas.<\/p>\n\n\n\n<p>Fue director del Sindicato de las Empresas de Transporte de Pasajeros de Belo Horizonte, en el Estado de Minas Grais, y posteriormente, presidi\u00f3 el Sindicato de las Empresas de Transporte de Pasajeros de S\u00e3o Lu\u00eds, en el Estado de Maranh\u00e3o. Particip\u00f3 de la Comisi\u00f3n Especial creada por la Presidencia de la Rep\u00fablica para reducir las tarifas y mejorar los servicios de transporte p\u00fablico en las ciudades brasile\u00f1as. <\/p>\n\n\n\n<p>Ot\u00e1vio Cunha naci\u00f3 en la ciudad de Matias Barbosa, Estado de Minas Gerais. Dej\u00f3 a su esposa, Jurema, los hijos Marcelo, Roberto y Paula, y cinco nietos.<\/p>\n","protected":false},"excerpt":{"rendered":"<p>Ot\u00e1vio Vieira da Cunha Filho, presidente de la Asociaci\u00f3n Nacional de Empresas de Transporte Urbano (NTU), de Brasil, falleci\u00f3 en la ma\u00f1ana del 17 de febrero de 2022, a la edad de 81 a\u00f1os. La entidad divulg\u00f3 una nota de pesar, en la que destaca: &#8220;Su fuerza y buena voluntad para transformar para mejor el [&hellip;]<\/p>\n","protected":false},"author":2,"featured_media":12203,"comment_status":"closed","ping_status":"closed","sticky":false,"template":"","format":"standard","meta":{"footnotes":""},"categories":[287],"tags":[325,1222,1473],"class_list":["post-13136","post","type-post","status-publish","format-standard","has-post-thumbnail","hentry","category-notas","tag-ntu-es","tag-otavio-cunha","tag-primera-nota"],"yoast_head":"<!-- This site is optimized with the Yoast SEO plugin v26.9 - https:\/\/yoast.com\/product\/yoast-seo-wordpress\/ -->\n<title>Ha fallecido Ot\u00e1vio Vieira da Cunha Filho, director general de la Asociaci\u00f3n Nacional de Empresas de Transporte Urbano (NTU) de Brasil y l\u00edder del sector en el pa\u00eds | Mobilitas<\/title>\n<meta name=\"robots\" content=\"index, follow, max-snippet:-1, max-image-preview:large, max-video-preview:-1\" \/>\n<link rel=\"canonical\" href=\"https:\/\/mobilitas.lat\/es\/2022\/02\/17\/ha-fallecido-otavio-vieira-da-cunha-filho-director-general-de-la-asociacion-nacional-de-empresas-de-transporte-urbano-ntu-de-brasil-y-lider-del-sector-en-el-pais\/\" \/>\n<meta property=\"og:locale\" content=\"es_ES\" \/>\n<meta property=\"og:type\" content=\"article\" \/>\n<meta property=\"og:title\" content=\"Ha fallecido Ot\u00e1vio Vieira da Cunha Filho, director general de la Asociaci\u00f3n Nacional de Empresas de Transporte Urbano (NTU) de Brasil y l\u00edder del sector en el pa\u00eds | Mobilitas\" \/>\n<meta property=\"og:description\" content=\"Ot\u00e1vio Vieira da Cunha Filho, presidente de la Asociaci\u00f3n Nacional de Empresas de Transporte Urbano (NTU), de Brasil, falleci\u00f3 en la ma\u00f1ana del 17 de febrero de 2022, a la edad de 81 a\u00f1os. La entidad divulg\u00f3 una nota de pesar, en la que destaca: &#8220;Su fuerza y buena voluntad para transformar para mejor el [&hellip;]\" \/>\n<meta property=\"og:url\" content=\"https:\/\/mobilitas.lat\/es\/2022\/02\/17\/ha-fallecido-otavio-vieira-da-cunha-filho-director-general-de-la-asociacion-nacional-de-empresas-de-transporte-urbano-ntu-de-brasil-y-lider-del-sector-en-el-pais\/\" \/>\n<meta property=\"og:site_name\" content=\"Mobilitas\" \/>\n<meta property=\"article:published_time\" content=\"2022-02-17T17:55:33+00:00\" \/>\n<meta property=\"article:modified_time\" content=\"2022-02-17T19:14:28+00:00\" \/>\n<meta property=\"og:image\" content=\"https:\/\/storage.mobilitas.lat\/uploads\/2021\/10\/MOBILITAS-OTAVIO-CUNHA-CLOSE-1.jpg\" \/>\n\t<meta property=\"og:image:width\" content=\"687\" \/>\n\t<meta property=\"og:image:height\" content=\"388\" \/>\n\t<meta property=\"og:image:type\" content=\"image\/jpeg\" \/>\n<meta name=\"author\" content=\"Alexandre Asquini\" \/>\n<meta name=\"twitter:card\" content=\"summary_large_image\" \/>\n<meta name=\"twitter:label1\" content=\"Written by\" \/>\n\t<meta name=\"twitter:data1\" content=\"Alexandre Asquini\" \/>\n\t<meta name=\"twitter:label2\" content=\"Est. reading time\" \/>\n\t<meta name=\"twitter:data2\" content=\"4 minutes\" \/>\n<script type=\"application\/ld+json\" class=\"yoast-schema-graph\">{\"@context\":\"https:\/\/schema.org\",\"@graph\":[{\"@type\":\"Article\",\"@id\":\"https:\/\/mobilitas.lat\/es\/2022\/02\/17\/ha-fallecido-otavio-vieira-da-cunha-filho-director-general-de-la-asociacion-nacional-de-empresas-de-transporte-urbano-ntu-de-brasil-y-lider-del-sector-en-el-pais\/#article\",\"isPartOf\":{\"@id\":\"https:\/\/mobilitas.lat\/es\/2022\/02\/17\/ha-fallecido-otavio-vieira-da-cunha-filho-director-general-de-la-asociacion-nacional-de-empresas-de-transporte-urbano-ntu-de-brasil-y-lider-del-sector-en-el-pais\/\"},\"author\":{\"name\":\"Alexandre Asquini\",\"@id\":\"https:\/\/mobilitas.lat\/es\/#\/schema\/person\/cae0d01ccbe855d1858d146e4c4d582d\"},\"headline\":\"Ha fallecido Ot\u00e1vio Vieira da Cunha Filho, director general de la Asociaci\u00f3n Nacional de Empresas de Transporte Urbano (NTU) de Brasil y l\u00edder del sector en el pa\u00eds\",\"datePublished\":\"2022-02-17T17:55:33+00:00\",\"dateModified\":\"2022-02-17T19:14:28+00:00\",\"mainEntityOfPage\":{\"@id\":\"https:\/\/mobilitas.lat\/es\/2022\/02\/17\/ha-fallecido-otavio-vieira-da-cunha-filho-director-general-de-la-asociacion-nacional-de-empresas-de-transporte-urbano-ntu-de-brasil-y-lider-del-sector-en-el-pais\/\"},\"wordCount\":811,\"publisher\":{\"@id\":\"https:\/\/mobilitas.lat\/es\/#organization\"},\"image\":{\"@id\":\"https:\/\/mobilitas.lat\/es\/2022\/02\/17\/ha-fallecido-otavio-vieira-da-cunha-filho-director-general-de-la-asociacion-nacional-de-empresas-de-transporte-urbano-ntu-de-brasil-y-lider-del-sector-en-el-pais\/#primaryimage\"},\"thumbnailUrl\":\"https:\/\/storage.mobilitas.lat\/uploads\/2021\/10\/MOBILITAS-OTAVIO-CUNHA-CLOSE-1.jpg\",\"keywords\":[\"NTU\",\"OT\u00c1VIO CUNHA\",\"Primera Nota\"],\"articleSection\":[\"Notas\"],\"inLanguage\":\"es-ES\"},{\"@type\":\"WebPage\",\"@id\":\"https:\/\/mobilitas.lat\/es\/2022\/02\/17\/ha-fallecido-otavio-vieira-da-cunha-filho-director-general-de-la-asociacion-nacional-de-empresas-de-transporte-urbano-ntu-de-brasil-y-lider-del-sector-en-el-pais\/\",\"url\":\"https:\/\/mobilitas.lat\/es\/2022\/02\/17\/ha-fallecido-otavio-vieira-da-cunha-filho-director-general-de-la-asociacion-nacional-de-empresas-de-transporte-urbano-ntu-de-brasil-y-lider-del-sector-en-el-pais\/\",\"name\":\"Ha fallecido Ot\u00e1vio Vieira da Cunha Filho, director general de la Asociaci\u00f3n Nacional de Empresas de Transporte Urbano (NTU) de Brasil y l\u00edder del sector en el pa\u00eds | Mobilitas\",\"isPartOf\":{\"@id\":\"https:\/\/mobilitas.lat\/es\/#website\"},\"primaryImageOfPage\":{\"@id\":\"https:\/\/mobilitas.lat\/es\/2022\/02\/17\/ha-fallecido-otavio-vieira-da-cunha-filho-director-general-de-la-asociacion-nacional-de-empresas-de-transporte-urbano-ntu-de-brasil-y-lider-del-sector-en-el-pais\/#primaryimage\"},\"image\":{\"@id\":\"https:\/\/mobilitas.lat\/es\/2022\/02\/17\/ha-fallecido-otavio-vieira-da-cunha-filho-director-general-de-la-asociacion-nacional-de-empresas-de-transporte-urbano-ntu-de-brasil-y-lider-del-sector-en-el-pais\/#primaryimage\"},\"thumbnailUrl\":\"https:\/\/storage.mobilitas.lat\/uploads\/2021\/10\/MOBILITAS-OTAVIO-CUNHA-CLOSE-1.jpg\",\"datePublished\":\"2022-02-17T17:55:33+00:00\",\"dateModified\":\"2022-02-17T19:14:28+00:00\",\"breadcrumb\":{\"@id\":\"https:\/\/mobilitas.lat\/es\/2022\/02\/17\/ha-fallecido-otavio-vieira-da-cunha-filho-director-general-de-la-asociacion-nacional-de-empresas-de-transporte-urbano-ntu-de-brasil-y-lider-del-sector-en-el-pais\/#breadcrumb\"},\"inLanguage\":\"es-ES\",\"potentialAction\":[{\"@type\":\"ReadAction\",\"target\":[\"https:\/\/mobilitas.lat\/es\/2022\/02\/17\/ha-fallecido-otavio-vieira-da-cunha-filho-director-general-de-la-asociacion-nacional-de-empresas-de-transporte-urbano-ntu-de-brasil-y-lider-del-sector-en-el-pais\/\"]}]},{\"@type\":\"ImageObject\",\"inLanguage\":\"es-ES\",\"@id\":\"https:\/\/mobilitas.lat\/es\/2022\/02\/17\/ha-fallecido-otavio-vieira-da-cunha-filho-director-general-de-la-asociacion-nacional-de-empresas-de-transporte-urbano-ntu-de-brasil-y-lider-del-sector-en-el-pais\/#primaryimage\",\"url\":\"https:\/\/storage.mobilitas.lat\/uploads\/2021\/10\/MOBILITAS-OTAVIO-CUNHA-CLOSE-1.jpg\",\"contentUrl\":\"https:\/\/storage.mobilitas.lat\/uploads\/2021\/10\/MOBILITAS-OTAVIO-CUNHA-CLOSE-1.jpg\",\"width\":687,\"height\":388},{\"@type\":\"BreadcrumbList\",\"@id\":\"https:\/\/mobilitas.lat\/es\/2022\/02\/17\/ha-fallecido-otavio-vieira-da-cunha-filho-director-general-de-la-asociacion-nacional-de-empresas-de-transporte-urbano-ntu-de-brasil-y-lider-del-sector-en-el-pais\/#breadcrumb\",\"itemListElement\":[{\"@type\":\"ListItem\",\"position\":1,\"name\":\"In\u00edcio\",\"item\":\"https:\/\/mobilitas.lat\/es\/\"},{\"@type\":\"ListItem\",\"position\":2,\"name\":\"Ha fallecido Ot\u00e1vio Vieira da Cunha Filho, director general de la Asociaci\u00f3n Nacional de Empresas de Transporte Urbano (NTU) de Brasil y l\u00edder del sector en el pa\u00eds\"}]},{\"@type\":\"WebSite\",\"@id\":\"https:\/\/mobilitas.lat\/es\/#website\",\"url\":\"https:\/\/mobilitas.lat\/es\/\",\"name\":\"Mobilitas\",\"description\":\"Tecnologia e Mobilidade Urbana na Am\u00e9rica Latina\",\"publisher\":{\"@id\":\"https:\/\/mobilitas.lat\/es\/#organization\"},\"potentialAction\":[{\"@type\":\"SearchAction\",\"target\":{\"@type\":\"EntryPoint\",\"urlTemplate\":\"https:\/\/mobilitas.lat\/es\/?s={search_term_string}\"},\"query-input\":{\"@type\":\"PropertyValueSpecification\",\"valueRequired\":true,\"valueName\":\"search_term_string\"}}],\"inLanguage\":\"es-ES\"},{\"@type\":\"Organization\",\"@id\":\"https:\/\/mobilitas.lat\/es\/#organization\",\"name\":\"OTM Editora\",\"url\":\"https:\/\/mobilitas.lat\/es\/\",\"logo\":{\"@type\":\"ImageObject\",\"inLanguage\":\"es-ES\",\"@id\":\"https:\/\/mobilitas.lat\/es\/#\/schema\/logo\/image\/\",\"url\":\"https:\/\/mobilitas.lat\/wp-content\/uploads\/2024\/03\/opengraph.png\",\"contentUrl\":\"https:\/\/mobilitas.lat\/wp-content\/uploads\/2024\/03\/opengraph.png\",\"width\":1200,\"height\":630,\"caption\":\"OTM Editora\"},\"image\":{\"@id\":\"https:\/\/mobilitas.lat\/es\/#\/schema\/logo\/image\/\"}},{\"@type\":\"Person\",\"@id\":\"https:\/\/mobilitas.lat\/es\/#\/schema\/person\/cae0d01ccbe855d1858d146e4c4d582d\",\"name\":\"Alexandre Asquini\",\"image\":{\"@type\":\"ImageObject\",\"inLanguage\":\"es-ES\",\"@id\":\"https:\/\/mobilitas.lat\/es\/#\/schema\/person\/image\/\",\"url\":\"https:\/\/secure.gravatar.com\/avatar\/aac99dbef1420f75cc7d86913eb8a7cdfbe13e2509ad7a45649a61414f6d2785?s=96&d=mm&r=g\",\"contentUrl\":\"https:\/\/secure.gravatar.com\/avatar\/aac99dbef1420f75cc7d86913eb8a7cdfbe13e2509ad7a45649a61414f6d2785?s=96&d=mm&r=g\",\"caption\":\"Alexandre Asquini\"}}]}<\/script>\n<!-- \/ Yoast SEO plugin. -->","yoast_head_json":{"title":"Ha fallecido Ot\u00e1vio Vieira da Cunha Filho, director general de la Asociaci\u00f3n Nacional de Empresas de Transporte Urbano (NTU) de Brasil y l\u00edder del sector en el pa\u00eds | Mobilitas","robots":{"index":"index","follow":"follow","max-snippet":"max-snippet:-1","max-image-preview":"max-image-preview:large","max-video-preview":"max-video-preview:-1"},"canonical":"https:\/\/mobilitas.lat\/es\/2022\/02\/17\/ha-fallecido-otavio-vieira-da-cunha-filho-director-general-de-la-asociacion-nacional-de-empresas-de-transporte-urbano-ntu-de-brasil-y-lider-del-sector-en-el-pais\/","og_locale":"es_ES","og_type":"article","og_title":"Ha fallecido Ot\u00e1vio Vieira da Cunha Filho, director general de la Asociaci\u00f3n Nacional de Empresas de Transporte Urbano (NTU) de Brasil y l\u00edder del sector en el pa\u00eds | Mobilitas","og_description":"Ot\u00e1vio Vieira da Cunha Filho, presidente de la Asociaci\u00f3n Nacional de Empresas de Transporte Urbano (NTU), de Brasil, falleci\u00f3 en la ma\u00f1ana del 17 de febrero de 2022, a la edad de 81 a\u00f1os. La entidad divulg\u00f3 una nota de pesar, en la que destaca: &#8220;Su fuerza y buena voluntad para transformar para mejor el [&hellip;]","og_url":"https:\/\/mobilitas.lat\/es\/2022\/02\/17\/ha-fallecido-otavio-vieira-da-cunha-filho-director-general-de-la-asociacion-nacional-de-empresas-de-transporte-urbano-ntu-de-brasil-y-lider-del-sector-en-el-pais\/","og_site_name":"Mobilitas","article_published_time":"2022-02-17T17:55:33+00:00","article_modified_time":"2022-02-17T19:14:28+00:00","og_image":[{"width":687,"height":388,"url":"https:\/\/storage.mobilitas.lat\/uploads\/2021\/10\/MOBILITAS-OTAVIO-CUNHA-CLOSE-1.jpg","type":"image\/jpeg"}],"author":"Alexandre Asquini","twitter_card":"summary_large_image","twitter_misc":{"Written by":"Alexandre Asquini","Est. reading time":"4 minutes"},"schema":{"@context":"https:\/\/schema.org","@graph":[{"@type":"Article","@id":"https:\/\/mobilitas.lat\/es\/2022\/02\/17\/ha-fallecido-otavio-vieira-da-cunha-filho-director-general-de-la-asociacion-nacional-de-empresas-de-transporte-urbano-ntu-de-brasil-y-lider-del-sector-en-el-pais\/#article","isPartOf":{"@id":"https:\/\/mobilitas.lat\/es\/2022\/02\/17\/ha-fallecido-otavio-vieira-da-cunha-filho-director-general-de-la-asociacion-nacional-de-empresas-de-transporte-urbano-ntu-de-brasil-y-lider-del-sector-en-el-pais\/"},"author":{"name":"Alexandre Asquini","@id":"https:\/\/mobilitas.lat\/es\/#\/schema\/person\/cae0d01ccbe855d1858d146e4c4d582d"},"headline":"Ha fallecido Ot\u00e1vio Vieira da Cunha Filho, director general de la Asociaci\u00f3n Nacional de Empresas de Transporte Urbano (NTU) de Brasil y l\u00edder del sector en el pa\u00eds","datePublished":"2022-02-17T17:55:33+00:00","dateModified":"2022-02-17T19:14:28+00:00","mainEntityOfPage":{"@id":"https:\/\/mobilitas.lat\/es\/2022\/02\/17\/ha-fallecido-otavio-vieira-da-cunha-filho-director-general-de-la-asociacion-nacional-de-empresas-de-transporte-urbano-ntu-de-brasil-y-lider-del-sector-en-el-pais\/"},"wordCount":811,"publisher":{"@id":"https:\/\/mobilitas.lat\/es\/#organization"},"image":{"@id":"https:\/\/mobilitas.lat\/es\/2022\/02\/17\/ha-fallecido-otavio-vieira-da-cunha-filho-director-general-de-la-asociacion-nacional-de-empresas-de-transporte-urbano-ntu-de-brasil-y-lider-del-sector-en-el-pais\/#primaryimage"},"thumbnailUrl":"https:\/\/storage.mobilitas.lat\/uploads\/2021\/10\/MOBILITAS-OTAVIO-CUNHA-CLOSE-1.jpg","keywords":["NTU","OT\u00c1VIO CUNHA","Primera Nota"],"articleSection":["Notas"],"inLanguage":"es-ES"},{"@type":"WebPage","@id":"https:\/\/mobilitas.lat\/es\/2022\/02\/17\/ha-fallecido-otavio-vieira-da-cunha-filho-director-general-de-la-asociacion-nacional-de-empresas-de-transporte-urbano-ntu-de-brasil-y-lider-del-sector-en-el-pais\/","url":"https:\/\/mobilitas.lat\/es\/2022\/02\/17\/ha-fallecido-otavio-vieira-da-cunha-filho-director-general-de-la-asociacion-nacional-de-empresas-de-transporte-urbano-ntu-de-brasil-y-lider-del-sector-en-el-pais\/","name":"Ha fallecido Ot\u00e1vio Vieira da Cunha Filho, director general de la Asociaci\u00f3n Nacional de Empresas de Transporte Urbano (NTU) de Brasil y l\u00edder del sector en el pa\u00eds | Mobilitas","isPartOf":{"@id":"https:\/\/mobilitas.lat\/es\/#website"},"primaryImageOfPage":{"@id":"https:\/\/mobilitas.lat\/es\/2022\/02\/17\/ha-fallecido-otavio-vieira-da-cunha-filho-director-general-de-la-asociacion-nacional-de-empresas-de-transporte-urbano-ntu-de-brasil-y-lider-del-sector-en-el-pais\/#primaryimage"},"image":{"@id":"https:\/\/mobilitas.lat\/es\/2022\/02\/17\/ha-fallecido-otavio-vieira-da-cunha-filho-director-general-de-la-asociacion-nacional-de-empresas-de-transporte-urbano-ntu-de-brasil-y-lider-del-sector-en-el-pais\/#primaryimage"},"thumbnailUrl":"https:\/\/storage.mobilitas.lat\/uploads\/2021\/10\/MOBILITAS-OTAVIO-CUNHA-CLOSE-1.jpg","datePublished":"2022-02-17T17:55:33+00:00","dateModified":"2022-02-17T19:14:28+00:00","breadcrumb":{"@id":"https:\/\/mobilitas.lat\/es\/2022\/02\/17\/ha-fallecido-otavio-vieira-da-cunha-filho-director-general-de-la-asociacion-nacional-de-empresas-de-transporte-urbano-ntu-de-brasil-y-lider-del-sector-en-el-pais\/#breadcrumb"},"inLanguage":"es-ES","potentialAction":[{"@type":"ReadAction","target":["https:\/\/mobilitas.lat\/es\/2022\/02\/17\/ha-fallecido-otavio-vieira-da-cunha-filho-director-general-de-la-asociacion-nacional-de-empresas-de-transporte-urbano-ntu-de-brasil-y-lider-del-sector-en-el-pais\/"]}]},{"@type":"ImageObject","inLanguage":"es-ES","@id":"https:\/\/mobilitas.lat\/es\/2022\/02\/17\/ha-fallecido-otavio-vieira-da-cunha-filho-director-general-de-la-asociacion-nacional-de-empresas-de-transporte-urbano-ntu-de-brasil-y-lider-del-sector-en-el-pais\/#primaryimage","url":"https:\/\/storage.mobilitas.lat\/uploads\/2021\/10\/MOBILITAS-OTAVIO-CUNHA-CLOSE-1.jpg","contentUrl":"https:\/\/storage.mobilitas.lat\/uploads\/2021\/10\/MOBILITAS-OTAVIO-CUNHA-CLOSE-1.jpg","width":687,"height":388},{"@type":"BreadcrumbList","@id":"https:\/\/mobilitas.lat\/es\/2022\/02\/17\/ha-fallecido-otavio-vieira-da-cunha-filho-director-general-de-la-asociacion-nacional-de-empresas-de-transporte-urbano-ntu-de-brasil-y-lider-del-sector-en-el-pais\/#breadcrumb","itemListElement":[{"@type":"ListItem","position":1,"name":"In\u00edcio","item":"https:\/\/mobilitas.lat\/es\/"},{"@type":"ListItem","position":2,"name":"Ha fallecido Ot\u00e1vio Vieira da Cunha Filho, director general de la Asociaci\u00f3n Nacional de Empresas de Transporte Urbano (NTU) de Brasil y l\u00edder del sector en el pa\u00eds"}]},{"@type":"WebSite","@id":"https:\/\/mobilitas.lat\/es\/#website","url":"https:\/\/mobilitas.lat\/es\/","name":"Mobilitas","description":"Tecnologia e Mobilidade Urbana na Am\u00e9rica Latina","publisher":{"@id":"https:\/\/mobilitas.lat\/es\/#organization"},"potentialAction":[{"@type":"SearchAction","target":{"@type":"EntryPoint","urlTemplate":"https:\/\/mobilitas.lat\/es\/?s={search_term_string}"},"query-input":{"@type":"PropertyValueSpecification","valueRequired":true,"valueName":"search_term_string"}}],"inLanguage":"es-ES"},{"@type":"Organization","@id":"https:\/\/mobilitas.lat\/es\/#organization","name":"OTM Editora","url":"https:\/\/mobilitas.lat\/es\/","logo":{"@type":"ImageObject","inLanguage":"es-ES","@id":"https:\/\/mobilitas.lat\/es\/#\/schema\/logo\/image\/","url":"https:\/\/mobilitas.lat\/wp-content\/uploads\/2024\/03\/opengraph.png","contentUrl":"https:\/\/mobilitas.lat\/wp-content\/uploads\/2024\/03\/opengraph.png","width":1200,"height":630,"caption":"OTM Editora"},"image":{"@id":"https:\/\/mobilitas.lat\/es\/#\/schema\/logo\/image\/"}},{"@type":"Person","@id":"https:\/\/mobilitas.lat\/es\/#\/schema\/person\/cae0d01ccbe855d1858d146e4c4d582d","name":"Alexandre Asquini","image":{"@type":"ImageObject","inLanguage":"es-ES","@id":"https:\/\/mobilitas.lat\/es\/#\/schema\/person\/image\/","url":"https:\/\/secure.gravatar.com\/avatar\/aac99dbef1420f75cc7d86913eb8a7cdfbe13e2509ad7a45649a61414f6d2785?s=96&d=mm&r=g","contentUrl":"https:\/\/secure.gravatar.com\/avatar\/aac99dbef1420f75cc7d86913eb8a7cdfbe13e2509ad7a45649a61414f6d2785?s=96&d=mm&r=g","caption":"Alexandre Asquini"}}]}},"_links":{"self":[{"href":"https:\/\/mobilitas.lat\/es\/wp-json\/wp\/v2\/posts\/13136","targetHints":{"allow":["GET"]}}],"collection":[{"href":"https:\/\/mobilitas.lat\/es\/wp-json\/wp\/v2\/posts"}],"about":[{"href":"https:\/\/mobilitas.lat\/es\/wp-json\/wp\/v2\/types\/post"}],"author":[{"embeddable":true,"href":"https:\/\/mobilitas.lat\/es\/wp-json\/wp\/v2\/users\/2"}],"replies":[{"embeddable":true,"href":"https:\/\/mobilitas.lat\/es\/wp-json\/wp\/v2\/comments?post=13136"}],"version-history":[{"count":3,"href":"https:\/\/mobilitas.lat\/es\/wp-json\/wp\/v2\/posts\/13136\/revisions"}],"predecessor-version":[{"id":13141,"href":"https:\/\/mobilitas.lat\/es\/wp-json\/wp\/v2\/posts\/13136\/revisions\/13141"}],"wp:featuredmedia":[{"embeddable":true,"href":"https:\/\/mobilitas.lat\/es\/wp-json\/wp\/v2\/media\/12203"}],"wp:attachment":[{"href":"https:\/\/mobilitas.lat\/es\/wp-json\/wp\/v2\/media?parent=13136"}],"wp:term":[{"taxonomy":"category","embeddable":true,"href":"https:\/\/mobilitas.lat\/es\/wp-json\/wp\/v2\/categories?post=13136"},{"taxonomy":"post_tag","embeddable":true,"href":"https:\/\/mobilitas.lat\/es\/wp-json\/wp\/v2\/tags?post=13136"}],"curies":[{"name":"wp","href":"https:\/\/api.w.org\/{rel}","templated":true}]}}