{"id":13005,"date":"2022-02-08T00:36:40","date_gmt":"2022-02-08T03:36:40","guid":{"rendered":"https:\/\/mobilitas.lat\/?p=13005"},"modified":"2022-02-08T00:36:42","modified_gmt":"2022-02-08T03:36:42","slug":"coches-del-subte-subastados","status":"publish","type":"post","link":"https:\/\/mobilitas.lat\/es\/2022\/02\/08\/coches-del-subte-subastados\/","title":{"rendered":"Coches del Subte subastados"},"content":{"rendered":"\n<figure class=\"wp-block-image size-large is-style-default\"><img loading=\"lazy\" decoding=\"async\" width=\"744\" height=\"308\" src=\"https:\/\/storage.mobilitas.lat\/uploads\/2022\/02\/MOBILITAS-TRENES-EN-DESUSO-SUBASTADOS-DE-SUBTE-CORTADO-PARA-CARROSSEL-MENOR.jpg\" alt=\"\" class=\"wp-image-13001\" srcset=\"https:\/\/storage.mobilitas.lat\/uploads\/2022\/02\/MOBILITAS-TRENES-EN-DESUSO-SUBASTADOS-DE-SUBTE-CORTADO-PARA-CARROSSEL-MENOR.jpg 744w, https:\/\/storage.mobilitas.lat\/uploads\/2022\/02\/MOBILITAS-TRENES-EN-DESUSO-SUBASTADOS-DE-SUBTE-CORTADO-PARA-CARROSSEL-MENOR-300x124.jpg 300w\" sizes=\"auto, (max-width: 744px) 100vw, 744px\" \/><\/figure>\n\n\n\n<p>Un \u00e9xito. Subterr\u00e1neos de Buenos Aires calific\u00f3 as\u00ed el resultado de la subasta de diez coches Siemens Schuckert en desuso concluida el 3 de febrero de 2022. Otros 35 coches ser\u00e1n rematados en breve.<\/p>\n\n\n\n<p>Seg\u00fan la empresa p\u00fablica, la subasta de los 10 vagones que sirvieron durante d\u00e9cadas en el metro porte\u00f1o concluy\u00f3 tras recibir 1.949 ofertas de 37 potenciales compradores.<\/p>\n\n\n\n<p>Se vendieron los 10 vagones en un promedio superior a 2 millones de pesos cada uno, lo que implic\u00f3 una recaudaci\u00f3n total de 21.290.000 de pesos (USD 201,500) que podr\u00e1n ser invertidos por la empresa en diferentes proyectos.<\/p>\n\n\n\n<p>Participaron tanto empresas como consumidores finales y las ofertas ganadoras fueron realizadas por usuarios de la provincia de Buenos Aires y Capital Federal (Ciudad Aut\u00f3noma de Buenos Aires), aunque tambi\u00e9n participaron usuarios de las provincias de C\u00f3rdoba, La Pampa y Mendoza.<\/p>\n\n\n\n<p><strong>VENTA POR SUBASTA DE 45 COCHES<\/strong><\/p>\n\n\n\n<p>El Directorio de Subterr\u00e1neos de Buenos Aires aprob\u00f3 en el pasado enero la venta por subasta de 45 coches Siemens Schuckert en desuso.<\/p>\n\n\n\n<p>A empresa Subterr\u00e1neos de Buenos Aires se\u00f1ala que este procedimiento permitir\u00e1 darle diferentes destinos a estos coches que tienen una gran historia detr\u00e1s, fabricados en 1934, 1937 y 1944, y que circularon durante a\u00f1os en todas las l\u00edneas del Subte, menos en la B.<\/p>\n\n\n\n<p>Informa la empresa que estos coches, cuando comenzaron a circular en el Subte, eran 0 km. Al cierre del a\u00f1o 2016, los trenes ten\u00edan una alta tasa de fallas: en la L\u00ednea H, era de 27 fallas cada 100.000 km.<\/p>\n\n\n\n<p>Adem\u00e1s, por su antig\u00fcedad, tampoco era conveniente su adaptaci\u00f3n a los nuevos sistemas de se\u00f1alamiento que se estaban implementando en el subte y no cumpl\u00edan con las tasas de aceleraci\u00f3n y frenado, por lo tanto, la inversi\u00f3n de tiempo y dinero para mantenerlos operativos no era conveniente.<\/p>\n","protected":false},"excerpt":{"rendered":"<p>Un \u00e9xito. Subterr\u00e1neos de Buenos Aires calific\u00f3 as\u00ed el resultado de la subasta de diez coches Siemens Schuckert en desuso concluida el 3 de febrero de 2022. Otros 35 coches ser\u00e1n rematados en breve. Seg\u00fan la empresa p\u00fablica, la subasta de los 10 vagones que sirvieron durante d\u00e9cadas en el metro porte\u00f1o concluy\u00f3 tras recibir [&hellip;]<\/p>\n","protected":false},"author":2,"featured_media":13001,"comment_status":"closed","ping_status":"closed","sticky":false,"template":"","format":"standard","meta":{"footnotes":""},"categories":[287],"tags":[315,775,314],"class_list":["post-13005","post","type-post","status-publish","format-standard","has-post-thumbnail","hentry","category-notas","tag-buenos-aires-es","tag-destaque","tag-subte-es"],"yoast_head":"<!-- This site is optimized with the Yoast SEO plugin v26.9 - https:\/\/yoast.com\/product\/yoast-seo-wordpress\/ -->\n<title>Coches del Subte subastados | Mobilitas<\/title>\n<meta name=\"robots\" content=\"index, follow, max-snippet:-1, max-image-preview:large, max-video-preview:-1\" \/>\n<link rel=\"canonical\" href=\"https:\/\/mobilitas.lat\/es\/2022\/02\/08\/coches-del-subte-subastados\/\" \/>\n<meta property=\"og:locale\" content=\"es_ES\" \/>\n<meta property=\"og:type\" content=\"article\" \/>\n<meta property=\"og:title\" content=\"Coches del Subte subastados | Mobilitas\" \/>\n<meta property=\"og:description\" content=\"Un \u00e9xito. Subterr\u00e1neos de Buenos Aires calific\u00f3 as\u00ed el resultado de la subasta de diez coches Siemens Schuckert en desuso concluida el 3 de febrero de 2022. Otros 35 coches ser\u00e1n rematados en breve. Seg\u00fan la empresa p\u00fablica, la subasta de los 10 vagones que sirvieron durante d\u00e9cadas en el metro porte\u00f1o concluy\u00f3 tras recibir [&hellip;]\" \/>\n<meta property=\"og:url\" content=\"https:\/\/mobilitas.lat\/es\/2022\/02\/08\/coches-del-subte-subastados\/\" \/>\n<meta property=\"og:site_name\" content=\"Mobilitas\" \/>\n<meta property=\"article:published_time\" content=\"2022-02-08T03:36:40+00:00\" \/>\n<meta property=\"article:modified_time\" content=\"2022-02-08T03:36:42+00:00\" \/>\n<meta property=\"og:image\" content=\"https:\/\/storage.mobilitas.lat\/uploads\/2022\/02\/MOBILITAS-TRENES-EN-DESUSO-SUBASTADOS-DE-SUBTE-CORTADO-PARA-CARROSSEL-MENOR.jpg\" \/>\n\t<meta property=\"og:image:width\" content=\"744\" \/>\n\t<meta property=\"og:image:height\" content=\"308\" \/>\n\t<meta property=\"og:image:type\" content=\"image\/jpeg\" \/>\n<meta name=\"author\" content=\"Alexandre Asquini\" \/>\n<meta name=\"twitter:card\" content=\"summary_large_image\" \/>\n<meta name=\"twitter:label1\" content=\"Written by\" \/>\n\t<meta name=\"twitter:data1\" content=\"Alexandre Asquini\" \/>\n\t<meta name=\"twitter:label2\" content=\"Est. reading time\" \/>\n\t<meta name=\"twitter:data2\" content=\"2 minutes\" \/>\n<script type=\"application\/ld+json\" class=\"yoast-schema-graph\">{\"@context\":\"https:\/\/schema.org\",\"@graph\":[{\"@type\":\"Article\",\"@id\":\"https:\/\/mobilitas.lat\/es\/2022\/02\/08\/coches-del-subte-subastados\/#article\",\"isPartOf\":{\"@id\":\"https:\/\/mobilitas.lat\/es\/2022\/02\/08\/coches-del-subte-subastados\/\"},\"author\":{\"name\":\"Alexandre Asquini\",\"@id\":\"https:\/\/mobilitas.lat\/es\/#\/schema\/person\/cae0d01ccbe855d1858d146e4c4d582d\"},\"headline\":\"Coches del Subte subastados\",\"datePublished\":\"2022-02-08T03:36:40+00:00\",\"dateModified\":\"2022-02-08T03:36:42+00:00\",\"mainEntityOfPage\":{\"@id\":\"https:\/\/mobilitas.lat\/es\/2022\/02\/08\/coches-del-subte-subastados\/\"},\"wordCount\":312,\"publisher\":{\"@id\":\"https:\/\/mobilitas.lat\/es\/#organization\"},\"image\":{\"@id\":\"https:\/\/mobilitas.lat\/es\/2022\/02\/08\/coches-del-subte-subastados\/#primaryimage\"},\"thumbnailUrl\":\"https:\/\/storage.mobilitas.lat\/uploads\/2022\/02\/MOBILITAS-TRENES-EN-DESUSO-SUBASTADOS-DE-SUBTE-CORTADO-PARA-CARROSSEL-MENOR.jpg\",\"keywords\":[\"BUENOS AIRES\",\"destaque\",\"SUBTE\"],\"articleSection\":[\"Notas\"],\"inLanguage\":\"es-ES\"},{\"@type\":\"WebPage\",\"@id\":\"https:\/\/mobilitas.lat\/es\/2022\/02\/08\/coches-del-subte-subastados\/\",\"url\":\"https:\/\/mobilitas.lat\/es\/2022\/02\/08\/coches-del-subte-subastados\/\",\"name\":\"Coches del Subte subastados | Mobilitas\",\"isPartOf\":{\"@id\":\"https:\/\/mobilitas.lat\/es\/#website\"},\"primaryImageOfPage\":{\"@id\":\"https:\/\/mobilitas.lat\/es\/2022\/02\/08\/coches-del-subte-subastados\/#primaryimage\"},\"image\":{\"@id\":\"https:\/\/mobilitas.lat\/es\/2022\/02\/08\/coches-del-subte-subastados\/#primaryimage\"},\"thumbnailUrl\":\"https:\/\/storage.mobilitas.lat\/uploads\/2022\/02\/MOBILITAS-TRENES-EN-DESUSO-SUBASTADOS-DE-SUBTE-CORTADO-PARA-CARROSSEL-MENOR.jpg\",\"datePublished\":\"2022-02-08T03:36:40+00:00\",\"dateModified\":\"2022-02-08T03:36:42+00:00\",\"breadcrumb\":{\"@id\":\"https:\/\/mobilitas.lat\/es\/2022\/02\/08\/coches-del-subte-subastados\/#breadcrumb\"},\"inLanguage\":\"es-ES\",\"potentialAction\":[{\"@type\":\"ReadAction\",\"target\":[\"https:\/\/mobilitas.lat\/es\/2022\/02\/08\/coches-del-subte-subastados\/\"]}]},{\"@type\":\"ImageObject\",\"inLanguage\":\"es-ES\",\"@id\":\"https:\/\/mobilitas.lat\/es\/2022\/02\/08\/coches-del-subte-subastados\/#primaryimage\",\"url\":\"https:\/\/storage.mobilitas.lat\/uploads\/2022\/02\/MOBILITAS-TRENES-EN-DESUSO-SUBASTADOS-DE-SUBTE-CORTADO-PARA-CARROSSEL-MENOR.jpg\",\"contentUrl\":\"https:\/\/storage.mobilitas.lat\/uploads\/2022\/02\/MOBILITAS-TRENES-EN-DESUSO-SUBASTADOS-DE-SUBTE-CORTADO-PARA-CARROSSEL-MENOR.jpg\",\"width\":744,\"height\":308},{\"@type\":\"BreadcrumbList\",\"@id\":\"https:\/\/mobilitas.lat\/es\/2022\/02\/08\/coches-del-subte-subastados\/#breadcrumb\",\"itemListElement\":[{\"@type\":\"ListItem\",\"position\":1,\"name\":\"In\u00edcio\",\"item\":\"https:\/\/mobilitas.lat\/es\/\"},{\"@type\":\"ListItem\",\"position\":2,\"name\":\"Coches del Subte subastados\"}]},{\"@type\":\"WebSite\",\"@id\":\"https:\/\/mobilitas.lat\/es\/#website\",\"url\":\"https:\/\/mobilitas.lat\/es\/\",\"name\":\"Mobilitas\",\"description\":\"Tecnologia e Mobilidade Urbana na Am\u00e9rica Latina\",\"publisher\":{\"@id\":\"https:\/\/mobilitas.lat\/es\/#organization\"},\"potentialAction\":[{\"@type\":\"SearchAction\",\"target\":{\"@type\":\"EntryPoint\",\"urlTemplate\":\"https:\/\/mobilitas.lat\/es\/?s={search_term_string}\"},\"query-input\":{\"@type\":\"PropertyValueSpecification\",\"valueRequired\":true,\"valueName\":\"search_term_string\"}}],\"inLanguage\":\"es-ES\"},{\"@type\":\"Organization\",\"@id\":\"https:\/\/mobilitas.lat\/es\/#organization\",\"name\":\"OTM Editora\",\"url\":\"https:\/\/mobilitas.lat\/es\/\",\"logo\":{\"@type\":\"ImageObject\",\"inLanguage\":\"es-ES\",\"@id\":\"https:\/\/mobilitas.lat\/es\/#\/schema\/logo\/image\/\",\"url\":\"https:\/\/mobilitas.lat\/wp-content\/uploads\/2024\/03\/opengraph.png\",\"contentUrl\":\"https:\/\/mobilitas.lat\/wp-content\/uploads\/2024\/03\/opengraph.png\",\"width\":1200,\"height\":630,\"caption\":\"OTM Editora\"},\"image\":{\"@id\":\"https:\/\/mobilitas.lat\/es\/#\/schema\/logo\/image\/\"}},{\"@type\":\"Person\",\"@id\":\"https:\/\/mobilitas.lat\/es\/#\/schema\/person\/cae0d01ccbe855d1858d146e4c4d582d\",\"name\":\"Alexandre Asquini\",\"image\":{\"@type\":\"ImageObject\",\"inLanguage\":\"es-ES\",\"@id\":\"https:\/\/mobilitas.lat\/es\/#\/schema\/person\/image\/\",\"url\":\"https:\/\/secure.gravatar.com\/avatar\/aac99dbef1420f75cc7d86913eb8a7cdfbe13e2509ad7a45649a61414f6d2785?s=96&d=mm&r=g\",\"contentUrl\":\"https:\/\/secure.gravatar.com\/avatar\/aac99dbef1420f75cc7d86913eb8a7cdfbe13e2509ad7a45649a61414f6d2785?s=96&d=mm&r=g\",\"caption\":\"Alexandre Asquini\"}}]}<\/script>\n<!-- \/ Yoast SEO plugin. -->","yoast_head_json":{"title":"Coches del Subte subastados | Mobilitas","robots":{"index":"index","follow":"follow","max-snippet":"max-snippet:-1","max-image-preview":"max-image-preview:large","max-video-preview":"max-video-preview:-1"},"canonical":"https:\/\/mobilitas.lat\/es\/2022\/02\/08\/coches-del-subte-subastados\/","og_locale":"es_ES","og_type":"article","og_title":"Coches del Subte subastados | Mobilitas","og_description":"Un \u00e9xito. Subterr\u00e1neos de Buenos Aires calific\u00f3 as\u00ed el resultado de la subasta de diez coches Siemens Schuckert en desuso concluida el 3 de febrero de 2022. Otros 35 coches ser\u00e1n rematados en breve. Seg\u00fan la empresa p\u00fablica, la subasta de los 10 vagones que sirvieron durante d\u00e9cadas en el metro porte\u00f1o concluy\u00f3 tras recibir [&hellip;]","og_url":"https:\/\/mobilitas.lat\/es\/2022\/02\/08\/coches-del-subte-subastados\/","og_site_name":"Mobilitas","article_published_time":"2022-02-08T03:36:40+00:00","article_modified_time":"2022-02-08T03:36:42+00:00","og_image":[{"width":744,"height":308,"url":"https:\/\/storage.mobilitas.lat\/uploads\/2022\/02\/MOBILITAS-TRENES-EN-DESUSO-SUBASTADOS-DE-SUBTE-CORTADO-PARA-CARROSSEL-MENOR.jpg","type":"image\/jpeg"}],"author":"Alexandre Asquini","twitter_card":"summary_large_image","twitter_misc":{"Written by":"Alexandre Asquini","Est. reading time":"2 minutes"},"schema":{"@context":"https:\/\/schema.org","@graph":[{"@type":"Article","@id":"https:\/\/mobilitas.lat\/es\/2022\/02\/08\/coches-del-subte-subastados\/#article","isPartOf":{"@id":"https:\/\/mobilitas.lat\/es\/2022\/02\/08\/coches-del-subte-subastados\/"},"author":{"name":"Alexandre Asquini","@id":"https:\/\/mobilitas.lat\/es\/#\/schema\/person\/cae0d01ccbe855d1858d146e4c4d582d"},"headline":"Coches del Subte subastados","datePublished":"2022-02-08T03:36:40+00:00","dateModified":"2022-02-08T03:36:42+00:00","mainEntityOfPage":{"@id":"https:\/\/mobilitas.lat\/es\/2022\/02\/08\/coches-del-subte-subastados\/"},"wordCount":312,"publisher":{"@id":"https:\/\/mobilitas.lat\/es\/#organization"},"image":{"@id":"https:\/\/mobilitas.lat\/es\/2022\/02\/08\/coches-del-subte-subastados\/#primaryimage"},"thumbnailUrl":"https:\/\/storage.mobilitas.lat\/uploads\/2022\/02\/MOBILITAS-TRENES-EN-DESUSO-SUBASTADOS-DE-SUBTE-CORTADO-PARA-CARROSSEL-MENOR.jpg","keywords":["BUENOS AIRES","destaque","SUBTE"],"articleSection":["Notas"],"inLanguage":"es-ES"},{"@type":"WebPage","@id":"https:\/\/mobilitas.lat\/es\/2022\/02\/08\/coches-del-subte-subastados\/","url":"https:\/\/mobilitas.lat\/es\/2022\/02\/08\/coches-del-subte-subastados\/","name":"Coches del Subte subastados | Mobilitas","isPartOf":{"@id":"https:\/\/mobilitas.lat\/es\/#website"},"primaryImageOfPage":{"@id":"https:\/\/mobilitas.lat\/es\/2022\/02\/08\/coches-del-subte-subastados\/#primaryimage"},"image":{"@id":"https:\/\/mobilitas.lat\/es\/2022\/02\/08\/coches-del-subte-subastados\/#primaryimage"},"thumbnailUrl":"https:\/\/storage.mobilitas.lat\/uploads\/2022\/02\/MOBILITAS-TRENES-EN-DESUSO-SUBASTADOS-DE-SUBTE-CORTADO-PARA-CARROSSEL-MENOR.jpg","datePublished":"2022-02-08T03:36:40+00:00","dateModified":"2022-02-08T03:36:42+00:00","breadcrumb":{"@id":"https:\/\/mobilitas.lat\/es\/2022\/02\/08\/coches-del-subte-subastados\/#breadcrumb"},"inLanguage":"es-ES","potentialAction":[{"@type":"ReadAction","target":["https:\/\/mobilitas.lat\/es\/2022\/02\/08\/coches-del-subte-subastados\/"]}]},{"@type":"ImageObject","inLanguage":"es-ES","@id":"https:\/\/mobilitas.lat\/es\/2022\/02\/08\/coches-del-subte-subastados\/#primaryimage","url":"https:\/\/storage.mobilitas.lat\/uploads\/2022\/02\/MOBILITAS-TRENES-EN-DESUSO-SUBASTADOS-DE-SUBTE-CORTADO-PARA-CARROSSEL-MENOR.jpg","contentUrl":"https:\/\/storage.mobilitas.lat\/uploads\/2022\/02\/MOBILITAS-TRENES-EN-DESUSO-SUBASTADOS-DE-SUBTE-CORTADO-PARA-CARROSSEL-MENOR.jpg","width":744,"height":308},{"@type":"BreadcrumbList","@id":"https:\/\/mobilitas.lat\/es\/2022\/02\/08\/coches-del-subte-subastados\/#breadcrumb","itemListElement":[{"@type":"ListItem","position":1,"name":"In\u00edcio","item":"https:\/\/mobilitas.lat\/es\/"},{"@type":"ListItem","position":2,"name":"Coches del Subte subastados"}]},{"@type":"WebSite","@id":"https:\/\/mobilitas.lat\/es\/#website","url":"https:\/\/mobilitas.lat\/es\/","name":"Mobilitas","description":"Tecnologia e Mobilidade Urbana na Am\u00e9rica Latina","publisher":{"@id":"https:\/\/mobilitas.lat\/es\/#organization"},"potentialAction":[{"@type":"SearchAction","target":{"@type":"EntryPoint","urlTemplate":"https:\/\/mobilitas.lat\/es\/?s={search_term_string}"},"query-input":{"@type":"PropertyValueSpecification","valueRequired":true,"valueName":"search_term_string"}}],"inLanguage":"es-ES"},{"@type":"Organization","@id":"https:\/\/mobilitas.lat\/es\/#organization","name":"OTM Editora","url":"https:\/\/mobilitas.lat\/es\/","logo":{"@type":"ImageObject","inLanguage":"es-ES","@id":"https:\/\/mobilitas.lat\/es\/#\/schema\/logo\/image\/","url":"https:\/\/mobilitas.lat\/wp-content\/uploads\/2024\/03\/opengraph.png","contentUrl":"https:\/\/mobilitas.lat\/wp-content\/uploads\/2024\/03\/opengraph.png","width":1200,"height":630,"caption":"OTM Editora"},"image":{"@id":"https:\/\/mobilitas.lat\/es\/#\/schema\/logo\/image\/"}},{"@type":"Person","@id":"https:\/\/mobilitas.lat\/es\/#\/schema\/person\/cae0d01ccbe855d1858d146e4c4d582d","name":"Alexandre Asquini","image":{"@type":"ImageObject","inLanguage":"es-ES","@id":"https:\/\/mobilitas.lat\/es\/#\/schema\/person\/image\/","url":"https:\/\/secure.gravatar.com\/avatar\/aac99dbef1420f75cc7d86913eb8a7cdfbe13e2509ad7a45649a61414f6d2785?s=96&d=mm&r=g","contentUrl":"https:\/\/secure.gravatar.com\/avatar\/aac99dbef1420f75cc7d86913eb8a7cdfbe13e2509ad7a45649a61414f6d2785?s=96&d=mm&r=g","caption":"Alexandre Asquini"}}]}},"_links":{"self":[{"href":"https:\/\/mobilitas.lat\/es\/wp-json\/wp\/v2\/posts\/13005","targetHints":{"allow":["GET"]}}],"collection":[{"href":"https:\/\/mobilitas.lat\/es\/wp-json\/wp\/v2\/posts"}],"about":[{"href":"https:\/\/mobilitas.lat\/es\/wp-json\/wp\/v2\/types\/post"}],"author":[{"embeddable":true,"href":"https:\/\/mobilitas.lat\/es\/wp-json\/wp\/v2\/users\/2"}],"replies":[{"embeddable":true,"href":"https:\/\/mobilitas.lat\/es\/wp-json\/wp\/v2\/comments?post=13005"}],"version-history":[{"count":2,"href":"https:\/\/mobilitas.lat\/es\/wp-json\/wp\/v2\/posts\/13005\/revisions"}],"predecessor-version":[{"id":13007,"href":"https:\/\/mobilitas.lat\/es\/wp-json\/wp\/v2\/posts\/13005\/revisions\/13007"}],"wp:featuredmedia":[{"embeddable":true,"href":"https:\/\/mobilitas.lat\/es\/wp-json\/wp\/v2\/media\/13001"}],"wp:attachment":[{"href":"https:\/\/mobilitas.lat\/es\/wp-json\/wp\/v2\/media?parent=13005"}],"wp:term":[{"taxonomy":"category","embeddable":true,"href":"https:\/\/mobilitas.lat\/es\/wp-json\/wp\/v2\/categories?post=13005"},{"taxonomy":"post_tag","embeddable":true,"href":"https:\/\/mobilitas.lat\/es\/wp-json\/wp\/v2\/tags?post=13005"}],"curies":[{"name":"wp","href":"https:\/\/api.w.org\/{rel}","templated":true}]}}