{"id":12492,"date":"2021-12-22T01:01:42","date_gmt":"2021-12-22T04:01:42","guid":{"rendered":"https:\/\/mobilitas.lat\/?p=12492"},"modified":"2021-12-22T01:38:16","modified_gmt":"2021-12-22T04:38:16","slug":"en-la-cop26-la-uitp-muestra-el-transporte-publico-como-parte-de-las-soluciones-a-la-crisis-medioambiental-abogamos-por-mas-transporte-publico-mas-tiempo-dijo-el-secretario-general-de-la-entida","status":"publish","type":"post","link":"https:\/\/mobilitas.lat\/es\/2021\/12\/22\/en-la-cop26-la-uitp-muestra-el-transporte-publico-como-parte-de-las-soluciones-a-la-crisis-medioambiental-abogamos-por-mas-transporte-publico-mas-tiempo-dijo-el-secretario-general-de-la-entida\/","title":{"rendered":"En la COP26, la UITP muestra el transporte p\u00fablico como parte de las soluciones a la crisis medioambiental. &#8220;Abogamos por m\u00e1s transporte p\u00fablico, m\u00e1s tiempo&#8221;, dijo el secretario general de la entidad, Mohamed Mezghani"},"content":{"rendered":"\n<figure class=\"wp-block-image size-large is-resized is-style-default\"><img loading=\"lazy\" decoding=\"async\" src=\"https:\/\/storage.mobilitas.lat\/uploads\/2021\/11\/MOBILITAS-MOHAMED-MEZGHANI-DE-UM-VIDEO.jpg\" alt=\"\" class=\"wp-image-12489\" width=\"630\" height=\"379\" srcset=\"https:\/\/storage.mobilitas.lat\/uploads\/2021\/11\/MOBILITAS-MOHAMED-MEZGHANI-DE-UM-VIDEO.jpg 684w, https:\/\/storage.mobilitas.lat\/uploads\/2021\/11\/MOBILITAS-MOHAMED-MEZGHANI-DE-UM-VIDEO-300x181.jpg 300w\" sizes=\"auto, (max-width: 630px) 100vw, 630px\" \/><figcaption><strong><em>Mohamed Mezghani<\/em><\/strong><\/figcaption><\/figure>\n\n\n\n<p>La Uni\u00f3n Internacional de Transportes P\u00fablicos (UITP) particip\u00f3 del 31 de octubre al 14 de noviembre de 2021 en Glasgow, Escocia, en la <em>26\u00aa Conferencia de las Naciones Unidas sobre el Cambio Clim\u00e1tico (COP26)<\/em>, que reuni\u00f3 a representantes de los 196 pa\u00edses firmantes del Acuerdo de Par\u00eds.<\/p>\n\n\n\n<p>Encabezada por su Secretario General, Mohamed Mezghani, la delegaci\u00f3n de la UITP ten\u00eda claro que el transporte p\u00fablico no ocupaba un lugar tan importante en la agenda de los responsables de la toma de decisiones como deber\u00eda, y por ello se dio cuenta de que su presencia y participaci\u00f3n en la COP26 era a\u00fan m\u00e1s vital.<\/p>\n\n\n\n<p>Junto con muchos de sus miembros, partes interesadas externas y socios &#8211; a trav\u00e9s de la participaci\u00f3n en eventos, paneles, reuniones bilaterales y entrevistas de prensa, y encuentros con ministros, alcaldes, l\u00edderes de la industria de suministros, representantes de organizaciones internacionales y compa\u00f1eros de otras asociaciones profesionales &#8211; la UITP abog\u00f3 por el transporte p\u00fablico como parte de las soluciones a la crisis medioambiental.<\/p>\n\n\n\n<p>&#8220;Nuestra estancia en Glasgow supuso una agenda repleta de reuniones, eventos, apariciones y entrevistas, en las que en cada reuni\u00f3n abogamos por m\u00e1s transporte p\u00fablico, m\u00e1s tiempo&#8221;, dijo Mezghani, explicando que la UITP presion\u00f3 para que el transporte p\u00fablico tuviera una mayor presencia en la agenda. Y continu\u00f3: &#8220;Nuestra programaci\u00f3n activa, la promoci\u00f3n y la divulgaci\u00f3n fueron a\u00fan m\u00e1s impresionantes debido a las necesarias restricciones de Covid-19, lo que hizo de la COP26 una reuni\u00f3n clim\u00e1tica \u00fanica&#8221;.<\/p>\n\n\n\n<p>&nbsp;<strong>RELEVANCIA<\/strong><\/p>\n\n\n\n<p>&nbsp;Mohamed Mezghani subray\u00f3 que hay mucho que expresar sobre el importante papel del transporte p\u00fablico para mejorar la vida en la ciudad. &#8220;El transporte p\u00fablico est\u00e1 centrado en las personas, y ser\u00e1 un futuro centrado en las personas el que ayude a nuestro planeta. Eso exige m\u00e1s atenci\u00f3n por parte de los responsables de la toma de decisiones&#8221;.<\/p>\n\n\n\n<p>&nbsp;Y a\u00f1adi\u00f3: &#8220;Dado que el 70% de las emisiones del transporte se producen en las zonas urbanas, es extremadamente relevante que la UITP, en nombre del sector del transporte p\u00fablico mundial, muestre c\u00f3mo nuestra industria ofrece muchas soluciones para ayudar a mitigar el cambio clim\u00e1tico.&#8221;<\/p>\n\n\n\n<p>El dirigente se\u00f1al\u00f3 que, mientras el mundo lucha contra el aumento de las temperaturas, las emisiones y la necesidad de abordar el cambio clim\u00e1tico, la UITP sabe que el sector que representa puede desempe\u00f1ar un papel valioso para el futuro global.<\/p>\n\n\n\n<p>\u00c9l dijo: &#8220;En la actualidad, solo un 30% de los planes nacionales de acci\u00f3n clim\u00e1tica incluyen el transporte p\u00fablico. El transporte p\u00fablico es una gran soluci\u00f3n a la crisis clim\u00e1tica, por lo que deber\u00eda figurar en todos los planes&#8221;.<\/p>\n\n\n\n<p>Mezghani consider\u00f3 que el acuerdo final alcanzado en la COP26 implica un compromiso para algunas partes, pero no incluye un enfoque suficiente sobre la movilidad activa y sostenible.<\/p>\n\n\n\n<p>En cualquier caso, valorando de nuevo la actuaci\u00f3n de la UITP en la COP26, el secretario general afirm\u00f3: &#8220;Nuestro tiempo en Glasgow fue bien aprovechado, y quienes ocupan puestos de decisi\u00f3n deben aumentar su atenci\u00f3n al transporte p\u00fablico. La UITP abandon\u00f3 Escocia llena de optimismo para nuestro sector y con la determinaci\u00f3n de seguir centr\u00e1ndose en la acci\u00f3n clim\u00e1tica con el transporte p\u00fablico. Y sigo siendo optimista de que podemos hacer este cambio para ofrecer un futuro mejor para todos&#8221;.<\/p>\n\n\n\n<p><strong>PREVIAMENTE A LA COP26<\/strong><\/p>\n\n\n\n<p>En el per\u00edodo previo al evento internacional, la UITP ya hab\u00eda unido fuerzas con varios socios externos para defender el sector del transporte p\u00fablico como herramienta para superar la crisis medioambiental.<\/p>\n\n\n\n<p>La UITP ha colaborado con REN21 en un nuevo informe pol\u00edtico. REN21 se define como una comunidad mundial de energ\u00edas renovables formada por actores de la ciencia, los gobiernos, las ONG y la industria, que proporciona datos, cifras y an\u00e1lisis actualizados y revisados por expertos sobre la evoluci\u00f3n mundial de la tecnolog\u00eda, la pol\u00edtica y los mercados, con el objetivo de permitir a los responsables de la toma de decisiones realizar el cambio a las energ\u00edas renovables de forma inmediata.<\/p>\n\n\n\n<p>Con la Fundaci\u00f3n Europea de Formaci\u00f3n (ETF), la UITP cooper\u00f3 en la redacci\u00f3n de una declaraci\u00f3n conjunta sobre el tema. Y con la Uni\u00f3n Internacional de Ferrocarriles (UIC) se asoci\u00f3 en el D\u00eda del Transporte para pedir que el transporte p\u00fablico lidere la descarbonizaci\u00f3n.<\/p>\n","protected":false},"excerpt":{"rendered":"<p>La Uni\u00f3n Internacional de Transportes P\u00fablicos (UITP) particip\u00f3 del 31 de octubre al 14 de noviembre de 2021 en Glasgow, Escocia, en la 26\u00aa Conferencia de las Naciones Unidas sobre el Cambio Clim\u00e1tico (COP26), que reuni\u00f3 a representantes de los 196 pa\u00edses firmantes del Acuerdo de Par\u00eds. Encabezada por su Secretario General, Mohamed Mezghani, la [&hellip;]<\/p>\n","protected":false},"author":2,"featured_media":12496,"comment_status":"closed","ping_status":"closed","sticky":false,"template":"","format":"standard","meta":{"footnotes":""},"categories":[287],"tags":[1660,917,1473,739],"class_list":["post-12492","post","type-post","status-publish","format-standard","has-post-thumbnail","hentry","category-notas","tag-cop26","tag-mohamed-mezghani","tag-primera-nota","tag-uitp-es"],"yoast_head":"<!-- This site is optimized with the Yoast SEO plugin v26.9 - https:\/\/yoast.com\/product\/yoast-seo-wordpress\/ -->\n<title>En la COP26, la UITP muestra el transporte p\u00fablico como parte de las soluciones a la crisis medioambiental. &quot;Abogamos por m\u00e1s transporte p\u00fablico, m\u00e1s tiempo&quot;, dijo el secretario general de la entidad, Mohamed Mezghani | Mobilitas<\/title>\n<meta name=\"robots\" content=\"index, follow, max-snippet:-1, max-image-preview:large, max-video-preview:-1\" \/>\n<link rel=\"canonical\" href=\"https:\/\/mobilitas.lat\/es\/2021\/12\/22\/en-la-cop26-la-uitp-muestra-el-transporte-publico-como-parte-de-las-soluciones-a-la-crisis-medioambiental-abogamos-por-mas-transporte-publico-mas-tiempo-dijo-el-secretario-general-de-la-entida\/\" \/>\n<meta property=\"og:locale\" content=\"es_ES\" \/>\n<meta property=\"og:type\" content=\"article\" \/>\n<meta property=\"og:title\" content=\"En la COP26, la UITP muestra el transporte p\u00fablico como parte de las soluciones a la crisis medioambiental. &quot;Abogamos por m\u00e1s transporte p\u00fablico, m\u00e1s tiempo&quot;, dijo el secretario general de la entidad, Mohamed Mezghani | Mobilitas\" \/>\n<meta property=\"og:description\" content=\"La Uni\u00f3n Internacional de Transportes P\u00fablicos (UITP) particip\u00f3 del 31 de octubre al 14 de noviembre de 2021 en Glasgow, Escocia, en la 26\u00aa Conferencia de las Naciones Unidas sobre el Cambio Clim\u00e1tico (COP26), que reuni\u00f3 a representantes de los 196 pa\u00edses firmantes del Acuerdo de Par\u00eds. Encabezada por su Secretario General, Mohamed Mezghani, la [&hellip;]\" \/>\n<meta property=\"og:url\" content=\"https:\/\/mobilitas.lat\/es\/2021\/12\/22\/en-la-cop26-la-uitp-muestra-el-transporte-publico-como-parte-de-las-soluciones-a-la-crisis-medioambiental-abogamos-por-mas-transporte-publico-mas-tiempo-dijo-el-secretario-general-de-la-entida\/\" \/>\n<meta property=\"og:site_name\" content=\"Mobilitas\" \/>\n<meta property=\"article:published_time\" content=\"2021-12-22T04:01:42+00:00\" \/>\n<meta property=\"article:modified_time\" content=\"2021-12-22T04:38:16+00:00\" \/>\n<meta property=\"og:image\" content=\"https:\/\/storage.mobilitas.lat\/uploads\/2021\/11\/MOBILITAS-MOHAMED-MEZGHANI-DE-UM-VIDEO-1.jpg\" \/>\n\t<meta property=\"og:image:width\" content=\"684\" \/>\n\t<meta property=\"og:image:height\" content=\"388\" \/>\n\t<meta property=\"og:image:type\" content=\"image\/jpeg\" \/>\n<meta name=\"author\" content=\"Alexandre Asquini\" \/>\n<meta name=\"twitter:card\" content=\"summary_large_image\" \/>\n<meta name=\"twitter:label1\" content=\"Written by\" \/>\n\t<meta name=\"twitter:data1\" content=\"Alexandre Asquini\" \/>\n\t<meta name=\"twitter:label2\" content=\"Est. reading time\" \/>\n\t<meta name=\"twitter:data2\" content=\"4 minutes\" \/>\n<script type=\"application\/ld+json\" class=\"yoast-schema-graph\">{\"@context\":\"https:\/\/schema.org\",\"@graph\":[{\"@type\":\"Article\",\"@id\":\"https:\/\/mobilitas.lat\/es\/2021\/12\/22\/en-la-cop26-la-uitp-muestra-el-transporte-publico-como-parte-de-las-soluciones-a-la-crisis-medioambiental-abogamos-por-mas-transporte-publico-mas-tiempo-dijo-el-secretario-general-de-la-entida\/#article\",\"isPartOf\":{\"@id\":\"https:\/\/mobilitas.lat\/es\/2021\/12\/22\/en-la-cop26-la-uitp-muestra-el-transporte-publico-como-parte-de-las-soluciones-a-la-crisis-medioambiental-abogamos-por-mas-transporte-publico-mas-tiempo-dijo-el-secretario-general-de-la-entida\/\"},\"author\":{\"name\":\"Alexandre Asquini\",\"@id\":\"https:\/\/mobilitas.lat\/es\/#\/schema\/person\/cae0d01ccbe855d1858d146e4c4d582d\"},\"headline\":\"En la COP26, la UITP muestra el transporte p\u00fablico como parte de las soluciones a la crisis medioambiental. &#8220;Abogamos por m\u00e1s transporte p\u00fablico, m\u00e1s tiempo&#8221;, dijo el secretario general de la entidad, Mohamed Mezghani\",\"datePublished\":\"2021-12-22T04:01:42+00:00\",\"dateModified\":\"2021-12-22T04:38:16+00:00\",\"mainEntityOfPage\":{\"@id\":\"https:\/\/mobilitas.lat\/es\/2021\/12\/22\/en-la-cop26-la-uitp-muestra-el-transporte-publico-como-parte-de-las-soluciones-a-la-crisis-medioambiental-abogamos-por-mas-transporte-publico-mas-tiempo-dijo-el-secretario-general-de-la-entida\/\"},\"wordCount\":805,\"publisher\":{\"@id\":\"https:\/\/mobilitas.lat\/es\/#organization\"},\"image\":{\"@id\":\"https:\/\/mobilitas.lat\/es\/2021\/12\/22\/en-la-cop26-la-uitp-muestra-el-transporte-publico-como-parte-de-las-soluciones-a-la-crisis-medioambiental-abogamos-por-mas-transporte-publico-mas-tiempo-dijo-el-secretario-general-de-la-entida\/#primaryimage\"},\"thumbnailUrl\":\"https:\/\/storage.mobilitas.lat\/uploads\/2021\/11\/MOBILITAS-MOHAMED-MEZGHANI-DE-UM-VIDEO-1.jpg\",\"keywords\":[\"COP26\",\"MOHAMED MEZGHANI\",\"Primera Nota\",\"UITP\"],\"articleSection\":[\"Notas\"],\"inLanguage\":\"es-ES\"},{\"@type\":\"WebPage\",\"@id\":\"https:\/\/mobilitas.lat\/es\/2021\/12\/22\/en-la-cop26-la-uitp-muestra-el-transporte-publico-como-parte-de-las-soluciones-a-la-crisis-medioambiental-abogamos-por-mas-transporte-publico-mas-tiempo-dijo-el-secretario-general-de-la-entida\/\",\"url\":\"https:\/\/mobilitas.lat\/es\/2021\/12\/22\/en-la-cop26-la-uitp-muestra-el-transporte-publico-como-parte-de-las-soluciones-a-la-crisis-medioambiental-abogamos-por-mas-transporte-publico-mas-tiempo-dijo-el-secretario-general-de-la-entida\/\",\"name\":\"En la COP26, la UITP muestra el transporte p\u00fablico como parte de las soluciones a la crisis medioambiental. \\\"Abogamos por m\u00e1s transporte p\u00fablico, m\u00e1s tiempo\\\", dijo el secretario general de la entidad, Mohamed Mezghani | Mobilitas\",\"isPartOf\":{\"@id\":\"https:\/\/mobilitas.lat\/es\/#website\"},\"primaryImageOfPage\":{\"@id\":\"https:\/\/mobilitas.lat\/es\/2021\/12\/22\/en-la-cop26-la-uitp-muestra-el-transporte-publico-como-parte-de-las-soluciones-a-la-crisis-medioambiental-abogamos-por-mas-transporte-publico-mas-tiempo-dijo-el-secretario-general-de-la-entida\/#primaryimage\"},\"image\":{\"@id\":\"https:\/\/mobilitas.lat\/es\/2021\/12\/22\/en-la-cop26-la-uitp-muestra-el-transporte-publico-como-parte-de-las-soluciones-a-la-crisis-medioambiental-abogamos-por-mas-transporte-publico-mas-tiempo-dijo-el-secretario-general-de-la-entida\/#primaryimage\"},\"thumbnailUrl\":\"https:\/\/storage.mobilitas.lat\/uploads\/2021\/11\/MOBILITAS-MOHAMED-MEZGHANI-DE-UM-VIDEO-1.jpg\",\"datePublished\":\"2021-12-22T04:01:42+00:00\",\"dateModified\":\"2021-12-22T04:38:16+00:00\",\"breadcrumb\":{\"@id\":\"https:\/\/mobilitas.lat\/es\/2021\/12\/22\/en-la-cop26-la-uitp-muestra-el-transporte-publico-como-parte-de-las-soluciones-a-la-crisis-medioambiental-abogamos-por-mas-transporte-publico-mas-tiempo-dijo-el-secretario-general-de-la-entida\/#breadcrumb\"},\"inLanguage\":\"es-ES\",\"potentialAction\":[{\"@type\":\"ReadAction\",\"target\":[\"https:\/\/mobilitas.lat\/es\/2021\/12\/22\/en-la-cop26-la-uitp-muestra-el-transporte-publico-como-parte-de-las-soluciones-a-la-crisis-medioambiental-abogamos-por-mas-transporte-publico-mas-tiempo-dijo-el-secretario-general-de-la-entida\/\"]}]},{\"@type\":\"ImageObject\",\"inLanguage\":\"es-ES\",\"@id\":\"https:\/\/mobilitas.lat\/es\/2021\/12\/22\/en-la-cop26-la-uitp-muestra-el-transporte-publico-como-parte-de-las-soluciones-a-la-crisis-medioambiental-abogamos-por-mas-transporte-publico-mas-tiempo-dijo-el-secretario-general-de-la-entida\/#primaryimage\",\"url\":\"https:\/\/storage.mobilitas.lat\/uploads\/2021\/11\/MOBILITAS-MOHAMED-MEZGHANI-DE-UM-VIDEO-1.jpg\",\"contentUrl\":\"https:\/\/storage.mobilitas.lat\/uploads\/2021\/11\/MOBILITAS-MOHAMED-MEZGHANI-DE-UM-VIDEO-1.jpg\",\"width\":684,\"height\":388},{\"@type\":\"BreadcrumbList\",\"@id\":\"https:\/\/mobilitas.lat\/es\/2021\/12\/22\/en-la-cop26-la-uitp-muestra-el-transporte-publico-como-parte-de-las-soluciones-a-la-crisis-medioambiental-abogamos-por-mas-transporte-publico-mas-tiempo-dijo-el-secretario-general-de-la-entida\/#breadcrumb\",\"itemListElement\":[{\"@type\":\"ListItem\",\"position\":1,\"name\":\"In\u00edcio\",\"item\":\"https:\/\/mobilitas.lat\/es\/\"},{\"@type\":\"ListItem\",\"position\":2,\"name\":\"En la COP26, la UITP muestra el transporte p\u00fablico como parte de las soluciones a la crisis medioambiental. &#8220;Abogamos por m\u00e1s transporte p\u00fablico, m\u00e1s tiempo&#8221;, dijo el secretario general de la entidad, Mohamed Mezghani\"}]},{\"@type\":\"WebSite\",\"@id\":\"https:\/\/mobilitas.lat\/es\/#website\",\"url\":\"https:\/\/mobilitas.lat\/es\/\",\"name\":\"Mobilitas\",\"description\":\"Tecnologia e Mobilidade Urbana na Am\u00e9rica Latina\",\"publisher\":{\"@id\":\"https:\/\/mobilitas.lat\/es\/#organization\"},\"potentialAction\":[{\"@type\":\"SearchAction\",\"target\":{\"@type\":\"EntryPoint\",\"urlTemplate\":\"https:\/\/mobilitas.lat\/es\/?s={search_term_string}\"},\"query-input\":{\"@type\":\"PropertyValueSpecification\",\"valueRequired\":true,\"valueName\":\"search_term_string\"}}],\"inLanguage\":\"es-ES\"},{\"@type\":\"Organization\",\"@id\":\"https:\/\/mobilitas.lat\/es\/#organization\",\"name\":\"OTM Editora\",\"url\":\"https:\/\/mobilitas.lat\/es\/\",\"logo\":{\"@type\":\"ImageObject\",\"inLanguage\":\"es-ES\",\"@id\":\"https:\/\/mobilitas.lat\/es\/#\/schema\/logo\/image\/\",\"url\":\"https:\/\/mobilitas.lat\/wp-content\/uploads\/2024\/03\/opengraph.png\",\"contentUrl\":\"https:\/\/mobilitas.lat\/wp-content\/uploads\/2024\/03\/opengraph.png\",\"width\":1200,\"height\":630,\"caption\":\"OTM Editora\"},\"image\":{\"@id\":\"https:\/\/mobilitas.lat\/es\/#\/schema\/logo\/image\/\"}},{\"@type\":\"Person\",\"@id\":\"https:\/\/mobilitas.lat\/es\/#\/schema\/person\/cae0d01ccbe855d1858d146e4c4d582d\",\"name\":\"Alexandre Asquini\",\"image\":{\"@type\":\"ImageObject\",\"inLanguage\":\"es-ES\",\"@id\":\"https:\/\/mobilitas.lat\/es\/#\/schema\/person\/image\/\",\"url\":\"https:\/\/secure.gravatar.com\/avatar\/aac99dbef1420f75cc7d86913eb8a7cdfbe13e2509ad7a45649a61414f6d2785?s=96&d=mm&r=g\",\"contentUrl\":\"https:\/\/secure.gravatar.com\/avatar\/aac99dbef1420f75cc7d86913eb8a7cdfbe13e2509ad7a45649a61414f6d2785?s=96&d=mm&r=g\",\"caption\":\"Alexandre Asquini\"}}]}<\/script>\n<!-- \/ Yoast SEO plugin. -->","yoast_head_json":{"title":"En la COP26, la UITP muestra el transporte p\u00fablico como parte de las soluciones a la crisis medioambiental. \"Abogamos por m\u00e1s transporte p\u00fablico, m\u00e1s tiempo\", dijo el secretario general de la entidad, Mohamed Mezghani | Mobilitas","robots":{"index":"index","follow":"follow","max-snippet":"max-snippet:-1","max-image-preview":"max-image-preview:large","max-video-preview":"max-video-preview:-1"},"canonical":"https:\/\/mobilitas.lat\/es\/2021\/12\/22\/en-la-cop26-la-uitp-muestra-el-transporte-publico-como-parte-de-las-soluciones-a-la-crisis-medioambiental-abogamos-por-mas-transporte-publico-mas-tiempo-dijo-el-secretario-general-de-la-entida\/","og_locale":"es_ES","og_type":"article","og_title":"En la COP26, la UITP muestra el transporte p\u00fablico como parte de las soluciones a la crisis medioambiental. \"Abogamos por m\u00e1s transporte p\u00fablico, m\u00e1s tiempo\", dijo el secretario general de la entidad, Mohamed Mezghani | Mobilitas","og_description":"La Uni\u00f3n Internacional de Transportes P\u00fablicos (UITP) particip\u00f3 del 31 de octubre al 14 de noviembre de 2021 en Glasgow, Escocia, en la 26\u00aa Conferencia de las Naciones Unidas sobre el Cambio Clim\u00e1tico (COP26), que reuni\u00f3 a representantes de los 196 pa\u00edses firmantes del Acuerdo de Par\u00eds. Encabezada por su Secretario General, Mohamed Mezghani, la [&hellip;]","og_url":"https:\/\/mobilitas.lat\/es\/2021\/12\/22\/en-la-cop26-la-uitp-muestra-el-transporte-publico-como-parte-de-las-soluciones-a-la-crisis-medioambiental-abogamos-por-mas-transporte-publico-mas-tiempo-dijo-el-secretario-general-de-la-entida\/","og_site_name":"Mobilitas","article_published_time":"2021-12-22T04:01:42+00:00","article_modified_time":"2021-12-22T04:38:16+00:00","og_image":[{"width":684,"height":388,"url":"https:\/\/storage.mobilitas.lat\/uploads\/2021\/11\/MOBILITAS-MOHAMED-MEZGHANI-DE-UM-VIDEO-1.jpg","type":"image\/jpeg"}],"author":"Alexandre Asquini","twitter_card":"summary_large_image","twitter_misc":{"Written by":"Alexandre Asquini","Est. reading time":"4 minutes"},"schema":{"@context":"https:\/\/schema.org","@graph":[{"@type":"Article","@id":"https:\/\/mobilitas.lat\/es\/2021\/12\/22\/en-la-cop26-la-uitp-muestra-el-transporte-publico-como-parte-de-las-soluciones-a-la-crisis-medioambiental-abogamos-por-mas-transporte-publico-mas-tiempo-dijo-el-secretario-general-de-la-entida\/#article","isPartOf":{"@id":"https:\/\/mobilitas.lat\/es\/2021\/12\/22\/en-la-cop26-la-uitp-muestra-el-transporte-publico-como-parte-de-las-soluciones-a-la-crisis-medioambiental-abogamos-por-mas-transporte-publico-mas-tiempo-dijo-el-secretario-general-de-la-entida\/"},"author":{"name":"Alexandre Asquini","@id":"https:\/\/mobilitas.lat\/es\/#\/schema\/person\/cae0d01ccbe855d1858d146e4c4d582d"},"headline":"En la COP26, la UITP muestra el transporte p\u00fablico como parte de las soluciones a la crisis medioambiental. &#8220;Abogamos por m\u00e1s transporte p\u00fablico, m\u00e1s tiempo&#8221;, dijo el secretario general de la entidad, Mohamed Mezghani","datePublished":"2021-12-22T04:01:42+00:00","dateModified":"2021-12-22T04:38:16+00:00","mainEntityOfPage":{"@id":"https:\/\/mobilitas.lat\/es\/2021\/12\/22\/en-la-cop26-la-uitp-muestra-el-transporte-publico-como-parte-de-las-soluciones-a-la-crisis-medioambiental-abogamos-por-mas-transporte-publico-mas-tiempo-dijo-el-secretario-general-de-la-entida\/"},"wordCount":805,"publisher":{"@id":"https:\/\/mobilitas.lat\/es\/#organization"},"image":{"@id":"https:\/\/mobilitas.lat\/es\/2021\/12\/22\/en-la-cop26-la-uitp-muestra-el-transporte-publico-como-parte-de-las-soluciones-a-la-crisis-medioambiental-abogamos-por-mas-transporte-publico-mas-tiempo-dijo-el-secretario-general-de-la-entida\/#primaryimage"},"thumbnailUrl":"https:\/\/storage.mobilitas.lat\/uploads\/2021\/11\/MOBILITAS-MOHAMED-MEZGHANI-DE-UM-VIDEO-1.jpg","keywords":["COP26","MOHAMED MEZGHANI","Primera Nota","UITP"],"articleSection":["Notas"],"inLanguage":"es-ES"},{"@type":"WebPage","@id":"https:\/\/mobilitas.lat\/es\/2021\/12\/22\/en-la-cop26-la-uitp-muestra-el-transporte-publico-como-parte-de-las-soluciones-a-la-crisis-medioambiental-abogamos-por-mas-transporte-publico-mas-tiempo-dijo-el-secretario-general-de-la-entida\/","url":"https:\/\/mobilitas.lat\/es\/2021\/12\/22\/en-la-cop26-la-uitp-muestra-el-transporte-publico-como-parte-de-las-soluciones-a-la-crisis-medioambiental-abogamos-por-mas-transporte-publico-mas-tiempo-dijo-el-secretario-general-de-la-entida\/","name":"En la COP26, la UITP muestra el transporte p\u00fablico como parte de las soluciones a la crisis medioambiental. \"Abogamos por m\u00e1s transporte p\u00fablico, m\u00e1s tiempo\", dijo el secretario general de la entidad, Mohamed Mezghani | Mobilitas","isPartOf":{"@id":"https:\/\/mobilitas.lat\/es\/#website"},"primaryImageOfPage":{"@id":"https:\/\/mobilitas.lat\/es\/2021\/12\/22\/en-la-cop26-la-uitp-muestra-el-transporte-publico-como-parte-de-las-soluciones-a-la-crisis-medioambiental-abogamos-por-mas-transporte-publico-mas-tiempo-dijo-el-secretario-general-de-la-entida\/#primaryimage"},"image":{"@id":"https:\/\/mobilitas.lat\/es\/2021\/12\/22\/en-la-cop26-la-uitp-muestra-el-transporte-publico-como-parte-de-las-soluciones-a-la-crisis-medioambiental-abogamos-por-mas-transporte-publico-mas-tiempo-dijo-el-secretario-general-de-la-entida\/#primaryimage"},"thumbnailUrl":"https:\/\/storage.mobilitas.lat\/uploads\/2021\/11\/MOBILITAS-MOHAMED-MEZGHANI-DE-UM-VIDEO-1.jpg","datePublished":"2021-12-22T04:01:42+00:00","dateModified":"2021-12-22T04:38:16+00:00","breadcrumb":{"@id":"https:\/\/mobilitas.lat\/es\/2021\/12\/22\/en-la-cop26-la-uitp-muestra-el-transporte-publico-como-parte-de-las-soluciones-a-la-crisis-medioambiental-abogamos-por-mas-transporte-publico-mas-tiempo-dijo-el-secretario-general-de-la-entida\/#breadcrumb"},"inLanguage":"es-ES","potentialAction":[{"@type":"ReadAction","target":["https:\/\/mobilitas.lat\/es\/2021\/12\/22\/en-la-cop26-la-uitp-muestra-el-transporte-publico-como-parte-de-las-soluciones-a-la-crisis-medioambiental-abogamos-por-mas-transporte-publico-mas-tiempo-dijo-el-secretario-general-de-la-entida\/"]}]},{"@type":"ImageObject","inLanguage":"es-ES","@id":"https:\/\/mobilitas.lat\/es\/2021\/12\/22\/en-la-cop26-la-uitp-muestra-el-transporte-publico-como-parte-de-las-soluciones-a-la-crisis-medioambiental-abogamos-por-mas-transporte-publico-mas-tiempo-dijo-el-secretario-general-de-la-entida\/#primaryimage","url":"https:\/\/storage.mobilitas.lat\/uploads\/2021\/11\/MOBILITAS-MOHAMED-MEZGHANI-DE-UM-VIDEO-1.jpg","contentUrl":"https:\/\/storage.mobilitas.lat\/uploads\/2021\/11\/MOBILITAS-MOHAMED-MEZGHANI-DE-UM-VIDEO-1.jpg","width":684,"height":388},{"@type":"BreadcrumbList","@id":"https:\/\/mobilitas.lat\/es\/2021\/12\/22\/en-la-cop26-la-uitp-muestra-el-transporte-publico-como-parte-de-las-soluciones-a-la-crisis-medioambiental-abogamos-por-mas-transporte-publico-mas-tiempo-dijo-el-secretario-general-de-la-entida\/#breadcrumb","itemListElement":[{"@type":"ListItem","position":1,"name":"In\u00edcio","item":"https:\/\/mobilitas.lat\/es\/"},{"@type":"ListItem","position":2,"name":"En la COP26, la UITP muestra el transporte p\u00fablico como parte de las soluciones a la crisis medioambiental. &#8220;Abogamos por m\u00e1s transporte p\u00fablico, m\u00e1s tiempo&#8221;, dijo el secretario general de la entidad, Mohamed Mezghani"}]},{"@type":"WebSite","@id":"https:\/\/mobilitas.lat\/es\/#website","url":"https:\/\/mobilitas.lat\/es\/","name":"Mobilitas","description":"Tecnologia e Mobilidade Urbana na Am\u00e9rica Latina","publisher":{"@id":"https:\/\/mobilitas.lat\/es\/#organization"},"potentialAction":[{"@type":"SearchAction","target":{"@type":"EntryPoint","urlTemplate":"https:\/\/mobilitas.lat\/es\/?s={search_term_string}"},"query-input":{"@type":"PropertyValueSpecification","valueRequired":true,"valueName":"search_term_string"}}],"inLanguage":"es-ES"},{"@type":"Organization","@id":"https:\/\/mobilitas.lat\/es\/#organization","name":"OTM Editora","url":"https:\/\/mobilitas.lat\/es\/","logo":{"@type":"ImageObject","inLanguage":"es-ES","@id":"https:\/\/mobilitas.lat\/es\/#\/schema\/logo\/image\/","url":"https:\/\/mobilitas.lat\/wp-content\/uploads\/2024\/03\/opengraph.png","contentUrl":"https:\/\/mobilitas.lat\/wp-content\/uploads\/2024\/03\/opengraph.png","width":1200,"height":630,"caption":"OTM Editora"},"image":{"@id":"https:\/\/mobilitas.lat\/es\/#\/schema\/logo\/image\/"}},{"@type":"Person","@id":"https:\/\/mobilitas.lat\/es\/#\/schema\/person\/cae0d01ccbe855d1858d146e4c4d582d","name":"Alexandre Asquini","image":{"@type":"ImageObject","inLanguage":"es-ES","@id":"https:\/\/mobilitas.lat\/es\/#\/schema\/person\/image\/","url":"https:\/\/secure.gravatar.com\/avatar\/aac99dbef1420f75cc7d86913eb8a7cdfbe13e2509ad7a45649a61414f6d2785?s=96&d=mm&r=g","contentUrl":"https:\/\/secure.gravatar.com\/avatar\/aac99dbef1420f75cc7d86913eb8a7cdfbe13e2509ad7a45649a61414f6d2785?s=96&d=mm&r=g","caption":"Alexandre Asquini"}}]}},"_links":{"self":[{"href":"https:\/\/mobilitas.lat\/es\/wp-json\/wp\/v2\/posts\/12492","targetHints":{"allow":["GET"]}}],"collection":[{"href":"https:\/\/mobilitas.lat\/es\/wp-json\/wp\/v2\/posts"}],"about":[{"href":"https:\/\/mobilitas.lat\/es\/wp-json\/wp\/v2\/types\/post"}],"author":[{"embeddable":true,"href":"https:\/\/mobilitas.lat\/es\/wp-json\/wp\/v2\/users\/2"}],"replies":[{"embeddable":true,"href":"https:\/\/mobilitas.lat\/es\/wp-json\/wp\/v2\/comments?post=12492"}],"version-history":[{"count":2,"href":"https:\/\/mobilitas.lat\/es\/wp-json\/wp\/v2\/posts\/12492\/revisions"}],"predecessor-version":[{"id":12494,"href":"https:\/\/mobilitas.lat\/es\/wp-json\/wp\/v2\/posts\/12492\/revisions\/12494"}],"wp:featuredmedia":[{"embeddable":true,"href":"https:\/\/mobilitas.lat\/es\/wp-json\/wp\/v2\/media\/12496"}],"wp:attachment":[{"href":"https:\/\/mobilitas.lat\/es\/wp-json\/wp\/v2\/media?parent=12492"}],"wp:term":[{"taxonomy":"category","embeddable":true,"href":"https:\/\/mobilitas.lat\/es\/wp-json\/wp\/v2\/categories?post=12492"},{"taxonomy":"post_tag","embeddable":true,"href":"https:\/\/mobilitas.lat\/es\/wp-json\/wp\/v2\/tags?post=12492"}],"curies":[{"name":"wp","href":"https:\/\/api.w.org\/{rel}","templated":true}]}}