{"id":11026,"date":"2021-07-13T23:06:46","date_gmt":"2021-07-14T02:06:46","guid":{"rendered":"https:\/\/mobilitas.lat\/?p=11026"},"modified":"2021-07-13T23:06:52","modified_gmt":"2021-07-14T02:06:52","slug":"vlt-carioca-cinco-anos","status":"publish","type":"post","link":"https:\/\/mobilitas.lat\/es\/2021\/07\/13\/vlt-carioca-cinco-anos\/","title":{"rendered":"VLT Carioca, cinco a\u00f1os"},"content":{"rendered":"\n<figure class=\"wp-block-image size-large is-resized is-style-default\"><img loading=\"lazy\" decoding=\"async\" src=\"https:\/\/storage.mobilitas.lat\/uploads\/2021\/07\/MOBILITAS-VLT-CARIOCA-AO-ANOITECER.jpg\" alt=\"\" class=\"wp-image-11023\" width=\"639\" height=\"303\" srcset=\"https:\/\/storage.mobilitas.lat\/uploads\/2021\/07\/MOBILITAS-VLT-CARIOCA-AO-ANOITECER.jpg 719w, https:\/\/storage.mobilitas.lat\/uploads\/2021\/07\/MOBILITAS-VLT-CARIOCA-AO-ANOITECER-300x143.jpg 300w\" sizes=\"auto, (max-width: 639px) 100vw, 639px\" \/><\/figure>\n\n\n\n<p>A fines del primer semestre de 2021, VLT Carioca \u2013 un sistema de tranv\u00eda \u2013 complet\u00f3 cinco a\u00f1os de operaci\u00f3n en la Regi\u00f3n Centro y Portuaria de la ciudad de R\u00edo de Janeiro. Con este sistema, la ciudad que es la principal tarjeta de visita de Brasil ha ganado un nuevo atractivo para los propios residentes y para los millones de turistas.<\/p>\n\n\n\n<p>VLT son las siglas en portugu\u00e9s de Ve\u00edculo Leve sobre Trilhos, &nbsp;que se puede traducir como Veh\u00edculo Ligero sobre Rieles.<\/p>\n\n\n\n<p>Inicialmente solo hab\u00eda una l\u00ednea. En la actualidad hay tres l\u00edneas en funcionamiento, con un total de 29 paradas y estaciones. Entre junio de 2016 y junio de 2021 se transportaron m\u00e1s de 73 millones de pasajeros y se realizaron m\u00e1s de 760 mil viajes, totalizando cuatro millones de kil\u00f3metros recorridos.<\/p>\n\n\n\n<p>La Concesionaria VLT Carioca es una Asociaci\u00f3n P\u00fablico-Privada (APP) de la Ciudad de R\u00edo de Janeiro responsable de la implementaci\u00f3n, operaci\u00f3n y mantenimiento del Veh\u00edculo de Tren Ligero en la Regi\u00f3n Centro y Portuaria de R\u00edo de Janeiro. El consorcio responsable de la concesi\u00f3n est\u00e1 formado por las empresas del &nbsp;Grupo CCR (CIIS, Invepar y Riopar Participa\u00e7\u00f5es), Odebrecht Mobilidade, BRt \u2013 Benito Roggio Transporte y RATP do Brasil.<\/p>\n\n\n\n<p>El presidente del VLT Carioca, Marcio Hannas, muestra que el sistema tuvo un efecto positivo en la zona de la ciudad en la que circula. \u201cEl VLT ha cambiado el rostro del centro de R\u00edo en estos cinco a\u00f1os y ser\u00e1 fundamental en el futuro de la regi\u00f3n, que est\u00e1 experimentando una reutilizaci\u00f3n del territorio, incluida la vivienda. Tener transporte p\u00fablico de calidad a la vuelta de la esquina ser\u00e1 un gran atractivo para esta reorganizaci\u00f3n\u201d, dijo.<\/p>\n\n\n\n<p>Seg\u00fan divulga la empresa concesionaria, los n\u00fameros de \u00e9xito que puede exhibir el VLT Carioca se lograron manteniendo el enfoque en la sostenibilidad. La energ\u00eda el\u00e9ctrica que impulsa los trenes se adquiere en su totalidad a partir de fuentes renovables (plantas de energ\u00eda e\u00f3lica, solar y de biomasa). Como resultado, se evitan anualmente m\u00e1s de ocho toneladas de emisiones de gases de efecto invernadero a la atm\u00f3sfera con la reducci\u00f3n de autom\u00f3viles en el centro de R\u00edo.<\/p>\n\n\n\n<p><strong>CONEXIONES Y CONFIANZA<\/strong><\/p>\n\n\n\n<p>Concebido como un sistema capaz de ofrecer condiciones de movilidad para quienes llegan y viajan al Centro, el VLT Carioca ejemplifica la importancia con las paradas de mayor flujo.<\/p>\n\n\n\n<p>&nbsp;Entre las diez m\u00e1s concurridas se encuentran las paradas Cristiano Ottoni-Pequena \u00c1frica y Central, que dan acceso a varios medios de transporte, pero tambi\u00e9n Cinel\u00e2ndia y Carioca (metro), Pra\u00e7a XV (ferries), y los puntos de llegada y salida de la ciudad (estaci\u00f3n de autobuses interurbanos y uno de los aeropuertos de la ciudad).<\/p>\n\n\n\n<p>Otro dato relevante es que las paradas Colombo y Sete de Setembro, puntos de integraci\u00f3n entre las l\u00edneas del sistema, tambi\u00e9n forman parte de este grupo de gran flujo, destacando la importancia de los desplazamientos internos en el Centro.<\/p>\n\n\n\n<p>Los directores de la operadora se\u00f1alan que a lo largo de sus cinco a\u00f1os de funcionamiento, el VLT Carioca supo disipar mitos. La seguridad result\u00f3 ser un valor fundamental e incluso en un Centro con alta circulaci\u00f3n de autom\u00f3viles y personas, el n\u00famero de incidentes se mantuvo bajo.<\/p>\n\n\n\n<p>En cuanto a la forma de pago diferenciada, los cinco a\u00f1os de existencia del sistema, seg\u00fan da empresa, tambi\u00e9n representan la construcci\u00f3n de una relaci\u00f3n de confianza con el usuario. El presidente Marcio Hannas dice: \u201cLa prestaci\u00f3n de un buen servicio combinado con la inspecci\u00f3n se refleja en la baja tasa de evasi\u00f3n registrada en el per\u00edodo, incluso con el pago espont\u00e1neo dentro de los trenes\u201d.<\/p>\n\n\n\n<p><strong>TURISMO Y BIOSEGURIDAD<\/strong><\/p>\n\n\n\n<p>Los datos muestran que aunque la mayor\u00eda de los viajes se realizan por motivos laborales, VLT Carioca tambi\u00e9n se ha convertido en un inductor del turismo en el centro de R\u00edo de Janeiro. Esto se debe a que el sistema da acceso a un conjunto de instituciones art\u00edsticas y culturales tradicionales, como el Centro Cultural Banco do Brasil y el Museo Nacional de Bellas Artes, as\u00ed como a nuevos atractivos como AquaRio, Museo del Ma\u00f1ana y R\u00edo Star. El Boulevard Ol\u00edmpico, construido para los Juegos Ol\u00edmpicos de 2016, se ha convertido en uno de los lugares m\u00e1s visitados de la ciudad. <\/p>\n\n\n\n<p>Desde principios de 2020, tambi\u00e9n ha surgido el desaf\u00edo de la pandemia. A\u00fan con menos gente circulando por el centro de R\u00edo de Janeiro, VLT Carioca mantuvo en funcionamiento las tres l\u00edneas, con los mismos horarios, realizando actividades como la limpieza de los trenes al final de cada viaje.<\/p>\n","protected":false},"excerpt":{"rendered":"<p>A fines del primer semestre de 2021, VLT Carioca \u2013 un sistema de tranv\u00eda \u2013 complet\u00f3 cinco a\u00f1os de operaci\u00f3n en la Regi\u00f3n Centro y Portuaria de la ciudad de R\u00edo de Janeiro. Con este sistema, la ciudad que es la principal tarjeta de visita de Brasil ha ganado un nuevo atractivo para los propios [&hellip;]<\/p>\n","protected":false},"author":2,"featured_media":11023,"comment_status":"closed","ping_status":"closed","sticky":false,"template":"","format":"standard","meta":{"footnotes":""},"categories":[287],"tags":[775,1136,792],"class_list":["post-11026","post","type-post","status-publish","format-standard","has-post-thumbnail","hentry","category-notas","tag-destaque","tag-rio-de-janeiro-2","tag-vlt-carioca"],"yoast_head":"<!-- This site is optimized with the Yoast SEO plugin v26.9 - https:\/\/yoast.com\/product\/yoast-seo-wordpress\/ -->\n<title>VLT Carioca, cinco a\u00f1os | Mobilitas<\/title>\n<meta name=\"robots\" content=\"index, follow, max-snippet:-1, max-image-preview:large, max-video-preview:-1\" \/>\n<link rel=\"canonical\" href=\"https:\/\/mobilitas.lat\/es\/2021\/07\/13\/vlt-carioca-cinco-anos\/\" \/>\n<meta property=\"og:locale\" content=\"es_ES\" \/>\n<meta property=\"og:type\" content=\"article\" \/>\n<meta property=\"og:title\" content=\"VLT Carioca, cinco a\u00f1os | Mobilitas\" \/>\n<meta property=\"og:description\" content=\"A fines del primer semestre de 2021, VLT Carioca \u2013 un sistema de tranv\u00eda \u2013 complet\u00f3 cinco a\u00f1os de operaci\u00f3n en la Regi\u00f3n Centro y Portuaria de la ciudad de R\u00edo de Janeiro. Con este sistema, la ciudad que es la principal tarjeta de visita de Brasil ha ganado un nuevo atractivo para los propios [&hellip;]\" \/>\n<meta property=\"og:url\" content=\"https:\/\/mobilitas.lat\/es\/2021\/07\/13\/vlt-carioca-cinco-anos\/\" \/>\n<meta property=\"og:site_name\" content=\"Mobilitas\" \/>\n<meta property=\"article:published_time\" content=\"2021-07-14T02:06:46+00:00\" \/>\n<meta property=\"article:modified_time\" content=\"2021-07-14T02:06:52+00:00\" \/>\n<meta property=\"og:image\" content=\"https:\/\/storage.mobilitas.lat\/uploads\/2021\/07\/MOBILITAS-VLT-CARIOCA-AO-ANOITECER.jpg\" \/>\n\t<meta property=\"og:image:width\" content=\"719\" \/>\n\t<meta property=\"og:image:height\" content=\"342\" \/>\n\t<meta property=\"og:image:type\" content=\"image\/jpeg\" \/>\n<meta name=\"author\" content=\"Alexandre Asquini\" \/>\n<meta name=\"twitter:card\" content=\"summary_large_image\" \/>\n<meta name=\"twitter:label1\" content=\"Written by\" \/>\n\t<meta name=\"twitter:data1\" content=\"Alexandre Asquini\" \/>\n\t<meta name=\"twitter:label2\" content=\"Est. reading time\" \/>\n\t<meta name=\"twitter:data2\" content=\"4 minutes\" \/>\n<script type=\"application\/ld+json\" class=\"yoast-schema-graph\">{\"@context\":\"https:\/\/schema.org\",\"@graph\":[{\"@type\":\"Article\",\"@id\":\"https:\/\/mobilitas.lat\/es\/2021\/07\/13\/vlt-carioca-cinco-anos\/#article\",\"isPartOf\":{\"@id\":\"https:\/\/mobilitas.lat\/es\/2021\/07\/13\/vlt-carioca-cinco-anos\/\"},\"author\":{\"name\":\"Alexandre Asquini\",\"@id\":\"https:\/\/mobilitas.lat\/es\/#\/schema\/person\/cae0d01ccbe855d1858d146e4c4d582d\"},\"headline\":\"VLT Carioca, cinco a\u00f1os\",\"datePublished\":\"2021-07-14T02:06:46+00:00\",\"dateModified\":\"2021-07-14T02:06:52+00:00\",\"mainEntityOfPage\":{\"@id\":\"https:\/\/mobilitas.lat\/es\/2021\/07\/13\/vlt-carioca-cinco-anos\/\"},\"wordCount\":821,\"publisher\":{\"@id\":\"https:\/\/mobilitas.lat\/es\/#organization\"},\"image\":{\"@id\":\"https:\/\/mobilitas.lat\/es\/2021\/07\/13\/vlt-carioca-cinco-anos\/#primaryimage\"},\"thumbnailUrl\":\"https:\/\/storage.mobilitas.lat\/uploads\/2021\/07\/MOBILITAS-VLT-CARIOCA-AO-ANOITECER.jpg\",\"keywords\":[\"destaque\",\"R\u00cdO DE JANEIRO\",\"VLT CARIOCA\"],\"articleSection\":[\"Notas\"],\"inLanguage\":\"es-ES\"},{\"@type\":\"WebPage\",\"@id\":\"https:\/\/mobilitas.lat\/es\/2021\/07\/13\/vlt-carioca-cinco-anos\/\",\"url\":\"https:\/\/mobilitas.lat\/es\/2021\/07\/13\/vlt-carioca-cinco-anos\/\",\"name\":\"VLT Carioca, cinco a\u00f1os | Mobilitas\",\"isPartOf\":{\"@id\":\"https:\/\/mobilitas.lat\/es\/#website\"},\"primaryImageOfPage\":{\"@id\":\"https:\/\/mobilitas.lat\/es\/2021\/07\/13\/vlt-carioca-cinco-anos\/#primaryimage\"},\"image\":{\"@id\":\"https:\/\/mobilitas.lat\/es\/2021\/07\/13\/vlt-carioca-cinco-anos\/#primaryimage\"},\"thumbnailUrl\":\"https:\/\/storage.mobilitas.lat\/uploads\/2021\/07\/MOBILITAS-VLT-CARIOCA-AO-ANOITECER.jpg\",\"datePublished\":\"2021-07-14T02:06:46+00:00\",\"dateModified\":\"2021-07-14T02:06:52+00:00\",\"breadcrumb\":{\"@id\":\"https:\/\/mobilitas.lat\/es\/2021\/07\/13\/vlt-carioca-cinco-anos\/#breadcrumb\"},\"inLanguage\":\"es-ES\",\"potentialAction\":[{\"@type\":\"ReadAction\",\"target\":[\"https:\/\/mobilitas.lat\/es\/2021\/07\/13\/vlt-carioca-cinco-anos\/\"]}]},{\"@type\":\"ImageObject\",\"inLanguage\":\"es-ES\",\"@id\":\"https:\/\/mobilitas.lat\/es\/2021\/07\/13\/vlt-carioca-cinco-anos\/#primaryimage\",\"url\":\"https:\/\/storage.mobilitas.lat\/uploads\/2021\/07\/MOBILITAS-VLT-CARIOCA-AO-ANOITECER.jpg\",\"contentUrl\":\"https:\/\/storage.mobilitas.lat\/uploads\/2021\/07\/MOBILITAS-VLT-CARIOCA-AO-ANOITECER.jpg\",\"width\":719,\"height\":342},{\"@type\":\"BreadcrumbList\",\"@id\":\"https:\/\/mobilitas.lat\/es\/2021\/07\/13\/vlt-carioca-cinco-anos\/#breadcrumb\",\"itemListElement\":[{\"@type\":\"ListItem\",\"position\":1,\"name\":\"In\u00edcio\",\"item\":\"https:\/\/mobilitas.lat\/es\/\"},{\"@type\":\"ListItem\",\"position\":2,\"name\":\"VLT Carioca, cinco a\u00f1os\"}]},{\"@type\":\"WebSite\",\"@id\":\"https:\/\/mobilitas.lat\/es\/#website\",\"url\":\"https:\/\/mobilitas.lat\/es\/\",\"name\":\"Mobilitas\",\"description\":\"Tecnologia e Mobilidade Urbana na Am\u00e9rica Latina\",\"publisher\":{\"@id\":\"https:\/\/mobilitas.lat\/es\/#organization\"},\"potentialAction\":[{\"@type\":\"SearchAction\",\"target\":{\"@type\":\"EntryPoint\",\"urlTemplate\":\"https:\/\/mobilitas.lat\/es\/?s={search_term_string}\"},\"query-input\":{\"@type\":\"PropertyValueSpecification\",\"valueRequired\":true,\"valueName\":\"search_term_string\"}}],\"inLanguage\":\"es-ES\"},{\"@type\":\"Organization\",\"@id\":\"https:\/\/mobilitas.lat\/es\/#organization\",\"name\":\"OTM Editora\",\"url\":\"https:\/\/mobilitas.lat\/es\/\",\"logo\":{\"@type\":\"ImageObject\",\"inLanguage\":\"es-ES\",\"@id\":\"https:\/\/mobilitas.lat\/es\/#\/schema\/logo\/image\/\",\"url\":\"https:\/\/mobilitas.lat\/wp-content\/uploads\/2024\/03\/opengraph.png\",\"contentUrl\":\"https:\/\/mobilitas.lat\/wp-content\/uploads\/2024\/03\/opengraph.png\",\"width\":1200,\"height\":630,\"caption\":\"OTM Editora\"},\"image\":{\"@id\":\"https:\/\/mobilitas.lat\/es\/#\/schema\/logo\/image\/\"}},{\"@type\":\"Person\",\"@id\":\"https:\/\/mobilitas.lat\/es\/#\/schema\/person\/cae0d01ccbe855d1858d146e4c4d582d\",\"name\":\"Alexandre Asquini\",\"image\":{\"@type\":\"ImageObject\",\"inLanguage\":\"es-ES\",\"@id\":\"https:\/\/mobilitas.lat\/es\/#\/schema\/person\/image\/\",\"url\":\"https:\/\/secure.gravatar.com\/avatar\/aac99dbef1420f75cc7d86913eb8a7cdfbe13e2509ad7a45649a61414f6d2785?s=96&d=mm&r=g\",\"contentUrl\":\"https:\/\/secure.gravatar.com\/avatar\/aac99dbef1420f75cc7d86913eb8a7cdfbe13e2509ad7a45649a61414f6d2785?s=96&d=mm&r=g\",\"caption\":\"Alexandre Asquini\"}}]}<\/script>\n<!-- \/ Yoast SEO plugin. -->","yoast_head_json":{"title":"VLT Carioca, cinco a\u00f1os | Mobilitas","robots":{"index":"index","follow":"follow","max-snippet":"max-snippet:-1","max-image-preview":"max-image-preview:large","max-video-preview":"max-video-preview:-1"},"canonical":"https:\/\/mobilitas.lat\/es\/2021\/07\/13\/vlt-carioca-cinco-anos\/","og_locale":"es_ES","og_type":"article","og_title":"VLT Carioca, cinco a\u00f1os | Mobilitas","og_description":"A fines del primer semestre de 2021, VLT Carioca \u2013 un sistema de tranv\u00eda \u2013 complet\u00f3 cinco a\u00f1os de operaci\u00f3n en la Regi\u00f3n Centro y Portuaria de la ciudad de R\u00edo de Janeiro. Con este sistema, la ciudad que es la principal tarjeta de visita de Brasil ha ganado un nuevo atractivo para los propios [&hellip;]","og_url":"https:\/\/mobilitas.lat\/es\/2021\/07\/13\/vlt-carioca-cinco-anos\/","og_site_name":"Mobilitas","article_published_time":"2021-07-14T02:06:46+00:00","article_modified_time":"2021-07-14T02:06:52+00:00","og_image":[{"width":719,"height":342,"url":"https:\/\/storage.mobilitas.lat\/uploads\/2021\/07\/MOBILITAS-VLT-CARIOCA-AO-ANOITECER.jpg","type":"image\/jpeg"}],"author":"Alexandre Asquini","twitter_card":"summary_large_image","twitter_misc":{"Written by":"Alexandre Asquini","Est. reading time":"4 minutes"},"schema":{"@context":"https:\/\/schema.org","@graph":[{"@type":"Article","@id":"https:\/\/mobilitas.lat\/es\/2021\/07\/13\/vlt-carioca-cinco-anos\/#article","isPartOf":{"@id":"https:\/\/mobilitas.lat\/es\/2021\/07\/13\/vlt-carioca-cinco-anos\/"},"author":{"name":"Alexandre Asquini","@id":"https:\/\/mobilitas.lat\/es\/#\/schema\/person\/cae0d01ccbe855d1858d146e4c4d582d"},"headline":"VLT Carioca, cinco a\u00f1os","datePublished":"2021-07-14T02:06:46+00:00","dateModified":"2021-07-14T02:06:52+00:00","mainEntityOfPage":{"@id":"https:\/\/mobilitas.lat\/es\/2021\/07\/13\/vlt-carioca-cinco-anos\/"},"wordCount":821,"publisher":{"@id":"https:\/\/mobilitas.lat\/es\/#organization"},"image":{"@id":"https:\/\/mobilitas.lat\/es\/2021\/07\/13\/vlt-carioca-cinco-anos\/#primaryimage"},"thumbnailUrl":"https:\/\/storage.mobilitas.lat\/uploads\/2021\/07\/MOBILITAS-VLT-CARIOCA-AO-ANOITECER.jpg","keywords":["destaque","R\u00cdO DE JANEIRO","VLT CARIOCA"],"articleSection":["Notas"],"inLanguage":"es-ES"},{"@type":"WebPage","@id":"https:\/\/mobilitas.lat\/es\/2021\/07\/13\/vlt-carioca-cinco-anos\/","url":"https:\/\/mobilitas.lat\/es\/2021\/07\/13\/vlt-carioca-cinco-anos\/","name":"VLT Carioca, cinco a\u00f1os | Mobilitas","isPartOf":{"@id":"https:\/\/mobilitas.lat\/es\/#website"},"primaryImageOfPage":{"@id":"https:\/\/mobilitas.lat\/es\/2021\/07\/13\/vlt-carioca-cinco-anos\/#primaryimage"},"image":{"@id":"https:\/\/mobilitas.lat\/es\/2021\/07\/13\/vlt-carioca-cinco-anos\/#primaryimage"},"thumbnailUrl":"https:\/\/storage.mobilitas.lat\/uploads\/2021\/07\/MOBILITAS-VLT-CARIOCA-AO-ANOITECER.jpg","datePublished":"2021-07-14T02:06:46+00:00","dateModified":"2021-07-14T02:06:52+00:00","breadcrumb":{"@id":"https:\/\/mobilitas.lat\/es\/2021\/07\/13\/vlt-carioca-cinco-anos\/#breadcrumb"},"inLanguage":"es-ES","potentialAction":[{"@type":"ReadAction","target":["https:\/\/mobilitas.lat\/es\/2021\/07\/13\/vlt-carioca-cinco-anos\/"]}]},{"@type":"ImageObject","inLanguage":"es-ES","@id":"https:\/\/mobilitas.lat\/es\/2021\/07\/13\/vlt-carioca-cinco-anos\/#primaryimage","url":"https:\/\/storage.mobilitas.lat\/uploads\/2021\/07\/MOBILITAS-VLT-CARIOCA-AO-ANOITECER.jpg","contentUrl":"https:\/\/storage.mobilitas.lat\/uploads\/2021\/07\/MOBILITAS-VLT-CARIOCA-AO-ANOITECER.jpg","width":719,"height":342},{"@type":"BreadcrumbList","@id":"https:\/\/mobilitas.lat\/es\/2021\/07\/13\/vlt-carioca-cinco-anos\/#breadcrumb","itemListElement":[{"@type":"ListItem","position":1,"name":"In\u00edcio","item":"https:\/\/mobilitas.lat\/es\/"},{"@type":"ListItem","position":2,"name":"VLT Carioca, cinco a\u00f1os"}]},{"@type":"WebSite","@id":"https:\/\/mobilitas.lat\/es\/#website","url":"https:\/\/mobilitas.lat\/es\/","name":"Mobilitas","description":"Tecnologia e Mobilidade Urbana na Am\u00e9rica Latina","publisher":{"@id":"https:\/\/mobilitas.lat\/es\/#organization"},"potentialAction":[{"@type":"SearchAction","target":{"@type":"EntryPoint","urlTemplate":"https:\/\/mobilitas.lat\/es\/?s={search_term_string}"},"query-input":{"@type":"PropertyValueSpecification","valueRequired":true,"valueName":"search_term_string"}}],"inLanguage":"es-ES"},{"@type":"Organization","@id":"https:\/\/mobilitas.lat\/es\/#organization","name":"OTM Editora","url":"https:\/\/mobilitas.lat\/es\/","logo":{"@type":"ImageObject","inLanguage":"es-ES","@id":"https:\/\/mobilitas.lat\/es\/#\/schema\/logo\/image\/","url":"https:\/\/mobilitas.lat\/wp-content\/uploads\/2024\/03\/opengraph.png","contentUrl":"https:\/\/mobilitas.lat\/wp-content\/uploads\/2024\/03\/opengraph.png","width":1200,"height":630,"caption":"OTM Editora"},"image":{"@id":"https:\/\/mobilitas.lat\/es\/#\/schema\/logo\/image\/"}},{"@type":"Person","@id":"https:\/\/mobilitas.lat\/es\/#\/schema\/person\/cae0d01ccbe855d1858d146e4c4d582d","name":"Alexandre Asquini","image":{"@type":"ImageObject","inLanguage":"es-ES","@id":"https:\/\/mobilitas.lat\/es\/#\/schema\/person\/image\/","url":"https:\/\/secure.gravatar.com\/avatar\/aac99dbef1420f75cc7d86913eb8a7cdfbe13e2509ad7a45649a61414f6d2785?s=96&d=mm&r=g","contentUrl":"https:\/\/secure.gravatar.com\/avatar\/aac99dbef1420f75cc7d86913eb8a7cdfbe13e2509ad7a45649a61414f6d2785?s=96&d=mm&r=g","caption":"Alexandre Asquini"}}]}},"_links":{"self":[{"href":"https:\/\/mobilitas.lat\/es\/wp-json\/wp\/v2\/posts\/11026","targetHints":{"allow":["GET"]}}],"collection":[{"href":"https:\/\/mobilitas.lat\/es\/wp-json\/wp\/v2\/posts"}],"about":[{"href":"https:\/\/mobilitas.lat\/es\/wp-json\/wp\/v2\/types\/post"}],"author":[{"embeddable":true,"href":"https:\/\/mobilitas.lat\/es\/wp-json\/wp\/v2\/users\/2"}],"replies":[{"embeddable":true,"href":"https:\/\/mobilitas.lat\/es\/wp-json\/wp\/v2\/comments?post=11026"}],"version-history":[{"count":2,"href":"https:\/\/mobilitas.lat\/es\/wp-json\/wp\/v2\/posts\/11026\/revisions"}],"predecessor-version":[{"id":11028,"href":"https:\/\/mobilitas.lat\/es\/wp-json\/wp\/v2\/posts\/11026\/revisions\/11028"}],"wp:featuredmedia":[{"embeddable":true,"href":"https:\/\/mobilitas.lat\/es\/wp-json\/wp\/v2\/media\/11023"}],"wp:attachment":[{"href":"https:\/\/mobilitas.lat\/es\/wp-json\/wp\/v2\/media?parent=11026"}],"wp:term":[{"taxonomy":"category","embeddable":true,"href":"https:\/\/mobilitas.lat\/es\/wp-json\/wp\/v2\/categories?post=11026"},{"taxonomy":"post_tag","embeddable":true,"href":"https:\/\/mobilitas.lat\/es\/wp-json\/wp\/v2\/tags?post=11026"}],"curies":[{"name":"wp","href":"https:\/\/api.w.org\/{rel}","templated":true}]}}