{"id":10915,"date":"2021-07-05T15:54:14","date_gmt":"2021-07-05T18:54:14","guid":{"rendered":"https:\/\/mobilitas.lat\/?p=10915"},"modified":"2021-07-05T15:54:17","modified_gmt":"2021-07-05T18:54:17","slug":"conmemorado-por-primera-vez-en-chile-el-dia-nacional-de-la-trabajadora-y-del-trabajador-del-transporte-publico-instituido-este-ano-por-ley","status":"publish","type":"post","link":"https:\/\/mobilitas.lat\/es\/2021\/07\/05\/conmemorado-por-primera-vez-en-chile-el-dia-nacional-de-la-trabajadora-y-del-trabajador-del-transporte-publico-instituido-este-ano-por-ley\/","title":{"rendered":"Conmemorado por primera vez en Chile el D\u00eda Nacional de la Trabajadora y del Trabajador del Transporte P\u00fablico, instituido este a\u00f1o por ley"},"content":{"rendered":"\n<figure class=\"wp-block-image size-large is-style-default\"><img loading=\"lazy\" decoding=\"async\" width=\"560\" height=\"288\" src=\"https:\/\/storage.mobilitas.lat\/uploads\/2021\/07\/MOBILITAS-ONIBUS-DE-FRENTE-MOTORISTA-APARECE.jpg\" alt=\"\" class=\"wp-image-10911\" srcset=\"https:\/\/storage.mobilitas.lat\/uploads\/2021\/07\/MOBILITAS-ONIBUS-DE-FRENTE-MOTORISTA-APARECE.jpg 560w, https:\/\/storage.mobilitas.lat\/uploads\/2021\/07\/MOBILITAS-ONIBUS-DE-FRENTE-MOTORISTA-APARECE-300x154.jpg 300w\" sizes=\"auto, (max-width: 560px) 100vw, 560px\" \/><\/figure>\n\n\n\n<p>Mediante una ley, el 27 de junio fue instaurado como el <em>D\u00eda Nacional de la Trabajadora y del Trabajador del Transporte P\u00fablico<\/em> en Chile.<\/p>\n\n\n\n<p>La fecha conmemorativa fue instaurada en abril de 2021, luego de que la sala del Senado aprobara por unanimidad el proyecto de ley respectivo.<\/p>\n\n\n\n<p>La conmemoraci\u00f3n recuerda a todos quienes desarrollan labores vinculadas al transporte p\u00fablico; conductores, personal de mantenimiento, mec\u00e1nicos y administrativos que contribuyen con su trabajo al funcionamiento de los distintos sistemas que operan a nivel nacional y permiten la movilidad de las personas y el normal funcionamiento de las ciudades.<\/p>\n\n\n\n<p>Con motivo de la primera conmemoraci\u00f3n del <em>D\u00eda Nacional del Trabajador del Transporte P\u00fablico en Chile<\/em>, el gobierno nacional emiti\u00f3 un mensaje de reconocimiento y gratitud por el trabajo realizado por m\u00e1s de 160.000 trabajadores del transporte p\u00fablico en el pa\u00eds, quienes laboran&nbsp; en buses, en el Metro, trenes , servicios subvencionados y taxis colectivos.<\/p>\n","protected":false},"excerpt":{"rendered":"<p>Mediante una ley, el 27 de junio fue instaurado como el D\u00eda Nacional de la Trabajadora y del Trabajador del Transporte P\u00fablico en Chile. La fecha conmemorativa fue instaurada en abril de 2021, luego de que la sala del Senado aprobara por unanimidad el proyecto de ley respectivo. La conmemoraci\u00f3n recuerda a todos quienes desarrollan [&hellip;]<\/p>\n","protected":false},"author":2,"featured_media":10919,"comment_status":"closed","ping_status":"closed","sticky":false,"template":"","format":"standard","meta":{"footnotes":""},"categories":[336,287],"tags":[1073],"class_list":["post-10915","post","type-post","status-publish","format-standard","has-post-thumbnail","hentry","category-informacion","category-notas","tag-ministerio-de-transportes-y-telecomunicaciones-de-chile"],"yoast_head":"<!-- This site is optimized with the Yoast SEO plugin v26.9 - https:\/\/yoast.com\/product\/yoast-seo-wordpress\/ -->\n<title>Conmemorado por primera vez en Chile el D\u00eda Nacional de la Trabajadora y del Trabajador del Transporte P\u00fablico, instituido este a\u00f1o por ley | Mobilitas<\/title>\n<meta name=\"robots\" content=\"index, follow, max-snippet:-1, max-image-preview:large, max-video-preview:-1\" \/>\n<link rel=\"canonical\" href=\"https:\/\/mobilitas.lat\/es\/2021\/07\/05\/conmemorado-por-primera-vez-en-chile-el-dia-nacional-de-la-trabajadora-y-del-trabajador-del-transporte-publico-instituido-este-ano-por-ley\/\" \/>\n<meta property=\"og:locale\" content=\"es_ES\" \/>\n<meta property=\"og:type\" content=\"article\" \/>\n<meta property=\"og:title\" content=\"Conmemorado por primera vez en Chile el D\u00eda Nacional de la Trabajadora y del Trabajador del Transporte P\u00fablico, instituido este a\u00f1o por ley | Mobilitas\" \/>\n<meta property=\"og:description\" content=\"Mediante una ley, el 27 de junio fue instaurado como el D\u00eda Nacional de la Trabajadora y del Trabajador del Transporte P\u00fablico en Chile. La fecha conmemorativa fue instaurada en abril de 2021, luego de que la sala del Senado aprobara por unanimidad el proyecto de ley respectivo. La conmemoraci\u00f3n recuerda a todos quienes desarrollan [&hellip;]\" \/>\n<meta property=\"og:url\" content=\"https:\/\/mobilitas.lat\/es\/2021\/07\/05\/conmemorado-por-primera-vez-en-chile-el-dia-nacional-de-la-trabajadora-y-del-trabajador-del-transporte-publico-instituido-este-ano-por-ley\/\" \/>\n<meta property=\"og:site_name\" content=\"Mobilitas\" \/>\n<meta property=\"article:published_time\" content=\"2021-07-05T18:54:14+00:00\" \/>\n<meta property=\"article:modified_time\" content=\"2021-07-05T18:54:17+00:00\" \/>\n<meta property=\"og:image\" content=\"https:\/\/storage.mobilitas.lat\/uploads\/2021\/07\/MOBILITAS-ONIBUS-DE-FRENTE-MOTORISTA-APARECE-1.jpg\" \/>\n\t<meta property=\"og:image:width\" content=\"490\" \/>\n\t<meta property=\"og:image:height\" content=\"288\" \/>\n\t<meta property=\"og:image:type\" content=\"image\/jpeg\" \/>\n<meta name=\"author\" content=\"Alexandre Asquini\" \/>\n<meta name=\"twitter:card\" content=\"summary_large_image\" \/>\n<meta name=\"twitter:label1\" content=\"Written by\" \/>\n\t<meta name=\"twitter:data1\" content=\"Alexandre Asquini\" \/>\n\t<meta name=\"twitter:label2\" content=\"Est. reading time\" \/>\n\t<meta name=\"twitter:data2\" content=\"1 minute\" \/>\n<script type=\"application\/ld+json\" class=\"yoast-schema-graph\">{\"@context\":\"https:\/\/schema.org\",\"@graph\":[{\"@type\":\"Article\",\"@id\":\"https:\/\/mobilitas.lat\/es\/2021\/07\/05\/conmemorado-por-primera-vez-en-chile-el-dia-nacional-de-la-trabajadora-y-del-trabajador-del-transporte-publico-instituido-este-ano-por-ley\/#article\",\"isPartOf\":{\"@id\":\"https:\/\/mobilitas.lat\/es\/2021\/07\/05\/conmemorado-por-primera-vez-en-chile-el-dia-nacional-de-la-trabajadora-y-del-trabajador-del-transporte-publico-instituido-este-ano-por-ley\/\"},\"author\":{\"name\":\"Alexandre Asquini\",\"@id\":\"https:\/\/mobilitas.lat\/es\/#\/schema\/person\/cae0d01ccbe855d1858d146e4c4d582d\"},\"headline\":\"Conmemorado por primera vez en Chile el D\u00eda Nacional de la Trabajadora y del Trabajador del Transporte P\u00fablico, instituido este a\u00f1o por ley\",\"datePublished\":\"2021-07-05T18:54:14+00:00\",\"dateModified\":\"2021-07-05T18:54:17+00:00\",\"mainEntityOfPage\":{\"@id\":\"https:\/\/mobilitas.lat\/es\/2021\/07\/05\/conmemorado-por-primera-vez-en-chile-el-dia-nacional-de-la-trabajadora-y-del-trabajador-del-transporte-publico-instituido-este-ano-por-ley\/\"},\"wordCount\":186,\"publisher\":{\"@id\":\"https:\/\/mobilitas.lat\/es\/#organization\"},\"image\":{\"@id\":\"https:\/\/mobilitas.lat\/es\/2021\/07\/05\/conmemorado-por-primera-vez-en-chile-el-dia-nacional-de-la-trabajadora-y-del-trabajador-del-transporte-publico-instituido-este-ano-por-ley\/#primaryimage\"},\"thumbnailUrl\":\"https:\/\/storage.mobilitas.lat\/uploads\/2021\/07\/MOBILITAS-ONIBUS-DE-FRENTE-MOTORISTA-APARECE-1.jpg\",\"keywords\":[\"MINISTERIO DE TRANSPORTES Y TELECOMUNICACIONES DE CHILE\"],\"articleSection\":[\"Informaci\u00f3n\",\"Notas\"],\"inLanguage\":\"es-ES\"},{\"@type\":\"WebPage\",\"@id\":\"https:\/\/mobilitas.lat\/es\/2021\/07\/05\/conmemorado-por-primera-vez-en-chile-el-dia-nacional-de-la-trabajadora-y-del-trabajador-del-transporte-publico-instituido-este-ano-por-ley\/\",\"url\":\"https:\/\/mobilitas.lat\/es\/2021\/07\/05\/conmemorado-por-primera-vez-en-chile-el-dia-nacional-de-la-trabajadora-y-del-trabajador-del-transporte-publico-instituido-este-ano-por-ley\/\",\"name\":\"Conmemorado por primera vez en Chile el D\u00eda Nacional de la Trabajadora y del Trabajador del Transporte P\u00fablico, instituido este a\u00f1o por ley | Mobilitas\",\"isPartOf\":{\"@id\":\"https:\/\/mobilitas.lat\/es\/#website\"},\"primaryImageOfPage\":{\"@id\":\"https:\/\/mobilitas.lat\/es\/2021\/07\/05\/conmemorado-por-primera-vez-en-chile-el-dia-nacional-de-la-trabajadora-y-del-trabajador-del-transporte-publico-instituido-este-ano-por-ley\/#primaryimage\"},\"image\":{\"@id\":\"https:\/\/mobilitas.lat\/es\/2021\/07\/05\/conmemorado-por-primera-vez-en-chile-el-dia-nacional-de-la-trabajadora-y-del-trabajador-del-transporte-publico-instituido-este-ano-por-ley\/#primaryimage\"},\"thumbnailUrl\":\"https:\/\/storage.mobilitas.lat\/uploads\/2021\/07\/MOBILITAS-ONIBUS-DE-FRENTE-MOTORISTA-APARECE-1.jpg\",\"datePublished\":\"2021-07-05T18:54:14+00:00\",\"dateModified\":\"2021-07-05T18:54:17+00:00\",\"breadcrumb\":{\"@id\":\"https:\/\/mobilitas.lat\/es\/2021\/07\/05\/conmemorado-por-primera-vez-en-chile-el-dia-nacional-de-la-trabajadora-y-del-trabajador-del-transporte-publico-instituido-este-ano-por-ley\/#breadcrumb\"},\"inLanguage\":\"es-ES\",\"potentialAction\":[{\"@type\":\"ReadAction\",\"target\":[\"https:\/\/mobilitas.lat\/es\/2021\/07\/05\/conmemorado-por-primera-vez-en-chile-el-dia-nacional-de-la-trabajadora-y-del-trabajador-del-transporte-publico-instituido-este-ano-por-ley\/\"]}]},{\"@type\":\"ImageObject\",\"inLanguage\":\"es-ES\",\"@id\":\"https:\/\/mobilitas.lat\/es\/2021\/07\/05\/conmemorado-por-primera-vez-en-chile-el-dia-nacional-de-la-trabajadora-y-del-trabajador-del-transporte-publico-instituido-este-ano-por-ley\/#primaryimage\",\"url\":\"https:\/\/storage.mobilitas.lat\/uploads\/2021\/07\/MOBILITAS-ONIBUS-DE-FRENTE-MOTORISTA-APARECE-1.jpg\",\"contentUrl\":\"https:\/\/storage.mobilitas.lat\/uploads\/2021\/07\/MOBILITAS-ONIBUS-DE-FRENTE-MOTORISTA-APARECE-1.jpg\",\"width\":490,\"height\":288},{\"@type\":\"BreadcrumbList\",\"@id\":\"https:\/\/mobilitas.lat\/es\/2021\/07\/05\/conmemorado-por-primera-vez-en-chile-el-dia-nacional-de-la-trabajadora-y-del-trabajador-del-transporte-publico-instituido-este-ano-por-ley\/#breadcrumb\",\"itemListElement\":[{\"@type\":\"ListItem\",\"position\":1,\"name\":\"In\u00edcio\",\"item\":\"https:\/\/mobilitas.lat\/es\/\"},{\"@type\":\"ListItem\",\"position\":2,\"name\":\"Conmemorado por primera vez en Chile el D\u00eda Nacional de la Trabajadora y del Trabajador del Transporte P\u00fablico, instituido este a\u00f1o por ley\"}]},{\"@type\":\"WebSite\",\"@id\":\"https:\/\/mobilitas.lat\/es\/#website\",\"url\":\"https:\/\/mobilitas.lat\/es\/\",\"name\":\"Mobilitas\",\"description\":\"Tecnologia e Mobilidade Urbana na Am\u00e9rica Latina\",\"publisher\":{\"@id\":\"https:\/\/mobilitas.lat\/es\/#organization\"},\"potentialAction\":[{\"@type\":\"SearchAction\",\"target\":{\"@type\":\"EntryPoint\",\"urlTemplate\":\"https:\/\/mobilitas.lat\/es\/?s={search_term_string}\"},\"query-input\":{\"@type\":\"PropertyValueSpecification\",\"valueRequired\":true,\"valueName\":\"search_term_string\"}}],\"inLanguage\":\"es-ES\"},{\"@type\":\"Organization\",\"@id\":\"https:\/\/mobilitas.lat\/es\/#organization\",\"name\":\"OTM Editora\",\"url\":\"https:\/\/mobilitas.lat\/es\/\",\"logo\":{\"@type\":\"ImageObject\",\"inLanguage\":\"es-ES\",\"@id\":\"https:\/\/mobilitas.lat\/es\/#\/schema\/logo\/image\/\",\"url\":\"https:\/\/mobilitas.lat\/wp-content\/uploads\/2024\/03\/opengraph.png\",\"contentUrl\":\"https:\/\/mobilitas.lat\/wp-content\/uploads\/2024\/03\/opengraph.png\",\"width\":1200,\"height\":630,\"caption\":\"OTM Editora\"},\"image\":{\"@id\":\"https:\/\/mobilitas.lat\/es\/#\/schema\/logo\/image\/\"}},{\"@type\":\"Person\",\"@id\":\"https:\/\/mobilitas.lat\/es\/#\/schema\/person\/cae0d01ccbe855d1858d146e4c4d582d\",\"name\":\"Alexandre Asquini\",\"image\":{\"@type\":\"ImageObject\",\"inLanguage\":\"es-ES\",\"@id\":\"https:\/\/mobilitas.lat\/es\/#\/schema\/person\/image\/\",\"url\":\"https:\/\/secure.gravatar.com\/avatar\/aac99dbef1420f75cc7d86913eb8a7cdfbe13e2509ad7a45649a61414f6d2785?s=96&d=mm&r=g\",\"contentUrl\":\"https:\/\/secure.gravatar.com\/avatar\/aac99dbef1420f75cc7d86913eb8a7cdfbe13e2509ad7a45649a61414f6d2785?s=96&d=mm&r=g\",\"caption\":\"Alexandre Asquini\"}}]}<\/script>\n<!-- \/ Yoast SEO plugin. -->","yoast_head_json":{"title":"Conmemorado por primera vez en Chile el D\u00eda Nacional de la Trabajadora y del Trabajador del Transporte P\u00fablico, instituido este a\u00f1o por ley | Mobilitas","robots":{"index":"index","follow":"follow","max-snippet":"max-snippet:-1","max-image-preview":"max-image-preview:large","max-video-preview":"max-video-preview:-1"},"canonical":"https:\/\/mobilitas.lat\/es\/2021\/07\/05\/conmemorado-por-primera-vez-en-chile-el-dia-nacional-de-la-trabajadora-y-del-trabajador-del-transporte-publico-instituido-este-ano-por-ley\/","og_locale":"es_ES","og_type":"article","og_title":"Conmemorado por primera vez en Chile el D\u00eda Nacional de la Trabajadora y del Trabajador del Transporte P\u00fablico, instituido este a\u00f1o por ley | Mobilitas","og_description":"Mediante una ley, el 27 de junio fue instaurado como el D\u00eda Nacional de la Trabajadora y del Trabajador del Transporte P\u00fablico en Chile. La fecha conmemorativa fue instaurada en abril de 2021, luego de que la sala del Senado aprobara por unanimidad el proyecto de ley respectivo. La conmemoraci\u00f3n recuerda a todos quienes desarrollan [&hellip;]","og_url":"https:\/\/mobilitas.lat\/es\/2021\/07\/05\/conmemorado-por-primera-vez-en-chile-el-dia-nacional-de-la-trabajadora-y-del-trabajador-del-transporte-publico-instituido-este-ano-por-ley\/","og_site_name":"Mobilitas","article_published_time":"2021-07-05T18:54:14+00:00","article_modified_time":"2021-07-05T18:54:17+00:00","og_image":[{"width":490,"height":288,"url":"https:\/\/storage.mobilitas.lat\/uploads\/2021\/07\/MOBILITAS-ONIBUS-DE-FRENTE-MOTORISTA-APARECE-1.jpg","type":"image\/jpeg"}],"author":"Alexandre Asquini","twitter_card":"summary_large_image","twitter_misc":{"Written by":"Alexandre Asquini","Est. reading time":"1 minute"},"schema":{"@context":"https:\/\/schema.org","@graph":[{"@type":"Article","@id":"https:\/\/mobilitas.lat\/es\/2021\/07\/05\/conmemorado-por-primera-vez-en-chile-el-dia-nacional-de-la-trabajadora-y-del-trabajador-del-transporte-publico-instituido-este-ano-por-ley\/#article","isPartOf":{"@id":"https:\/\/mobilitas.lat\/es\/2021\/07\/05\/conmemorado-por-primera-vez-en-chile-el-dia-nacional-de-la-trabajadora-y-del-trabajador-del-transporte-publico-instituido-este-ano-por-ley\/"},"author":{"name":"Alexandre Asquini","@id":"https:\/\/mobilitas.lat\/es\/#\/schema\/person\/cae0d01ccbe855d1858d146e4c4d582d"},"headline":"Conmemorado por primera vez en Chile el D\u00eda Nacional de la Trabajadora y del Trabajador del Transporte P\u00fablico, instituido este a\u00f1o por ley","datePublished":"2021-07-05T18:54:14+00:00","dateModified":"2021-07-05T18:54:17+00:00","mainEntityOfPage":{"@id":"https:\/\/mobilitas.lat\/es\/2021\/07\/05\/conmemorado-por-primera-vez-en-chile-el-dia-nacional-de-la-trabajadora-y-del-trabajador-del-transporte-publico-instituido-este-ano-por-ley\/"},"wordCount":186,"publisher":{"@id":"https:\/\/mobilitas.lat\/es\/#organization"},"image":{"@id":"https:\/\/mobilitas.lat\/es\/2021\/07\/05\/conmemorado-por-primera-vez-en-chile-el-dia-nacional-de-la-trabajadora-y-del-trabajador-del-transporte-publico-instituido-este-ano-por-ley\/#primaryimage"},"thumbnailUrl":"https:\/\/storage.mobilitas.lat\/uploads\/2021\/07\/MOBILITAS-ONIBUS-DE-FRENTE-MOTORISTA-APARECE-1.jpg","keywords":["MINISTERIO DE TRANSPORTES Y TELECOMUNICACIONES DE CHILE"],"articleSection":["Informaci\u00f3n","Notas"],"inLanguage":"es-ES"},{"@type":"WebPage","@id":"https:\/\/mobilitas.lat\/es\/2021\/07\/05\/conmemorado-por-primera-vez-en-chile-el-dia-nacional-de-la-trabajadora-y-del-trabajador-del-transporte-publico-instituido-este-ano-por-ley\/","url":"https:\/\/mobilitas.lat\/es\/2021\/07\/05\/conmemorado-por-primera-vez-en-chile-el-dia-nacional-de-la-trabajadora-y-del-trabajador-del-transporte-publico-instituido-este-ano-por-ley\/","name":"Conmemorado por primera vez en Chile el D\u00eda Nacional de la Trabajadora y del Trabajador del Transporte P\u00fablico, instituido este a\u00f1o por ley | Mobilitas","isPartOf":{"@id":"https:\/\/mobilitas.lat\/es\/#website"},"primaryImageOfPage":{"@id":"https:\/\/mobilitas.lat\/es\/2021\/07\/05\/conmemorado-por-primera-vez-en-chile-el-dia-nacional-de-la-trabajadora-y-del-trabajador-del-transporte-publico-instituido-este-ano-por-ley\/#primaryimage"},"image":{"@id":"https:\/\/mobilitas.lat\/es\/2021\/07\/05\/conmemorado-por-primera-vez-en-chile-el-dia-nacional-de-la-trabajadora-y-del-trabajador-del-transporte-publico-instituido-este-ano-por-ley\/#primaryimage"},"thumbnailUrl":"https:\/\/storage.mobilitas.lat\/uploads\/2021\/07\/MOBILITAS-ONIBUS-DE-FRENTE-MOTORISTA-APARECE-1.jpg","datePublished":"2021-07-05T18:54:14+00:00","dateModified":"2021-07-05T18:54:17+00:00","breadcrumb":{"@id":"https:\/\/mobilitas.lat\/es\/2021\/07\/05\/conmemorado-por-primera-vez-en-chile-el-dia-nacional-de-la-trabajadora-y-del-trabajador-del-transporte-publico-instituido-este-ano-por-ley\/#breadcrumb"},"inLanguage":"es-ES","potentialAction":[{"@type":"ReadAction","target":["https:\/\/mobilitas.lat\/es\/2021\/07\/05\/conmemorado-por-primera-vez-en-chile-el-dia-nacional-de-la-trabajadora-y-del-trabajador-del-transporte-publico-instituido-este-ano-por-ley\/"]}]},{"@type":"ImageObject","inLanguage":"es-ES","@id":"https:\/\/mobilitas.lat\/es\/2021\/07\/05\/conmemorado-por-primera-vez-en-chile-el-dia-nacional-de-la-trabajadora-y-del-trabajador-del-transporte-publico-instituido-este-ano-por-ley\/#primaryimage","url":"https:\/\/storage.mobilitas.lat\/uploads\/2021\/07\/MOBILITAS-ONIBUS-DE-FRENTE-MOTORISTA-APARECE-1.jpg","contentUrl":"https:\/\/storage.mobilitas.lat\/uploads\/2021\/07\/MOBILITAS-ONIBUS-DE-FRENTE-MOTORISTA-APARECE-1.jpg","width":490,"height":288},{"@type":"BreadcrumbList","@id":"https:\/\/mobilitas.lat\/es\/2021\/07\/05\/conmemorado-por-primera-vez-en-chile-el-dia-nacional-de-la-trabajadora-y-del-trabajador-del-transporte-publico-instituido-este-ano-por-ley\/#breadcrumb","itemListElement":[{"@type":"ListItem","position":1,"name":"In\u00edcio","item":"https:\/\/mobilitas.lat\/es\/"},{"@type":"ListItem","position":2,"name":"Conmemorado por primera vez en Chile el D\u00eda Nacional de la Trabajadora y del Trabajador del Transporte P\u00fablico, instituido este a\u00f1o por ley"}]},{"@type":"WebSite","@id":"https:\/\/mobilitas.lat\/es\/#website","url":"https:\/\/mobilitas.lat\/es\/","name":"Mobilitas","description":"Tecnologia e Mobilidade Urbana na Am\u00e9rica Latina","publisher":{"@id":"https:\/\/mobilitas.lat\/es\/#organization"},"potentialAction":[{"@type":"SearchAction","target":{"@type":"EntryPoint","urlTemplate":"https:\/\/mobilitas.lat\/es\/?s={search_term_string}"},"query-input":{"@type":"PropertyValueSpecification","valueRequired":true,"valueName":"search_term_string"}}],"inLanguage":"es-ES"},{"@type":"Organization","@id":"https:\/\/mobilitas.lat\/es\/#organization","name":"OTM Editora","url":"https:\/\/mobilitas.lat\/es\/","logo":{"@type":"ImageObject","inLanguage":"es-ES","@id":"https:\/\/mobilitas.lat\/es\/#\/schema\/logo\/image\/","url":"https:\/\/mobilitas.lat\/wp-content\/uploads\/2024\/03\/opengraph.png","contentUrl":"https:\/\/mobilitas.lat\/wp-content\/uploads\/2024\/03\/opengraph.png","width":1200,"height":630,"caption":"OTM Editora"},"image":{"@id":"https:\/\/mobilitas.lat\/es\/#\/schema\/logo\/image\/"}},{"@type":"Person","@id":"https:\/\/mobilitas.lat\/es\/#\/schema\/person\/cae0d01ccbe855d1858d146e4c4d582d","name":"Alexandre Asquini","image":{"@type":"ImageObject","inLanguage":"es-ES","@id":"https:\/\/mobilitas.lat\/es\/#\/schema\/person\/image\/","url":"https:\/\/secure.gravatar.com\/avatar\/aac99dbef1420f75cc7d86913eb8a7cdfbe13e2509ad7a45649a61414f6d2785?s=96&d=mm&r=g","contentUrl":"https:\/\/secure.gravatar.com\/avatar\/aac99dbef1420f75cc7d86913eb8a7cdfbe13e2509ad7a45649a61414f6d2785?s=96&d=mm&r=g","caption":"Alexandre Asquini"}}]}},"_links":{"self":[{"href":"https:\/\/mobilitas.lat\/es\/wp-json\/wp\/v2\/posts\/10915","targetHints":{"allow":["GET"]}}],"collection":[{"href":"https:\/\/mobilitas.lat\/es\/wp-json\/wp\/v2\/posts"}],"about":[{"href":"https:\/\/mobilitas.lat\/es\/wp-json\/wp\/v2\/types\/post"}],"author":[{"embeddable":true,"href":"https:\/\/mobilitas.lat\/es\/wp-json\/wp\/v2\/users\/2"}],"replies":[{"embeddable":true,"href":"https:\/\/mobilitas.lat\/es\/wp-json\/wp\/v2\/comments?post=10915"}],"version-history":[{"count":2,"href":"https:\/\/mobilitas.lat\/es\/wp-json\/wp\/v2\/posts\/10915\/revisions"}],"predecessor-version":[{"id":10917,"href":"https:\/\/mobilitas.lat\/es\/wp-json\/wp\/v2\/posts\/10915\/revisions\/10917"}],"wp:featuredmedia":[{"embeddable":true,"href":"https:\/\/mobilitas.lat\/es\/wp-json\/wp\/v2\/media\/10919"}],"wp:attachment":[{"href":"https:\/\/mobilitas.lat\/es\/wp-json\/wp\/v2\/media?parent=10915"}],"wp:term":[{"taxonomy":"category","embeddable":true,"href":"https:\/\/mobilitas.lat\/es\/wp-json\/wp\/v2\/categories?post=10915"},{"taxonomy":"post_tag","embeddable":true,"href":"https:\/\/mobilitas.lat\/es\/wp-json\/wp\/v2\/tags?post=10915"}],"curies":[{"name":"wp","href":"https:\/\/api.w.org\/{rel}","templated":true}]}}