{"id":10448,"date":"2021-04-22T23:00:51","date_gmt":"2021-04-23T02:00:51","guid":{"rendered":"https:\/\/mobilitas.lat\/?p=10448"},"modified":"2021-04-22T23:00:56","modified_gmt":"2021-04-23T02:00:56","slug":"en-portugues-el-anuario-de-autobuses-y-movilidad-urbana-2021-presenta-un-retrato-del-sector-del-transporte-publico-urbano-en-brasil-en-2020-y-sus-perspectivas-para-el-segundo-ano-de-la-pandemia","status":"publish","type":"post","link":"https:\/\/mobilitas.lat\/es\/2021\/04\/22\/en-portugues-el-anuario-de-autobuses-y-movilidad-urbana-2021-presenta-un-retrato-del-sector-del-transporte-publico-urbano-en-brasil-en-2020-y-sus-perspectivas-para-el-segundo-ano-de-la-pandemia\/","title":{"rendered":"En portugu\u00e9s, el Anuario de Autobuses y Movilidad Urbana 2021 presenta un retrato del sector del transporte p\u00fablico urbano en Brasil en 2020 y sus perspectivas para el segundo a\u00f1o de la pandemia."},"content":{"rendered":"\n<div class=\"wp-block-image is-style-default\"><figure class=\"alignleft size-large is-resized\"><img loading=\"lazy\" decoding=\"async\" src=\"https:\/\/storage.mobilitas.lat\/uploads\/2021\/04\/MOBIITAS-ANUARIO-DO-ONIBUS-E-DA-MOBIIDADE-URBANA-2021-INTEIRA-CAPA.jpg\" alt=\"\" class=\"wp-image-10444\" width=\"306\" height=\"409\" srcset=\"https:\/\/storage.mobilitas.lat\/uploads\/2021\/04\/MOBIITAS-ANUARIO-DO-ONIBUS-E-DA-MOBIIDADE-URBANA-2021-INTEIRA-CAPA.jpg 326w, https:\/\/storage.mobilitas.lat\/uploads\/2021\/04\/MOBIITAS-ANUARIO-DO-ONIBUS-E-DA-MOBIIDADE-URBANA-2021-INTEIRA-CAPA-224x300.jpg 224w\" sizes=\"auto, (max-width: 306px) 100vw, 306px\" \/><\/figure><\/div>\n\n\n\n<p>El recientemente lanzado <em>Anu\u00e1rio do \u00d4nibus e da Mobilidade Urbana 2021 (<\/em>Anuario de Buses y Movilidad Urbana 2021), en portugu\u00e9s, est\u00e1 disponible para consulta gratuita, con un retrato del sector transporte p\u00fablico urbano en Brasil en 2020 y sus perspectivas de cara a la pandemia que entra en su segundo a\u00f1o.<\/p>\n\n\n\n<p>Los datos sobre el transporte en autob\u00fas en las capitales regionales brasile\u00f1as en el a\u00f1o 2020 confirman una gran ca\u00edda de la demanda debido a la crisis sanitaria.<\/p>\n\n\n\n<p>La publicaci\u00f3n virtual es producida por Editora OTM, de Brasil, la misma que produce este sitio web period\u00edstico, <em>Mobilitas<\/em>.<\/p>\n\n\n\n<p><strong>LOS TEMAS DE ESTA EDICI\u00d3N<\/strong><\/p>\n\n\n\n<p>La nueva edici\u00f3n del <em>Anuario<\/em> muestra que los fabricantes de autobuses en Brasil creen que las dificultades persistir\u00e1n en 2021.<\/p>\n\n\n\n<p>Por su parte, la industria brasile\u00f1a de chasis espera un buen crecimiento este a\u00f1o y los bancos vinculados a los fabricantes de veh\u00edculos hablan de expansi\u00f3n en el financiamiento.<\/p>\n\n\n\n<p>Los operadores de ch\u00e1rter y turismo ven un escenario a\u00fan incierto y el segmento de la carretera, responsable de los viajes interurbanos, interestatales e internacionales, ha cultivado la inventiva y la tecnolog\u00eda contra la crisis.<\/p>\n\n\n\n<p>El Anuario revela que el transporte p\u00fablico en autob\u00fas, representado por la Asociaci\u00f3n Nacional de Empresas de Transporte en Autob\u00fas (NTU), y el segmento metro-ferroviario, representado por la Asociaci\u00f3n Nacional de Transportistas de Pasajeros sobre Ra\u00edles (ANPTrilhos) trabajan juntos para el apoyo financiero de emergencia, negado por gobierno en 2020, y en la construcci\u00f3n de un marco regulatorio para equilibrar el sector.<\/p>\n\n\n\n<p>En entrevista, el ingeniero y consultor internacional y vicepresidente de la entidad brasile\u00f1a Asociaci\u00f3n Nacional de Transporte P\u00fablico (ANTP), ingeniero Cl\u00e1udio de Senna Frederico, dice que el bus urbano realmente vive una tragedia en el pa\u00eds, pero garantiza que todav\u00eda hay perspectivas<\/p>\n\n\n\n<p>El ticketing online o en la nube est\u00e1 cada vez m\u00e1s presente en las ciudades brasile\u00f1as, con nuevas funcionalidades y posibilidades. Adem\u00e1s, la crisis acelera las tendencias que se han ido desarrollando en los \u00faltimos a\u00f1os, incluido el transporte bajo demanda, las aplicaciones para la movilidad y el transporte compartido.<\/p>\n\n\n\n<p><strong>FICHAS T\u00c9CNICAS<\/strong><\/p>\n\n\n\n<p>El <em>Anuario de Autobuses y Movilidad Urbana<\/em> 2021 incluye 73 p\u00e1ginas con fichas t\u00e9cnicas para todos los modelos de carrocer\u00edas, chasis y furgonetas fabricados en Brasil.<\/p>\n\n\n\n<p><strong><em><a href=\"https:\/\/acervodigitalotm.com.br\/magazines\/1215#1\" target=\"_blank\" rel=\"noreferrer noopener\">Accede a la publicaci\u00f3n en la Colecci\u00f3n Digital OTM Editora<\/a><\/em><\/strong><\/p>\n\n\n\n<p><strong><em><a href=\"https:\/\/mobilitas.lat\/es\/210421-leve-anuario-do-onibus-e-da-mobilidade-urbana-2021-pdf-integral-leve\/\" target=\"_blank\" rel=\"noreferrer noopener\">Si lo prefiere, descargue el archivo PDF<\/a><\/em><\/strong><\/p>\n","protected":false},"excerpt":{"rendered":"<p>El recientemente lanzado Anu\u00e1rio do \u00d4nibus e da Mobilidade Urbana 2021 (Anuario de Buses y Movilidad Urbana 2021), en portugu\u00e9s, est\u00e1 disponible para consulta gratuita, con un retrato del sector transporte p\u00fablico urbano en Brasil en 2020 y sus perspectivas de cara a la pandemia que entra en su segundo a\u00f1o. Los datos sobre el [&hellip;]<\/p>\n","protected":false},"author":2,"featured_media":10438,"comment_status":"closed","ping_status":"closed","sticky":false,"template":"","format":"standard","meta":{"footnotes":""},"categories":[287,306],"tags":[1446,759],"class_list":["post-10448","post","type-post","status-publish","format-standard","has-post-thumbnail","hentry","category-notas","category-publicaciones","tag-anuario-do-onibus-e-da-mobilidade-urbana","tag-otm-editora-es"],"yoast_head":"<!-- This site is optimized with the Yoast SEO plugin v26.9 - https:\/\/yoast.com\/product\/yoast-seo-wordpress\/ -->\n<title>En portugu\u00e9s, el Anuario de Autobuses y Movilidad Urbana 2021 presenta un retrato del sector del transporte p\u00fablico urbano en Brasil en 2020 y sus perspectivas para el segundo a\u00f1o de la pandemia. | Mobilitas<\/title>\n<meta name=\"robots\" content=\"index, follow, max-snippet:-1, max-image-preview:large, max-video-preview:-1\" \/>\n<link rel=\"canonical\" href=\"https:\/\/mobilitas.lat\/es\/2021\/04\/22\/en-portugues-el-anuario-de-autobuses-y-movilidad-urbana-2021-presenta-un-retrato-del-sector-del-transporte-publico-urbano-en-brasil-en-2020-y-sus-perspectivas-para-el-segundo-ano-de-la-pandemia\/\" \/>\n<meta property=\"og:locale\" content=\"es_ES\" \/>\n<meta property=\"og:type\" content=\"article\" \/>\n<meta property=\"og:title\" content=\"En portugu\u00e9s, el Anuario de Autobuses y Movilidad Urbana 2021 presenta un retrato del sector del transporte p\u00fablico urbano en Brasil en 2020 y sus perspectivas para el segundo a\u00f1o de la pandemia. | Mobilitas\" \/>\n<meta property=\"og:description\" content=\"El recientemente lanzado Anu\u00e1rio do \u00d4nibus e da Mobilidade Urbana 2021 (Anuario de Buses y Movilidad Urbana 2021), en portugu\u00e9s, est\u00e1 disponible para consulta gratuita, con un retrato del sector transporte p\u00fablico urbano en Brasil en 2020 y sus perspectivas de cara a la pandemia que entra en su segundo a\u00f1o. Los datos sobre el [&hellip;]\" \/>\n<meta property=\"og:url\" content=\"https:\/\/mobilitas.lat\/es\/2021\/04\/22\/en-portugues-el-anuario-de-autobuses-y-movilidad-urbana-2021-presenta-un-retrato-del-sector-del-transporte-publico-urbano-en-brasil-en-2020-y-sus-perspectivas-para-el-segundo-ano-de-la-pandemia\/\" \/>\n<meta property=\"og:site_name\" content=\"Mobilitas\" \/>\n<meta property=\"article:published_time\" content=\"2021-04-23T02:00:51+00:00\" \/>\n<meta property=\"article:modified_time\" content=\"2021-04-23T02:00:56+00:00\" \/>\n<meta property=\"og:image\" content=\"https:\/\/storage.mobilitas.lat\/uploads\/2021\/04\/MOBIITAS-ANUARIO-DO-ONIBUS-E-DA-MOBIIDADE-URBANA-2021.jpg\" \/>\n\t<meta property=\"og:image:width\" content=\"770\" \/>\n\t<meta property=\"og:image:height\" content=\"436\" \/>\n\t<meta property=\"og:image:type\" content=\"image\/jpeg\" \/>\n<meta name=\"author\" content=\"Alexandre Asquini\" \/>\n<meta name=\"twitter:card\" content=\"summary_large_image\" \/>\n<meta name=\"twitter:label1\" content=\"Written by\" \/>\n\t<meta name=\"twitter:data1\" content=\"Alexandre Asquini\" \/>\n\t<meta name=\"twitter:label2\" content=\"Est. reading time\" \/>\n\t<meta name=\"twitter:data2\" content=\"2 minutes\" \/>\n<script type=\"application\/ld+json\" class=\"yoast-schema-graph\">{\"@context\":\"https:\/\/schema.org\",\"@graph\":[{\"@type\":\"Article\",\"@id\":\"https:\/\/mobilitas.lat\/es\/2021\/04\/22\/en-portugues-el-anuario-de-autobuses-y-movilidad-urbana-2021-presenta-un-retrato-del-sector-del-transporte-publico-urbano-en-brasil-en-2020-y-sus-perspectivas-para-el-segundo-ano-de-la-pandemia\/#article\",\"isPartOf\":{\"@id\":\"https:\/\/mobilitas.lat\/es\/2021\/04\/22\/en-portugues-el-anuario-de-autobuses-y-movilidad-urbana-2021-presenta-un-retrato-del-sector-del-transporte-publico-urbano-en-brasil-en-2020-y-sus-perspectivas-para-el-segundo-ano-de-la-pandemia\/\"},\"author\":{\"name\":\"Alexandre Asquini\",\"@id\":\"https:\/\/mobilitas.lat\/es\/#\/schema\/person\/cae0d01ccbe855d1858d146e4c4d582d\"},\"headline\":\"En portugu\u00e9s, el Anuario de Autobuses y Movilidad Urbana 2021 presenta un retrato del sector del transporte p\u00fablico urbano en Brasil en 2020 y sus perspectivas para el segundo a\u00f1o de la pandemia.\",\"datePublished\":\"2021-04-23T02:00:51+00:00\",\"dateModified\":\"2021-04-23T02:00:56+00:00\",\"mainEntityOfPage\":{\"@id\":\"https:\/\/mobilitas.lat\/es\/2021\/04\/22\/en-portugues-el-anuario-de-autobuses-y-movilidad-urbana-2021-presenta-un-retrato-del-sector-del-transporte-publico-urbano-en-brasil-en-2020-y-sus-perspectivas-para-el-segundo-ano-de-la-pandemia\/\"},\"wordCount\":455,\"publisher\":{\"@id\":\"https:\/\/mobilitas.lat\/es\/#organization\"},\"image\":{\"@id\":\"https:\/\/mobilitas.lat\/es\/2021\/04\/22\/en-portugues-el-anuario-de-autobuses-y-movilidad-urbana-2021-presenta-un-retrato-del-sector-del-transporte-publico-urbano-en-brasil-en-2020-y-sus-perspectivas-para-el-segundo-ano-de-la-pandemia\/#primaryimage\"},\"thumbnailUrl\":\"https:\/\/storage.mobilitas.lat\/uploads\/2021\/04\/MOBIITAS-ANUARIO-DO-ONIBUS-E-DA-MOBIIDADE-URBANA-2021.jpg\",\"keywords\":[\"ANU\u00c1RIO DO \u00d4NIBUS E DA MOBILIDADE URBANA\",\"OTM Editora\"],\"articleSection\":[\"Notas\",\"Publicaciones\"],\"inLanguage\":\"es-ES\"},{\"@type\":\"WebPage\",\"@id\":\"https:\/\/mobilitas.lat\/es\/2021\/04\/22\/en-portugues-el-anuario-de-autobuses-y-movilidad-urbana-2021-presenta-un-retrato-del-sector-del-transporte-publico-urbano-en-brasil-en-2020-y-sus-perspectivas-para-el-segundo-ano-de-la-pandemia\/\",\"url\":\"https:\/\/mobilitas.lat\/es\/2021\/04\/22\/en-portugues-el-anuario-de-autobuses-y-movilidad-urbana-2021-presenta-un-retrato-del-sector-del-transporte-publico-urbano-en-brasil-en-2020-y-sus-perspectivas-para-el-segundo-ano-de-la-pandemia\/\",\"name\":\"En portugu\u00e9s, el Anuario de Autobuses y Movilidad Urbana 2021 presenta un retrato del sector del transporte p\u00fablico urbano en Brasil en 2020 y sus perspectivas para el segundo a\u00f1o de la pandemia. | Mobilitas\",\"isPartOf\":{\"@id\":\"https:\/\/mobilitas.lat\/es\/#website\"},\"primaryImageOfPage\":{\"@id\":\"https:\/\/mobilitas.lat\/es\/2021\/04\/22\/en-portugues-el-anuario-de-autobuses-y-movilidad-urbana-2021-presenta-un-retrato-del-sector-del-transporte-publico-urbano-en-brasil-en-2020-y-sus-perspectivas-para-el-segundo-ano-de-la-pandemia\/#primaryimage\"},\"image\":{\"@id\":\"https:\/\/mobilitas.lat\/es\/2021\/04\/22\/en-portugues-el-anuario-de-autobuses-y-movilidad-urbana-2021-presenta-un-retrato-del-sector-del-transporte-publico-urbano-en-brasil-en-2020-y-sus-perspectivas-para-el-segundo-ano-de-la-pandemia\/#primaryimage\"},\"thumbnailUrl\":\"https:\/\/storage.mobilitas.lat\/uploads\/2021\/04\/MOBIITAS-ANUARIO-DO-ONIBUS-E-DA-MOBIIDADE-URBANA-2021.jpg\",\"datePublished\":\"2021-04-23T02:00:51+00:00\",\"dateModified\":\"2021-04-23T02:00:56+00:00\",\"breadcrumb\":{\"@id\":\"https:\/\/mobilitas.lat\/es\/2021\/04\/22\/en-portugues-el-anuario-de-autobuses-y-movilidad-urbana-2021-presenta-un-retrato-del-sector-del-transporte-publico-urbano-en-brasil-en-2020-y-sus-perspectivas-para-el-segundo-ano-de-la-pandemia\/#breadcrumb\"},\"inLanguage\":\"es-ES\",\"potentialAction\":[{\"@type\":\"ReadAction\",\"target\":[\"https:\/\/mobilitas.lat\/es\/2021\/04\/22\/en-portugues-el-anuario-de-autobuses-y-movilidad-urbana-2021-presenta-un-retrato-del-sector-del-transporte-publico-urbano-en-brasil-en-2020-y-sus-perspectivas-para-el-segundo-ano-de-la-pandemia\/\"]}]},{\"@type\":\"ImageObject\",\"inLanguage\":\"es-ES\",\"@id\":\"https:\/\/mobilitas.lat\/es\/2021\/04\/22\/en-portugues-el-anuario-de-autobuses-y-movilidad-urbana-2021-presenta-un-retrato-del-sector-del-transporte-publico-urbano-en-brasil-en-2020-y-sus-perspectivas-para-el-segundo-ano-de-la-pandemia\/#primaryimage\",\"url\":\"https:\/\/storage.mobilitas.lat\/uploads\/2021\/04\/MOBIITAS-ANUARIO-DO-ONIBUS-E-DA-MOBIIDADE-URBANA-2021.jpg\",\"contentUrl\":\"https:\/\/storage.mobilitas.lat\/uploads\/2021\/04\/MOBIITAS-ANUARIO-DO-ONIBUS-E-DA-MOBIIDADE-URBANA-2021.jpg\",\"width\":770,\"height\":436},{\"@type\":\"BreadcrumbList\",\"@id\":\"https:\/\/mobilitas.lat\/es\/2021\/04\/22\/en-portugues-el-anuario-de-autobuses-y-movilidad-urbana-2021-presenta-un-retrato-del-sector-del-transporte-publico-urbano-en-brasil-en-2020-y-sus-perspectivas-para-el-segundo-ano-de-la-pandemia\/#breadcrumb\",\"itemListElement\":[{\"@type\":\"ListItem\",\"position\":1,\"name\":\"In\u00edcio\",\"item\":\"https:\/\/mobilitas.lat\/es\/\"},{\"@type\":\"ListItem\",\"position\":2,\"name\":\"En portugu\u00e9s, el Anuario de Autobuses y Movilidad Urbana 2021 presenta un retrato del sector del transporte p\u00fablico urbano en Brasil en 2020 y sus perspectivas para el segundo a\u00f1o de la pandemia.\"}]},{\"@type\":\"WebSite\",\"@id\":\"https:\/\/mobilitas.lat\/es\/#website\",\"url\":\"https:\/\/mobilitas.lat\/es\/\",\"name\":\"Mobilitas\",\"description\":\"Tecnologia e Mobilidade Urbana na Am\u00e9rica Latina\",\"publisher\":{\"@id\":\"https:\/\/mobilitas.lat\/es\/#organization\"},\"potentialAction\":[{\"@type\":\"SearchAction\",\"target\":{\"@type\":\"EntryPoint\",\"urlTemplate\":\"https:\/\/mobilitas.lat\/es\/?s={search_term_string}\"},\"query-input\":{\"@type\":\"PropertyValueSpecification\",\"valueRequired\":true,\"valueName\":\"search_term_string\"}}],\"inLanguage\":\"es-ES\"},{\"@type\":\"Organization\",\"@id\":\"https:\/\/mobilitas.lat\/es\/#organization\",\"name\":\"OTM Editora\",\"url\":\"https:\/\/mobilitas.lat\/es\/\",\"logo\":{\"@type\":\"ImageObject\",\"inLanguage\":\"es-ES\",\"@id\":\"https:\/\/mobilitas.lat\/es\/#\/schema\/logo\/image\/\",\"url\":\"https:\/\/mobilitas.lat\/wp-content\/uploads\/2024\/03\/opengraph.png\",\"contentUrl\":\"https:\/\/mobilitas.lat\/wp-content\/uploads\/2024\/03\/opengraph.png\",\"width\":1200,\"height\":630,\"caption\":\"OTM Editora\"},\"image\":{\"@id\":\"https:\/\/mobilitas.lat\/es\/#\/schema\/logo\/image\/\"}},{\"@type\":\"Person\",\"@id\":\"https:\/\/mobilitas.lat\/es\/#\/schema\/person\/cae0d01ccbe855d1858d146e4c4d582d\",\"name\":\"Alexandre Asquini\",\"image\":{\"@type\":\"ImageObject\",\"inLanguage\":\"es-ES\",\"@id\":\"https:\/\/mobilitas.lat\/es\/#\/schema\/person\/image\/\",\"url\":\"https:\/\/secure.gravatar.com\/avatar\/aac99dbef1420f75cc7d86913eb8a7cdfbe13e2509ad7a45649a61414f6d2785?s=96&d=mm&r=g\",\"contentUrl\":\"https:\/\/secure.gravatar.com\/avatar\/aac99dbef1420f75cc7d86913eb8a7cdfbe13e2509ad7a45649a61414f6d2785?s=96&d=mm&r=g\",\"caption\":\"Alexandre Asquini\"}}]}<\/script>\n<!-- \/ Yoast SEO plugin. -->","yoast_head_json":{"title":"En portugu\u00e9s, el Anuario de Autobuses y Movilidad Urbana 2021 presenta un retrato del sector del transporte p\u00fablico urbano en Brasil en 2020 y sus perspectivas para el segundo a\u00f1o de la pandemia. | Mobilitas","robots":{"index":"index","follow":"follow","max-snippet":"max-snippet:-1","max-image-preview":"max-image-preview:large","max-video-preview":"max-video-preview:-1"},"canonical":"https:\/\/mobilitas.lat\/es\/2021\/04\/22\/en-portugues-el-anuario-de-autobuses-y-movilidad-urbana-2021-presenta-un-retrato-del-sector-del-transporte-publico-urbano-en-brasil-en-2020-y-sus-perspectivas-para-el-segundo-ano-de-la-pandemia\/","og_locale":"es_ES","og_type":"article","og_title":"En portugu\u00e9s, el Anuario de Autobuses y Movilidad Urbana 2021 presenta un retrato del sector del transporte p\u00fablico urbano en Brasil en 2020 y sus perspectivas para el segundo a\u00f1o de la pandemia. | Mobilitas","og_description":"El recientemente lanzado Anu\u00e1rio do \u00d4nibus e da Mobilidade Urbana 2021 (Anuario de Buses y Movilidad Urbana 2021), en portugu\u00e9s, est\u00e1 disponible para consulta gratuita, con un retrato del sector transporte p\u00fablico urbano en Brasil en 2020 y sus perspectivas de cara a la pandemia que entra en su segundo a\u00f1o. Los datos sobre el [&hellip;]","og_url":"https:\/\/mobilitas.lat\/es\/2021\/04\/22\/en-portugues-el-anuario-de-autobuses-y-movilidad-urbana-2021-presenta-un-retrato-del-sector-del-transporte-publico-urbano-en-brasil-en-2020-y-sus-perspectivas-para-el-segundo-ano-de-la-pandemia\/","og_site_name":"Mobilitas","article_published_time":"2021-04-23T02:00:51+00:00","article_modified_time":"2021-04-23T02:00:56+00:00","og_image":[{"width":770,"height":436,"url":"https:\/\/storage.mobilitas.lat\/uploads\/2021\/04\/MOBIITAS-ANUARIO-DO-ONIBUS-E-DA-MOBIIDADE-URBANA-2021.jpg","type":"image\/jpeg"}],"author":"Alexandre Asquini","twitter_card":"summary_large_image","twitter_misc":{"Written by":"Alexandre Asquini","Est. reading time":"2 minutes"},"schema":{"@context":"https:\/\/schema.org","@graph":[{"@type":"Article","@id":"https:\/\/mobilitas.lat\/es\/2021\/04\/22\/en-portugues-el-anuario-de-autobuses-y-movilidad-urbana-2021-presenta-un-retrato-del-sector-del-transporte-publico-urbano-en-brasil-en-2020-y-sus-perspectivas-para-el-segundo-ano-de-la-pandemia\/#article","isPartOf":{"@id":"https:\/\/mobilitas.lat\/es\/2021\/04\/22\/en-portugues-el-anuario-de-autobuses-y-movilidad-urbana-2021-presenta-un-retrato-del-sector-del-transporte-publico-urbano-en-brasil-en-2020-y-sus-perspectivas-para-el-segundo-ano-de-la-pandemia\/"},"author":{"name":"Alexandre Asquini","@id":"https:\/\/mobilitas.lat\/es\/#\/schema\/person\/cae0d01ccbe855d1858d146e4c4d582d"},"headline":"En portugu\u00e9s, el Anuario de Autobuses y Movilidad Urbana 2021 presenta un retrato del sector del transporte p\u00fablico urbano en Brasil en 2020 y sus perspectivas para el segundo a\u00f1o de la pandemia.","datePublished":"2021-04-23T02:00:51+00:00","dateModified":"2021-04-23T02:00:56+00:00","mainEntityOfPage":{"@id":"https:\/\/mobilitas.lat\/es\/2021\/04\/22\/en-portugues-el-anuario-de-autobuses-y-movilidad-urbana-2021-presenta-un-retrato-del-sector-del-transporte-publico-urbano-en-brasil-en-2020-y-sus-perspectivas-para-el-segundo-ano-de-la-pandemia\/"},"wordCount":455,"publisher":{"@id":"https:\/\/mobilitas.lat\/es\/#organization"},"image":{"@id":"https:\/\/mobilitas.lat\/es\/2021\/04\/22\/en-portugues-el-anuario-de-autobuses-y-movilidad-urbana-2021-presenta-un-retrato-del-sector-del-transporte-publico-urbano-en-brasil-en-2020-y-sus-perspectivas-para-el-segundo-ano-de-la-pandemia\/#primaryimage"},"thumbnailUrl":"https:\/\/storage.mobilitas.lat\/uploads\/2021\/04\/MOBIITAS-ANUARIO-DO-ONIBUS-E-DA-MOBIIDADE-URBANA-2021.jpg","keywords":["ANU\u00c1RIO DO \u00d4NIBUS E DA MOBILIDADE URBANA","OTM Editora"],"articleSection":["Notas","Publicaciones"],"inLanguage":"es-ES"},{"@type":"WebPage","@id":"https:\/\/mobilitas.lat\/es\/2021\/04\/22\/en-portugues-el-anuario-de-autobuses-y-movilidad-urbana-2021-presenta-un-retrato-del-sector-del-transporte-publico-urbano-en-brasil-en-2020-y-sus-perspectivas-para-el-segundo-ano-de-la-pandemia\/","url":"https:\/\/mobilitas.lat\/es\/2021\/04\/22\/en-portugues-el-anuario-de-autobuses-y-movilidad-urbana-2021-presenta-un-retrato-del-sector-del-transporte-publico-urbano-en-brasil-en-2020-y-sus-perspectivas-para-el-segundo-ano-de-la-pandemia\/","name":"En portugu\u00e9s, el Anuario de Autobuses y Movilidad Urbana 2021 presenta un retrato del sector del transporte p\u00fablico urbano en Brasil en 2020 y sus perspectivas para el segundo a\u00f1o de la pandemia. | Mobilitas","isPartOf":{"@id":"https:\/\/mobilitas.lat\/es\/#website"},"primaryImageOfPage":{"@id":"https:\/\/mobilitas.lat\/es\/2021\/04\/22\/en-portugues-el-anuario-de-autobuses-y-movilidad-urbana-2021-presenta-un-retrato-del-sector-del-transporte-publico-urbano-en-brasil-en-2020-y-sus-perspectivas-para-el-segundo-ano-de-la-pandemia\/#primaryimage"},"image":{"@id":"https:\/\/mobilitas.lat\/es\/2021\/04\/22\/en-portugues-el-anuario-de-autobuses-y-movilidad-urbana-2021-presenta-un-retrato-del-sector-del-transporte-publico-urbano-en-brasil-en-2020-y-sus-perspectivas-para-el-segundo-ano-de-la-pandemia\/#primaryimage"},"thumbnailUrl":"https:\/\/storage.mobilitas.lat\/uploads\/2021\/04\/MOBIITAS-ANUARIO-DO-ONIBUS-E-DA-MOBIIDADE-URBANA-2021.jpg","datePublished":"2021-04-23T02:00:51+00:00","dateModified":"2021-04-23T02:00:56+00:00","breadcrumb":{"@id":"https:\/\/mobilitas.lat\/es\/2021\/04\/22\/en-portugues-el-anuario-de-autobuses-y-movilidad-urbana-2021-presenta-un-retrato-del-sector-del-transporte-publico-urbano-en-brasil-en-2020-y-sus-perspectivas-para-el-segundo-ano-de-la-pandemia\/#breadcrumb"},"inLanguage":"es-ES","potentialAction":[{"@type":"ReadAction","target":["https:\/\/mobilitas.lat\/es\/2021\/04\/22\/en-portugues-el-anuario-de-autobuses-y-movilidad-urbana-2021-presenta-un-retrato-del-sector-del-transporte-publico-urbano-en-brasil-en-2020-y-sus-perspectivas-para-el-segundo-ano-de-la-pandemia\/"]}]},{"@type":"ImageObject","inLanguage":"es-ES","@id":"https:\/\/mobilitas.lat\/es\/2021\/04\/22\/en-portugues-el-anuario-de-autobuses-y-movilidad-urbana-2021-presenta-un-retrato-del-sector-del-transporte-publico-urbano-en-brasil-en-2020-y-sus-perspectivas-para-el-segundo-ano-de-la-pandemia\/#primaryimage","url":"https:\/\/storage.mobilitas.lat\/uploads\/2021\/04\/MOBIITAS-ANUARIO-DO-ONIBUS-E-DA-MOBIIDADE-URBANA-2021.jpg","contentUrl":"https:\/\/storage.mobilitas.lat\/uploads\/2021\/04\/MOBIITAS-ANUARIO-DO-ONIBUS-E-DA-MOBIIDADE-URBANA-2021.jpg","width":770,"height":436},{"@type":"BreadcrumbList","@id":"https:\/\/mobilitas.lat\/es\/2021\/04\/22\/en-portugues-el-anuario-de-autobuses-y-movilidad-urbana-2021-presenta-un-retrato-del-sector-del-transporte-publico-urbano-en-brasil-en-2020-y-sus-perspectivas-para-el-segundo-ano-de-la-pandemia\/#breadcrumb","itemListElement":[{"@type":"ListItem","position":1,"name":"In\u00edcio","item":"https:\/\/mobilitas.lat\/es\/"},{"@type":"ListItem","position":2,"name":"En portugu\u00e9s, el Anuario de Autobuses y Movilidad Urbana 2021 presenta un retrato del sector del transporte p\u00fablico urbano en Brasil en 2020 y sus perspectivas para el segundo a\u00f1o de la pandemia."}]},{"@type":"WebSite","@id":"https:\/\/mobilitas.lat\/es\/#website","url":"https:\/\/mobilitas.lat\/es\/","name":"Mobilitas","description":"Tecnologia e Mobilidade Urbana na Am\u00e9rica Latina","publisher":{"@id":"https:\/\/mobilitas.lat\/es\/#organization"},"potentialAction":[{"@type":"SearchAction","target":{"@type":"EntryPoint","urlTemplate":"https:\/\/mobilitas.lat\/es\/?s={search_term_string}"},"query-input":{"@type":"PropertyValueSpecification","valueRequired":true,"valueName":"search_term_string"}}],"inLanguage":"es-ES"},{"@type":"Organization","@id":"https:\/\/mobilitas.lat\/es\/#organization","name":"OTM Editora","url":"https:\/\/mobilitas.lat\/es\/","logo":{"@type":"ImageObject","inLanguage":"es-ES","@id":"https:\/\/mobilitas.lat\/es\/#\/schema\/logo\/image\/","url":"https:\/\/mobilitas.lat\/wp-content\/uploads\/2024\/03\/opengraph.png","contentUrl":"https:\/\/mobilitas.lat\/wp-content\/uploads\/2024\/03\/opengraph.png","width":1200,"height":630,"caption":"OTM Editora"},"image":{"@id":"https:\/\/mobilitas.lat\/es\/#\/schema\/logo\/image\/"}},{"@type":"Person","@id":"https:\/\/mobilitas.lat\/es\/#\/schema\/person\/cae0d01ccbe855d1858d146e4c4d582d","name":"Alexandre Asquini","image":{"@type":"ImageObject","inLanguage":"es-ES","@id":"https:\/\/mobilitas.lat\/es\/#\/schema\/person\/image\/","url":"https:\/\/secure.gravatar.com\/avatar\/aac99dbef1420f75cc7d86913eb8a7cdfbe13e2509ad7a45649a61414f6d2785?s=96&d=mm&r=g","contentUrl":"https:\/\/secure.gravatar.com\/avatar\/aac99dbef1420f75cc7d86913eb8a7cdfbe13e2509ad7a45649a61414f6d2785?s=96&d=mm&r=g","caption":"Alexandre Asquini"}}]}},"_links":{"self":[{"href":"https:\/\/mobilitas.lat\/es\/wp-json\/wp\/v2\/posts\/10448","targetHints":{"allow":["GET"]}}],"collection":[{"href":"https:\/\/mobilitas.lat\/es\/wp-json\/wp\/v2\/posts"}],"about":[{"href":"https:\/\/mobilitas.lat\/es\/wp-json\/wp\/v2\/types\/post"}],"author":[{"embeddable":true,"href":"https:\/\/mobilitas.lat\/es\/wp-json\/wp\/v2\/users\/2"}],"replies":[{"embeddable":true,"href":"https:\/\/mobilitas.lat\/es\/wp-json\/wp\/v2\/comments?post=10448"}],"version-history":[{"count":7,"href":"https:\/\/mobilitas.lat\/es\/wp-json\/wp\/v2\/posts\/10448\/revisions"}],"predecessor-version":[{"id":10457,"href":"https:\/\/mobilitas.lat\/es\/wp-json\/wp\/v2\/posts\/10448\/revisions\/10457"}],"wp:featuredmedia":[{"embeddable":true,"href":"https:\/\/mobilitas.lat\/es\/wp-json\/wp\/v2\/media\/10438"}],"wp:attachment":[{"href":"https:\/\/mobilitas.lat\/es\/wp-json\/wp\/v2\/media?parent=10448"}],"wp:term":[{"taxonomy":"category","embeddable":true,"href":"https:\/\/mobilitas.lat\/es\/wp-json\/wp\/v2\/categories?post=10448"},{"taxonomy":"post_tag","embeddable":true,"href":"https:\/\/mobilitas.lat\/es\/wp-json\/wp\/v2\/tags?post=10448"}],"curies":[{"name":"wp","href":"https:\/\/api.w.org\/{rel}","templated":true}]}}